{"id":15986,"date":"2019-01-23T16:47:32","date_gmt":"2019-01-23T15:47:32","guid":{"rendered":"https:\/\/www.mines-stetienne.fr\/panoramines\/?p=15986"},"modified":"2019-02-24T18:29:53","modified_gmt":"2019-02-24T17:29:53","slug":"projets-pedagogiques-collaboratifs-et-pluridisciplinaires","status":"publish","type":"post","link":"https:\/\/www.mines-stetienne.fr\/panoramines\/2019\/01\/23\/projets-pedagogiques-collaboratifs-et-pluridisciplinaires\/","title":{"rendered":"P\u00e9dagogies collaboratives et pluridisciplinaires"},"content":{"rendered":"<h5>Six \u00e9l\u00e8ves ICM participent au programme Aurasmus :\u00a0un contexte multiculturel et pluridisciplinaire <span class=\"text_exposed_show\">issu de quatre \u00e9coles st\u00e9phanoises.<\/span><br \/>\nM\u00e9diane, la rencontre annuelle des enseignants de l&rsquo;IMT sur les transformations p\u00e9dagogiques actuelles.<br \/>\nInnov&rsquo;actions, 4e \u00e9dition : une exp\u00e9rience d\u2019innovation collaborative pour les \u00e9l\u00e8ves ISMIN sur le th\u00e8me \u00ab Sant\u00e9 et bien-\u00eatre : un enjeu soci\u00e9tal \u00bb.<\/h5>\n<hr \/>\n<h5><span class=\"text_exposed_show\" style=\"color: #800080\">Cr\u00e9ation et design thinking : le projet Aurasmus<\/span><\/h5>\n<p><a href=\"https:\/\/www.agera.asso.fr\/actualites\/lancement-daurasmus\/\" target=\"_blank\" rel=\"noopener\"><span class=\"text_exposed_show\">Coordonn\u00e9 par l&rsquo;AGERA, <\/span>AURASMUS<\/a> a d\u00e9but\u00e9 le 17 janvier : il s&rsquo;agit d&rsquo;un projet d\u2019ouverture et de d\u00e9cloisonnement, dans un contexte multiculturel et pluridisciplinaire <span class=\"text_exposed_show\">issu de quatre \u00e9coles st\u00e9phanoises : emlyon business school, EN3S, \u00c9cole sup\u00e9rieure d&rsquo;art et design de Saint-\u00c9tienne et Mines Saint-\u00c9tienne.<br \/>\n<\/span><span class=\"text_exposed_show\"><strong>6 \u00e9l\u00e8ves ICM de 2e ann\u00e9e<\/strong> sont investis dans ce travail jusqu&rsquo;au 17 avril : il s&rsquo;inscrit dans une \u00e9quivalence des projets PRICE et sont tutor\u00e9s pour l&rsquo;\u00e9cole par <a href=\"mailto:michael.andre.emse.fr\">Micha\u00ebl Andr\u00e9,<\/a> responsable du p\u00f4le\u00a0 Ing\u00e9nierie p\u00e9dagogique<\/span><span class=\"text_exposed_show\">.<br \/>\nTrois \u00e9quipes pluridisciplinaires d\u2019\u00e9tudiants de ces quatre \u00e9coles travailleront sur des projets entreprise, faisant appel \u00e0 des comp\u00e9tences multiples en utilisant la m\u00e9thodologie du design thinking.<br \/>\n<a href=\"https:\/\/www.agera.asso.fr\/wp-content\/uploads\/2019\/01\/CP_Aurasmus_Lancement.pdf?fbclid=IwAR2eZi7NI1YsM3Ra0UdgOWs4Hap7sRFvNpxRsuhX6qbuKQJk1Vu_1YdjpM4\" target=\"_blank\" rel=\"noopener\">Pour en savoir plus<\/a> (accompagnement, probl\u00e9matiques clients&#8230;) : lire le <a href=\"https:\/\/www.agera.asso.fr\/wp-content\/uploads\/2019\/01\/CP_Aurasmus_Lancement.pdf?fbclid=IwAR2eZi7NI1YsM3Ra0UdgOWs4Hap7sRFvNpxRsuhX6qbuKQJk1Vu_1YdjpM4\" target=\"_blank\" rel=\"noopener\">communiqu\u00e9 de presse.<\/a><\/span><\/p>\n<hr \/>\n<h5><span style=\"color: #800080\">Participation de l&rsquo;\u00c9cole \u00e0 MEDIANE 2019, l&rsquo;\u00e9cole d&rsquo;hiver p\u00e9dagogique de l&rsquo;IMT<\/span><\/h5>\n<p>Huit enseignants-chercheurs participaient cette ann\u00e9e au rendez-vous annuel p\u00e9dagogique <a href=\"https:\/\/mediane.wp.imt.fr\/\" target=\"_blank\" rel=\"noopener\">MEDIANE (M\u00e9tier d\u2019Enseignant : D\u00e9veloppement, Innovation, Apprentissage, Num\u00e9rique, Enseignement),<\/a> du 22 au 25 janvier \u00e0 Annecy.<br \/>\nCette 5e \u00e9dition a r\u00e9uni 90 participants qui ont travaill\u00e9 cette ann\u00e9e au travers d\u2019ateliers p\u00e9dagogiques, de conf\u00e9rences et de retours d\u2019exp\u00e9rience, sur le th\u00e8me \u00ab\u00a0Sc\u00e9nariser pour d\u00e9velopper ses enseignements\u00a0\u00bb.<br \/>\n\u00e0 suivre aussi sur <a href=\"https:\/\/twitter.com\/LCube_StEtienne\" target=\"_blank\" rel=\"noopener\">LCube<\/a><br \/>\n<em>Le rendu de ces journ\u00e9es sera prochainement expos\u00e9 lors d&rsquo;un caf\u00e9 p\u00e9dagogique organis\u00e9 \u00e0 l&rsquo;\u00c9cole.<\/em><br \/>\nContact : <a href=\"&#109;&#x61;&#x69;l&#116;&#x6f;:&#107;&#x61;r&#105;&#x6e;e&#46;&#x72;&#x69;&#99;&#x68;&#x6f;u&#64;&#x65;m&#115;&#x65;&#46;&#102;&#x72;\">Karine Richou<\/a><\/p>\n<hr \/>\n<h5><span style=\"color: #800080\">Innov&rsquo;Actions 2919 : l&rsquo;exp\u00e9rience d\u2019innovation collaborative<\/span><\/h5>\n<p>Cette 4e \u00e9dition aura lieu du 11 au 13 f\u00e9vrier prochains sur le th\u00e8me <a href=\"https:\/\/www.mines-stetienne.fr\/panoramines\/wp-content\/uploads\/sites\/3\/2019\/01\/FlyerInnvactions.pdf\">\u00ab Sant\u00e9 et bien-\u00eatre : un enjeu soci\u00e9tal \u00bb<\/a>. Elle s\u2019adresse aux \u00e9l\u00e8ves ISMIN de 3e ann\u00e9e, 10 places sont ouvertes aux \u00e9tudiants du PEPITE PACA-Ouest (participation de l&rsquo;\u00e9cole au programme commun). Tous conduiront \u00ab\u00a0une r\u00e9flexion sur le sens et l&rsquo;usage de leurs propositions\u00a0\u00bb : \u00c9mergence des Id\u00e9es &amp; Inspiration &gt; \u00c9laboration du Prototype &gt; Restitution.<\/p>\n<p>Le jury en cours de finalisation sera pr\u00e9sid\u00e9 par <a href=\"https:\/\/www.supersonicimagine.fr\/SuperSonic-Imagine\/Fondateurs\"><strong>Claude Cohen-Bacrie<\/strong><\/a>, co-fondateur de <a href=\"https:\/\/www.supersonicimagine.fr\/\" target=\"_blank\" rel=\"noopener\">Supersonic imagine<\/a>, r\u00e9f\u00e9rence en mati\u00e8re \u00e9chographie.<br \/>\nLe parrain de la promotion, <strong>Fr\u00e9d\u00e9ric Pithoud<\/strong>, CEO de <a href=\"http:\/\/deveditag.editag.eu\/\" target=\"_blank\" rel=\"noopener\">EDITAG<\/a>,\u00a0 fabricant de syst\u00e8mes d\u2019objets connect\u00e9s \u00e0 usage professionnel, participera \u00e0 cette 4e \u00e9dition.<br \/>\n<a href=\"https:\/\/www.mines-stetienne.fr\/panoramines\/wp-content\/uploads\/sites\/3\/2019\/01\/FlyerInnvactions.pdf\" target=\"_blank\" rel=\"noopener\">En savoir + sur le programme des trois journ\u00e9es<\/a><br \/>\nVoir ou revoir <a href=\"https:\/\/www.mines-stetienne.fr\/panoramines\/2018\/03\/05\/les-eleves-ismin-ont-donne-du-sens-a-linnovation\/\">l&rsquo;\u00e9dition 2018<\/a><br \/>\nContacts : <a href=\"ma&#105;&#108;&#x74;&#x6f;&#x3a;&#x74;hi&#98;&#97;&#x75;&#x74;&#x2e;&#x6d;et&#97;&#105;&#108;&#x6c;&#x65;&#x72;&#x40;em&#115;&#101;&#x2e;&#x66;&#x72;\">Thibaut Metailler<\/a>, <a href=\"&#x6d;&#97;i&#x6c;&#x74;&#111;:&#x66;&#x69;&#111;c&#x63;&#104;i&#x40;&#x65;&#109;s&#x65;&#x2e;&#102;r\">Michel Fiocchi<\/a><\/p>\n<hr \/>\n<p>&nbsp;<\/p>\n","protected":false},"excerpt":{"rendered":"<p>Six \u00e9l\u00e8ves ICM participent au programme Aurasmus :\u00a0un contexte multiculturel et pluridisciplinaire issu de quatre \u00e9coles st\u00e9phanoises. M\u00e9diane, la rencontre annuelle des enseignants de l&rsquo;IMT sur les transformations p\u00e9dagogiques actuelles. Innov&rsquo;actions, 4e \u00e9dition : une exp\u00e9rience d\u2019innovation collaborative pour les &hellip;<\/p>\n","protected":false},"author":3,"featured_media":16052,"comment_status":"closed","ping_status":"open","sticky":false,"template":"","format":"standard","meta":{"_relevanssi_hide_post":"","_relevanssi_hide_content":"","_relevanssi_pin_for_all":"","_relevanssi_pin_keywords":"","_relevanssi_unpin_keywords":"","_relevanssi_related_keywords":"","_relevanssi_related_include_ids":"","_relevanssi_related_exclude_ids":"","_relevanssi_related_no_append":"","_relevanssi_related_not_related":"","_relevanssi_related_posts":"","_relevanssi_noindex_reason":"","footnotes":""},"categories":[6],"tags":[33,37,23,42],"class_list":["post-15986","post","type-post","status-publish","format-standard","has-post-thumbnail","hentry","category-formation","tag-entrepreneuriat","tag-icm","tag-innovation-pedagogique","tag-ismin"],"pp_statuses_selecting_workflow":false,"pp_workflow_action":"current","pp_status_selection":"publish","pp_force_visibility":null,"pp_subpost_visibility":null,"pp_inherited_force_visibility":null,"pp_inherited_subpost_visibility":null,"yoast_head":"<!-- This site is optimized with the Yoast SEO plugin v27.5 - https:\/\/yoast.com\/product\/yoast-seo-wordpress\/ -->\n<title>P\u00e9dagogies collaboratives et pluridisciplinaires - Panoramines<\/title>\n<meta name=\"robots\" content=\"index, follow, max-snippet:-1, max-image-preview:large, max-video-preview:-1\" \/>\n<link rel=\"canonical\" href=\"https:\/\/www.mines-stetienne.fr\/panoramines\/2019\/01\/23\/projets-pedagogiques-collaboratifs-et-pluridisciplinaires\/\" \/>\n<meta property=\"og:locale\" content=\"fr_FR\" \/>\n<meta property=\"og:type\" content=\"article\" \/>\n<meta property=\"og:title\" content=\"P\u00e9dagogies collaboratives et pluridisciplinaires - Panoramines\" \/>\n<meta property=\"og:description\" content=\"Six \u00e9l\u00e8ves ICM participent au programme Aurasmus :\u00a0un contexte multiculturel et pluridisciplinaire issu de quatre \u00e9coles st\u00e9phanoises. M\u00e9diane, la rencontre annuelle des enseignants de l&rsquo;IMT sur les transformations p\u00e9dagogiques actuelles. Innov&rsquo;actions, 4e \u00e9dition : une exp\u00e9rience d\u2019innovation collaborative pour les &hellip;\" \/>\n<meta property=\"og:url\" content=\"https:\/\/www.mines-stetienne.fr\/panoramines\/2019\/01\/23\/projets-pedagogiques-collaboratifs-et-pluridisciplinaires\/\" \/>\n<meta property=\"og:site_name\" content=\"Panoramines\" \/>\n<meta property=\"article:published_time\" content=\"2019-01-23T15:47:32+00:00\" \/>\n<meta property=\"article:modified_time\" content=\"2019-02-24T17:29:53+00:00\" \/>\n<meta property=\"og:image\" content=\"https:\/\/www.mines-stetienne.fr\/panoramines\/wp-content\/uploads\/sites\/3\/2019\/01\/UnePedagogie.jpg\" \/>\n\t<meta property=\"og:image:width\" content=\"700\" \/>\n\t<meta property=\"og:image:height\" content=\"275\" \/>\n\t<meta property=\"og:image:type\" content=\"image\/jpeg\" \/>\n<meta name=\"author\" content=\"Nathalie\" \/>\n<meta name=\"twitter:card\" content=\"summary_large_image\" \/>\n<meta name=\"twitter:label1\" content=\"\u00c9crit par\" \/>\n\t<meta name=\"twitter:data1\" content=\" Nathalie\" \/>\n\t<meta name=\"twitter:label2\" content=\"Dur\u00e9e de lecture estim\u00e9e\" \/>\n\t<meta name=\"twitter:data2\" content=\"2 minutes\" \/>\n<script type=\"application\/ld+json\" class=\"yoast-schema-graph\">{\"@context\":\"https:\\\/\\\/schema.org\",\"@graph\":[{\"@type\":\"Article\",\"@id\":\"https:\\\/\\\/www.mines-stetienne.fr\\\/panoramines\\\/2019\\\/01\\\/23\\\/projets-pedagogiques-collaboratifs-et-pluridisciplinaires\\\/#article\",\"isPartOf\":{\"@id\":\"https:\\\/\\\/www.mines-stetienne.fr\\\/panoramines\\\/2019\\\/01\\\/23\\\/projets-pedagogiques-collaboratifs-et-pluridisciplinaires\\\/\"},\"author\":{\"name\":\"Nathalie\",\"@id\":\"https:\\\/\\\/www.mines-stetienne.fr\\\/panoramines\\\/#\\\/schema\\\/person\\\/95e752e6dedac604ce4535123e0f8df7\"},\"headline\":\"P\u00e9dagogies collaboratives et pluridisciplinaires\",\"datePublished\":\"2019-01-23T15:47:32+00:00\",\"dateModified\":\"2019-02-24T17:29:53+00:00\",\"mainEntityOfPage\":{\"@id\":\"https:\\\/\\\/www.mines-stetienne.fr\\\/panoramines\\\/2019\\\/01\\\/23\\\/projets-pedagogiques-collaboratifs-et-pluridisciplinaires\\\/\"},\"wordCount\":454,\"image\":{\"@id\":\"https:\\\/\\\/www.mines-stetienne.fr\\\/panoramines\\\/2019\\\/01\\\/23\\\/projets-pedagogiques-collaboratifs-et-pluridisciplinaires\\\/#primaryimage\"},\"thumbnailUrl\":\"https:\\\/\\\/www.mines-stetienne.fr\\\/panoramines\\\/wp-content\\\/uploads\\\/sites\\\/3\\\/2019\\\/01\\\/UnePedagogie.jpg\",\"keywords\":[\"Entrepreneuriat\",\"ICM\",\"Innovation p\u00e9dagogique\",\"ISMIN\"],\"articleSection\":[\"Formation\"],\"inLanguage\":\"fr-FR\"},{\"@type\":\"WebPage\",\"@id\":\"https:\\\/\\\/www.mines-stetienne.fr\\\/panoramines\\\/2019\\\/01\\\/23\\\/projets-pedagogiques-collaboratifs-et-pluridisciplinaires\\\/\",\"url\":\"https:\\\/\\\/www.mines-stetienne.fr\\\/panoramines\\\/2019\\\/01\\\/23\\\/projets-pedagogiques-collaboratifs-et-pluridisciplinaires\\\/\",\"name\":\"P\u00e9dagogies collaboratives et pluridisciplinaires - Panoramines\",\"isPartOf\":{\"@id\":\"https:\\\/\\\/www.mines-stetienne.fr\\\/panoramines\\\/#website\"},\"primaryImageOfPage\":{\"@id\":\"https:\\\/\\\/www.mines-stetienne.fr\\\/panoramines\\\/2019\\\/01\\\/23\\\/projets-pedagogiques-collaboratifs-et-pluridisciplinaires\\\/#primaryimage\"},\"image\":{\"@id\":\"https:\\\/\\\/www.mines-stetienne.fr\\\/panoramines\\\/2019\\\/01\\\/23\\\/projets-pedagogiques-collaboratifs-et-pluridisciplinaires\\\/#primaryimage\"},\"thumbnailUrl\":\"https:\\\/\\\/www.mines-stetienne.fr\\\/panoramines\\\/wp-content\\\/uploads\\\/sites\\\/3\\\/2019\\\/01\\\/UnePedagogie.jpg\",\"datePublished\":\"2019-01-23T15:47:32+00:00\",\"dateModified\":\"2019-02-24T17:29:53+00:00\",\"author\":{\"@id\":\"https:\\\/\\\/www.mines-stetienne.fr\\\/panoramines\\\/#\\\/schema\\\/person\\\/95e752e6dedac604ce4535123e0f8df7\"},\"breadcrumb\":{\"@id\":\"https:\\\/\\\/www.mines-stetienne.fr\\\/panoramines\\\/2019\\\/01\\\/23\\\/projets-pedagogiques-collaboratifs-et-pluridisciplinaires\\\/#breadcrumb\"},\"inLanguage\":\"fr-FR\",\"potentialAction\":[{\"@type\":\"ReadAction\",\"target\":[\"https:\\\/\\\/www.mines-stetienne.fr\\\/panoramines\\\/2019\\\/01\\\/23\\\/projets-pedagogiques-collaboratifs-et-pluridisciplinaires\\\/\"]}]},{\"@type\":\"ImageObject\",\"inLanguage\":\"fr-FR\",\"@id\":\"https:\\\/\\\/www.mines-stetienne.fr\\\/panoramines\\\/2019\\\/01\\\/23\\\/projets-pedagogiques-collaboratifs-et-pluridisciplinaires\\\/#primaryimage\",\"url\":\"https:\\\/\\\/www.mines-stetienne.fr\\\/panoramines\\\/wp-content\\\/uploads\\\/sites\\\/3\\\/2019\\\/01\\\/UnePedagogie.jpg\",\"contentUrl\":\"https:\\\/\\\/www.mines-stetienne.fr\\\/panoramines\\\/wp-content\\\/uploads\\\/sites\\\/3\\\/2019\\\/01\\\/UnePedagogie.jpg\",\"width\":700,\"height\":275},{\"@type\":\"BreadcrumbList\",\"@id\":\"https:\\\/\\\/www.mines-stetienne.fr\\\/panoramines\\\/2019\\\/01\\\/23\\\/projets-pedagogiques-collaboratifs-et-pluridisciplinaires\\\/#breadcrumb\",\"itemListElement\":[{\"@type\":\"ListItem\",\"position\":1,\"name\":\"Accueil\",\"item\":\"https:\\\/\\\/www.mines-stetienne.fr\\\/panoramines\\\/\"},{\"@type\":\"ListItem\",\"position\":2,\"name\":\"P\u00e9dagogies collaboratives et pluridisciplinaires\"}]},{\"@type\":\"WebSite\",\"@id\":\"https:\\\/\\\/www.mines-stetienne.fr\\\/panoramines\\\/#website\",\"url\":\"https:\\\/\\\/www.mines-stetienne.fr\\\/panoramines\\\/\",\"name\":\"Panoramines\",\"description\":\"Panoramines, l\u2019actualit\u00e9 de MINES Saint-\u00c9tienne\",\"potentialAction\":[{\"@type\":\"SearchAction\",\"target\":{\"@type\":\"EntryPoint\",\"urlTemplate\":\"https:\\\/\\\/www.mines-stetienne.fr\\\/panoramines\\\/?s={search_term_string}\"},\"query-input\":{\"@type\":\"PropertyValueSpecification\",\"valueRequired\":true,\"valueName\":\"search_term_string\"}}],\"inLanguage\":\"fr-FR\"},{\"@type\":\"Person\",\"@id\":\"https:\\\/\\\/www.mines-stetienne.fr\\\/panoramines\\\/#\\\/schema\\\/person\\\/95e752e6dedac604ce4535123e0f8df7\",\"name\":\"Nathalie\",\"image\":{\"@type\":\"ImageObject\",\"inLanguage\":\"fr-FR\",\"@id\":\"https:\\\/\\\/www.mines-stetienne.fr\\\/panoramines\\\/wp-content\\\/uploads\\\/sites\\\/3\\\/2021\\\/07\\\/logo-75x75-1.png\",\"url\":\"https:\\\/\\\/www.mines-stetienne.fr\\\/panoramines\\\/wp-content\\\/uploads\\\/sites\\\/3\\\/2021\\\/07\\\/logo-75x75-1.png\",\"contentUrl\":\"https:\\\/\\\/www.mines-stetienne.fr\\\/panoramines\\\/wp-content\\\/uploads\\\/sites\\\/3\\\/2021\\\/07\\\/logo-75x75-1.png\",\"caption\":\"Nathalie\"},\"url\":\"https:\\\/\\\/www.mines-stetienne.fr\\\/panoramines\\\/author\\\/nathalie\\\/\"}]}<\/script>\n<!-- \/ Yoast SEO plugin. -->","yoast_head_json":{"title":"P\u00e9dagogies collaboratives et pluridisciplinaires - Panoramines","robots":{"index":"index","follow":"follow","max-snippet":"max-snippet:-1","max-image-preview":"max-image-preview:large","max-video-preview":"max-video-preview:-1"},"canonical":"https:\/\/www.mines-stetienne.fr\/panoramines\/2019\/01\/23\/projets-pedagogiques-collaboratifs-et-pluridisciplinaires\/","og_locale":"fr_FR","og_type":"article","og_title":"P\u00e9dagogies collaboratives et pluridisciplinaires - Panoramines","og_description":"Six \u00e9l\u00e8ves ICM participent au programme Aurasmus :\u00a0un contexte multiculturel et pluridisciplinaire issu de quatre \u00e9coles st\u00e9phanoises. M\u00e9diane, la rencontre annuelle des enseignants de l&rsquo;IMT sur les transformations p\u00e9dagogiques actuelles. Innov&rsquo;actions, 4e \u00e9dition : une exp\u00e9rience d\u2019innovation collaborative pour les &hellip;","og_url":"https:\/\/www.mines-stetienne.fr\/panoramines\/2019\/01\/23\/projets-pedagogiques-collaboratifs-et-pluridisciplinaires\/","og_site_name":"Panoramines","article_published_time":"2019-01-23T15:47:32+00:00","article_modified_time":"2019-02-24T17:29:53+00:00","og_image":[{"width":700,"height":275,"url":"https:\/\/www.mines-stetienne.fr\/panoramines\/wp-content\/uploads\/sites\/3\/2019\/01\/UnePedagogie.jpg","type":"image\/jpeg"}],"author":"Nathalie","twitter_card":"summary_large_image","twitter_misc":{"\u00c9crit par":" Nathalie","Dur\u00e9e de lecture estim\u00e9e":"2 minutes"},"schema":{"@context":"https:\/\/schema.org","@graph":[{"@type":"Article","@id":"https:\/\/www.mines-stetienne.fr\/panoramines\/2019\/01\/23\/projets-pedagogiques-collaboratifs-et-pluridisciplinaires\/#article","isPartOf":{"@id":"https:\/\/www.mines-stetienne.fr\/panoramines\/2019\/01\/23\/projets-pedagogiques-collaboratifs-et-pluridisciplinaires\/"},"author":{"name":"Nathalie","@id":"https:\/\/www.mines-stetienne.fr\/panoramines\/#\/schema\/person\/95e752e6dedac604ce4535123e0f8df7"},"headline":"P\u00e9dagogies collaboratives et pluridisciplinaires","datePublished":"2019-01-23T15:47:32+00:00","dateModified":"2019-02-24T17:29:53+00:00","mainEntityOfPage":{"@id":"https:\/\/www.mines-stetienne.fr\/panoramines\/2019\/01\/23\/projets-pedagogiques-collaboratifs-et-pluridisciplinaires\/"},"wordCount":454,"image":{"@id":"https:\/\/www.mines-stetienne.fr\/panoramines\/2019\/01\/23\/projets-pedagogiques-collaboratifs-et-pluridisciplinaires\/#primaryimage"},"thumbnailUrl":"https:\/\/www.mines-stetienne.fr\/panoramines\/wp-content\/uploads\/sites\/3\/2019\/01\/UnePedagogie.jpg","keywords":["Entrepreneuriat","ICM","Innovation p\u00e9dagogique","ISMIN"],"articleSection":["Formation"],"inLanguage":"fr-FR"},{"@type":"WebPage","@id":"https:\/\/www.mines-stetienne.fr\/panoramines\/2019\/01\/23\/projets-pedagogiques-collaboratifs-et-pluridisciplinaires\/","url":"https:\/\/www.mines-stetienne.fr\/panoramines\/2019\/01\/23\/projets-pedagogiques-collaboratifs-et-pluridisciplinaires\/","name":"P\u00e9dagogies collaboratives et pluridisciplinaires - Panoramines","isPartOf":{"@id":"https:\/\/www.mines-stetienne.fr\/panoramines\/#website"},"primaryImageOfPage":{"@id":"https:\/\/www.mines-stetienne.fr\/panoramines\/2019\/01\/23\/projets-pedagogiques-collaboratifs-et-pluridisciplinaires\/#primaryimage"},"image":{"@id":"https:\/\/www.mines-stetienne.fr\/panoramines\/2019\/01\/23\/projets-pedagogiques-collaboratifs-et-pluridisciplinaires\/#primaryimage"},"thumbnailUrl":"https:\/\/www.mines-stetienne.fr\/panoramines\/wp-content\/uploads\/sites\/3\/2019\/01\/UnePedagogie.jpg","datePublished":"2019-01-23T15:47:32+00:00","dateModified":"2019-02-24T17:29:53+00:00","author":{"@id":"https:\/\/www.mines-stetienne.fr\/panoramines\/#\/schema\/person\/95e752e6dedac604ce4535123e0f8df7"},"breadcrumb":{"@id":"https:\/\/www.mines-stetienne.fr\/panoramines\/2019\/01\/23\/projets-pedagogiques-collaboratifs-et-pluridisciplinaires\/#breadcrumb"},"inLanguage":"fr-FR","potentialAction":[{"@type":"ReadAction","target":["https:\/\/www.mines-stetienne.fr\/panoramines\/2019\/01\/23\/projets-pedagogiques-collaboratifs-et-pluridisciplinaires\/"]}]},{"@type":"ImageObject","inLanguage":"fr-FR","@id":"https:\/\/www.mines-stetienne.fr\/panoramines\/2019\/01\/23\/projets-pedagogiques-collaboratifs-et-pluridisciplinaires\/#primaryimage","url":"https:\/\/www.mines-stetienne.fr\/panoramines\/wp-content\/uploads\/sites\/3\/2019\/01\/UnePedagogie.jpg","contentUrl":"https:\/\/www.mines-stetienne.fr\/panoramines\/wp-content\/uploads\/sites\/3\/2019\/01\/UnePedagogie.jpg","width":700,"height":275},{"@type":"BreadcrumbList","@id":"https:\/\/www.mines-stetienne.fr\/panoramines\/2019\/01\/23\/projets-pedagogiques-collaboratifs-et-pluridisciplinaires\/#breadcrumb","itemListElement":[{"@type":"ListItem","position":1,"name":"Accueil","item":"https:\/\/www.mines-stetienne.fr\/panoramines\/"},{"@type":"ListItem","position":2,"name":"P\u00e9dagogies collaboratives et pluridisciplinaires"}]},{"@type":"WebSite","@id":"https:\/\/www.mines-stetienne.fr\/panoramines\/#website","url":"https:\/\/www.mines-stetienne.fr\/panoramines\/","name":"Panoramines","description":"Panoramines, l\u2019actualit\u00e9 de MINES Saint-\u00c9tienne","potentialAction":[{"@type":"SearchAction","target":{"@type":"EntryPoint","urlTemplate":"https:\/\/www.mines-stetienne.fr\/panoramines\/?s={search_term_string}"},"query-input":{"@type":"PropertyValueSpecification","valueRequired":true,"valueName":"search_term_string"}}],"inLanguage":"fr-FR"},{"@type":"Person","@id":"https:\/\/www.mines-stetienne.fr\/panoramines\/#\/schema\/person\/95e752e6dedac604ce4535123e0f8df7","name":"Nathalie","image":{"@type":"ImageObject","inLanguage":"fr-FR","@id":"https:\/\/www.mines-stetienne.fr\/panoramines\/wp-content\/uploads\/sites\/3\/2021\/07\/logo-75x75-1.png","url":"https:\/\/www.mines-stetienne.fr\/panoramines\/wp-content\/uploads\/sites\/3\/2021\/07\/logo-75x75-1.png","contentUrl":"https:\/\/www.mines-stetienne.fr\/panoramines\/wp-content\/uploads\/sites\/3\/2021\/07\/logo-75x75-1.png","caption":"Nathalie"},"url":"https:\/\/www.mines-stetienne.fr\/panoramines\/author\/nathalie\/"}]}},"_links":{"self":[{"href":"https:\/\/www.mines-stetienne.fr\/panoramines\/wp-json\/wp\/v2\/posts\/15986","targetHints":{"allow":["GET"]}}],"collection":[{"href":"https:\/\/www.mines-stetienne.fr\/panoramines\/wp-json\/wp\/v2\/posts"}],"about":[{"href":"https:\/\/www.mines-stetienne.fr\/panoramines\/wp-json\/wp\/v2\/types\/post"}],"author":[{"embeddable":true,"href":"https:\/\/www.mines-stetienne.fr\/panoramines\/wp-json\/wp\/v2\/users\/3"}],"replies":[{"embeddable":true,"href":"https:\/\/www.mines-stetienne.fr\/panoramines\/wp-json\/wp\/v2\/comments?post=15986"}],"version-history":[{"count":22,"href":"https:\/\/www.mines-stetienne.fr\/panoramines\/wp-json\/wp\/v2\/posts\/15986\/revisions"}],"predecessor-version":[{"id":16284,"href":"https:\/\/www.mines-stetienne.fr\/panoramines\/wp-json\/wp\/v2\/posts\/15986\/revisions\/16284"}],"wp:featuredmedia":[{"embeddable":true,"href":"https:\/\/www.mines-stetienne.fr\/panoramines\/wp-json\/wp\/v2\/media\/16052"}],"wp:attachment":[{"href":"https:\/\/www.mines-stetienne.fr\/panoramines\/wp-json\/wp\/v2\/media?parent=15986"}],"wp:term":[{"taxonomy":"category","embeddable":true,"href":"https:\/\/www.mines-stetienne.fr\/panoramines\/wp-json\/wp\/v2\/categories?post=15986"},{"taxonomy":"post_tag","embeddable":true,"href":"https:\/\/www.mines-stetienne.fr\/panoramines\/wp-json\/wp\/v2\/tags?post=15986"}],"curies":[{"name":"wp","href":"https:\/\/api.w.org\/{rel}","templated":true}]}}