{"id":15955,"date":"2019-01-21T17:04:05","date_gmt":"2019-01-21T16:04:05","guid":{"rendered":"https:\/\/www.mines-stetienne.fr\/panoramines\/?p=15955"},"modified":"2019-01-21T17:04:18","modified_gmt":"2019-01-21T16:04:18","slug":"ingenieurs-revolution-industrielle","status":"publish","type":"post","link":"https:\/\/www.mines-stetienne.fr\/panoramines\/2019\/01\/21\/ingenieurs-revolution-industrielle\/","title":{"rendered":"Nouvelle r\u00e9volution industrielle : quels d\u00e9fis pour les ing\u00e9nieurs ?"},"content":{"rendered":"<p><span style=\"font-weight: 400\">L\u2019industrie s\u2019appr\u00eate \u00e0 amorcer une v\u00e9ritable r\u00e9volution. L\u2019arriv\u00e9e des technologies num\u00e9riques de plus en plus \u00e9volutives red\u00e9finit le mode de fonctionnement m\u00eame de l\u2019usine, son mod\u00e8le \u00e9conomique, les relations entre les parties prenantes et am\u00e8ne \u00e0 revoir la mani\u00e8re de concevoir les produits. Internet des objets, impression 3D, intelligence artificielle et num\u00e9risation&#8230; Tout le processus industriel devient assist\u00e9 et r\u00e9gi gr\u00e2ce aux donn\u00e9es. Les Allemands parlent d\u00e9sormais de l\u2019usine et de l\u2019industrie 4.0, les Am\u00e9ricains du <em>smart manufacturing<\/em> et les Fran\u00e7ais parlent plut\u00f4t de <\/span><a href=\"https:\/\/www.mines-stetienne.fr\/panoramines\/2018\/10\/17\/implications-pour-lexcellence-industrielle-et-lindustrie-du-futur\/\" target=\"_blank\" rel=\"noopener\"><span style=\"font-weight: 400\">l\u2019industrie du futur<\/span><\/a><span style=\"font-weight: 400\">. Quel que soit le terme employ\u00e9, l\u2019id\u00e9e est la m\u00eame\u00a0: le secteur industriel est \u00e0 l\u2019aube d\u2019une r\u00e9volution majeure et les futurs ing\u00e9nieurs devront faire preuve d\u2019une grande ma\u00eetrise de la complexit\u00e9 et de l\u2019intelligence collective et \u00eatre dot\u00e9s d\u2019une extr\u00eame polyvalence.<\/span><\/p>\n<h2><b>L\u2019ing\u00e9nierie se renouvelle en permanence<\/b><\/h2>\n<p><span style=\"font-weight: 400\">Depuis le XVIII<\/span><span style=\"font-weight: 400\">e<\/span><span style=\"font-weight: 400\"> si\u00e8cle, les <\/span><a href=\"https:\/\/www.mines-stetienne.fr\/panoramines\/2017\/07\/10\/recherche-partenariale-innovation\/\" target=\"_blank\" rel=\"noopener\"><span style=\"font-weight: 400\">innovations<\/span><\/a><span style=\"font-weight: 400\"> successives ont boulevers\u00e9 le secteur industriel : au XVIII<\/span><span style=\"font-weight: 400\">e<\/span><span style=\"font-weight: 400\"> si\u00e8cle, la premi\u00e8re r\u00e9volution industrielle a \u00e9t\u00e9 marqu\u00e9e par l\u2019invention de la machine \u00e0 vapeur, au XIX<\/span><span style=\"font-weight: 400\">e<\/span><span style=\"font-weight: 400\">, la deuxi\u00e8me r\u00e9volution industrielle s\u2019est distingu\u00e9e par l\u2019utilisation de nouvelles sources d\u2019\u00e9nergie\u00a0(le p\u00e9trole et l\u2019\u00e9lectricit\u00e9) et la troisi\u00e8me r\u00e9volution industrielle par l\u2019informatique, la t\u00e9l\u00e9phonie et l\u2019internet des objets. Quant \u00e0 la quatri\u00e8me r\u00e9volution industrielle, elle red\u00e9finit, aujourd\u2019hui, via la r\u00e9alit\u00e9 augment\u00e9e, la <\/span><a href=\"https:\/\/www.mines-stetienne.fr\/panoramines\/2018\/12\/17\/lancement-de-la-manufacture-additive-du-futur-maf\/\" target=\"_blank\" rel=\"noopener\"><span style=\"font-weight: 400\">fabrication additive<\/span><\/a><span style=\"font-weight: 400\">, le <em>lean manufacturing<\/em>, ou encore l\u2019intelligence artificielle et les robots intelligents, l\u2019organisation des usines et la mani\u00e8re de concevoir les produits et services. <\/span><\/p>\n<p><span style=\"font-weight: 400\">La production industrielle se veut plus flexible et les ressources plus optimis\u00e9es afin d\u2019am\u00e9liorer la comp\u00e9titivit\u00e9 et s\u2019adapter en temps r\u00e9el pour mieux coller aux attentes des clients. Le secteur industriel a pris le virage des technologies 4.0 et le travail des ing\u00e9nieurs se fait d\u00e9sormais en \u00e9quipe\u00a0: collaboration entre les diff\u00e9rentes fonctions, cr\u00e9ativit\u00e9, agilit\u00e9 et ouverture d\u2019esprit sont les mots d\u2019ordre.<\/span><\/p>\n<h2><b>La formation des ing\u00e9nieurs \u00e0 l\u2019aube de l\u2019industrie 4.0<\/b><\/h2>\n<p><span style=\"font-weight: 400\">Avec la quatri\u00e8me <\/span><a href=\"https:\/\/www.mines-stetienne.fr\/panoramines\/2016\/02\/10\/lancement-de-laccelerateur-de-transition-industrielle\/\" target=\"_blank\" rel=\"noopener\"><span style=\"font-weight: 400\">r\u00e9volution industrielle<\/span><\/a><span style=\"font-weight: 400\">, les ing\u00e9nieurs se doivent d\u2019\u00eatre dot\u00e9s d\u2019une grande polyvalence et se focaliser sur les r\u00e9sultats plut\u00f4t que de se conformer aux proc\u00e9dures fig\u00e9es. Ils doivent concevoir des technologies plus agiles mais s\u00e9curis\u00e9es, assurer les \u00e9changes d&rsquo;informations instantan\u00e9s et continus entre les technologies et postes de travail int\u00e9gr\u00e9s dans les cha\u00eenes d\u2019approvisionnement et de production, mais pas que. Outre leurs comp\u00e9tences techniques, ils doivent d\u00e9velopper et faire appel \u00e0 leur capacit\u00e9 d\u2019analyse pour faire face \u00e0 l\u2019incertitude scientifique, aux changements technologiques et organisationnels et \u00e0 la multiplicit\u00e9 des sc\u00e9narios possibles.<\/span><\/p>\n<p><span style=\"font-weight: 400\">Les m\u00e9tiers de l\u2019ing\u00e9nierie vous int\u00e9ressent\u00a0? Mines Saint-\u00c9tienne vous offre un large choix de <\/span><a href=\"https:\/\/www.mines-stetienne.fr\/\" target=\"_blank\" rel=\"noopener\"><span style=\"font-weight: 400\">formations<\/span><\/a><span style=\"font-weight: 400\"> et vous aide \u00e0 s\u2019adapter aux d\u00e9fis de demain.<\/span><\/p>\n","protected":false},"excerpt":{"rendered":"<p>L\u2019industrie s\u2019appr\u00eate \u00e0 amorcer une v\u00e9ritable r\u00e9volution. L\u2019arriv\u00e9e des technologies num\u00e9riques de plus en plus \u00e9volutives red\u00e9finit le mode de fonctionnement m\u00eame de l\u2019usine, son mod\u00e8le \u00e9conomique, les relations entre les parties prenantes et am\u00e8ne \u00e0 revoir la mani\u00e8re de &hellip;<\/p>\n","protected":false},"author":37,"featured_media":15959,"comment_status":"closed","ping_status":"open","sticky":false,"template":"","format":"standard","meta":{"_relevanssi_hide_post":"","_relevanssi_hide_content":"","_relevanssi_pin_for_all":"","_relevanssi_pin_keywords":"","_relevanssi_unpin_keywords":"","_relevanssi_related_keywords":"","_relevanssi_related_include_ids":"","_relevanssi_related_exclude_ids":"","_relevanssi_related_no_append":"","_relevanssi_related_not_related":"","_relevanssi_related_posts":"","_relevanssi_noindex_reason":"","footnotes":""},"categories":[10],"tags":[],"class_list":["post-15955","post","type-post","status-publish","format-standard","has-post-thumbnail","hentry","category-culture-scientifique"],"pp_statuses_selecting_workflow":false,"pp_workflow_action":"current","pp_status_selection":"publish","pp_force_visibility":null,"pp_subpost_visibility":null,"pp_inherited_force_visibility":null,"pp_inherited_subpost_visibility":null,"yoast_head":"<!-- This site is optimized with the Yoast SEO plugin v27.5 - https:\/\/yoast.com\/product\/yoast-seo-wordpress\/ -->\n<title>Industrie 4.0 : un d\u00e9fi pour les ing\u00e9nieurs | Panoramines<\/title>\n<meta name=\"description\" content=\"\u00c0 l\u2019heure o\u00f9 l&#039;industrie s\u2019appr\u00eate \u00e0 vivre une 4e r\u00e9volution industrielle, les ing\u00e9nieurs doivent \u00eatre en mesure d\u2019adopter les NTIC pour monter en performance.\" \/>\n<meta name=\"robots\" content=\"index, follow, max-snippet:-1, max-image-preview:large, max-video-preview:-1\" \/>\n<link rel=\"canonical\" href=\"https:\/\/www.mines-stetienne.fr\/panoramines\/2019\/01\/21\/ingenieurs-revolution-industrielle\/\" \/>\n<meta property=\"og:locale\" content=\"fr_FR\" \/>\n<meta property=\"og:type\" content=\"article\" \/>\n<meta property=\"og:title\" content=\"Industrie 4.0 : un d\u00e9fi pour les ing\u00e9nieurs | Panoramines\" \/>\n<meta property=\"og:description\" content=\"\u00c0 l\u2019heure o\u00f9 l&#039;industrie s\u2019appr\u00eate \u00e0 vivre une 4e r\u00e9volution industrielle, les ing\u00e9nieurs doivent \u00eatre en mesure d\u2019adopter les NTIC pour monter en performance.\" \/>\n<meta property=\"og:url\" content=\"https:\/\/www.mines-stetienne.fr\/panoramines\/2019\/01\/21\/ingenieurs-revolution-industrielle\/\" \/>\n<meta property=\"og:site_name\" content=\"Panoramines\" \/>\n<meta property=\"article:published_time\" content=\"2019-01-21T16:04:05+00:00\" \/>\n<meta property=\"article:modified_time\" content=\"2019-01-21T16:04:18+00:00\" \/>\n<meta property=\"og:image\" content=\"https:\/\/www.mines-stetienne.fr\/panoramines\/wp-content\/uploads\/sites\/3\/2019\/01\/Article-Mines-St-Etienne.jpg\" \/>\n\t<meta property=\"og:image:width\" content=\"700\" \/>\n\t<meta property=\"og:image:height\" content=\"388\" \/>\n\t<meta property=\"og:image:type\" content=\"image\/jpeg\" \/>\n<meta name=\"author\" content=\"ALGUACIL Thomas\" \/>\n<meta name=\"twitter:card\" content=\"summary_large_image\" \/>\n<meta name=\"twitter:label1\" content=\"\u00c9crit par\" \/>\n\t<meta name=\"twitter:data1\" content=\"ALGUACIL Thomas\" \/>\n\t<meta name=\"twitter:label2\" content=\"Dur\u00e9e de lecture estim\u00e9e\" \/>\n\t<meta name=\"twitter:data2\" content=\"3 minutes\" \/>\n<script type=\"application\/ld+json\" class=\"yoast-schema-graph\">{\"@context\":\"https:\\\/\\\/schema.org\",\"@graph\":[{\"@type\":\"Article\",\"@id\":\"https:\\\/\\\/www.mines-stetienne.fr\\\/panoramines\\\/2019\\\/01\\\/21\\\/ingenieurs-revolution-industrielle\\\/#article\",\"isPartOf\":{\"@id\":\"https:\\\/\\\/www.mines-stetienne.fr\\\/panoramines\\\/2019\\\/01\\\/21\\\/ingenieurs-revolution-industrielle\\\/\"},\"author\":{\"name\":\"ALGUACIL Thomas\",\"@id\":\"https:\\\/\\\/www.mines-stetienne.fr\\\/panoramines\\\/#\\\/schema\\\/person\\\/9d361c2f6ebd0a60783070a78b5cfa2e\"},\"headline\":\"Nouvelle r\u00e9volution industrielle : quels d\u00e9fis pour les ing\u00e9nieurs ?\",\"datePublished\":\"2019-01-21T16:04:05+00:00\",\"dateModified\":\"2019-01-21T16:04:18+00:00\",\"mainEntityOfPage\":{\"@id\":\"https:\\\/\\\/www.mines-stetienne.fr\\\/panoramines\\\/2019\\\/01\\\/21\\\/ingenieurs-revolution-industrielle\\\/\"},\"wordCount\":536,\"image\":{\"@id\":\"https:\\\/\\\/www.mines-stetienne.fr\\\/panoramines\\\/2019\\\/01\\\/21\\\/ingenieurs-revolution-industrielle\\\/#primaryimage\"},\"thumbnailUrl\":\"https:\\\/\\\/www.mines-stetienne.fr\\\/panoramines\\\/wp-content\\\/uploads\\\/sites\\\/3\\\/2019\\\/01\\\/Article-Mines-St-Etienne.jpg\",\"articleSection\":[\"Culture scientifique\"],\"inLanguage\":\"fr-FR\"},{\"@type\":\"WebPage\",\"@id\":\"https:\\\/\\\/www.mines-stetienne.fr\\\/panoramines\\\/2019\\\/01\\\/21\\\/ingenieurs-revolution-industrielle\\\/\",\"url\":\"https:\\\/\\\/www.mines-stetienne.fr\\\/panoramines\\\/2019\\\/01\\\/21\\\/ingenieurs-revolution-industrielle\\\/\",\"name\":\"Industrie 4.0 : un d\u00e9fi pour les ing\u00e9nieurs | Panoramines\",\"isPartOf\":{\"@id\":\"https:\\\/\\\/www.mines-stetienne.fr\\\/panoramines\\\/#website\"},\"primaryImageOfPage\":{\"@id\":\"https:\\\/\\\/www.mines-stetienne.fr\\\/panoramines\\\/2019\\\/01\\\/21\\\/ingenieurs-revolution-industrielle\\\/#primaryimage\"},\"image\":{\"@id\":\"https:\\\/\\\/www.mines-stetienne.fr\\\/panoramines\\\/2019\\\/01\\\/21\\\/ingenieurs-revolution-industrielle\\\/#primaryimage\"},\"thumbnailUrl\":\"https:\\\/\\\/www.mines-stetienne.fr\\\/panoramines\\\/wp-content\\\/uploads\\\/sites\\\/3\\\/2019\\\/01\\\/Article-Mines-St-Etienne.jpg\",\"datePublished\":\"2019-01-21T16:04:05+00:00\",\"dateModified\":\"2019-01-21T16:04:18+00:00\",\"author\":{\"@id\":\"https:\\\/\\\/www.mines-stetienne.fr\\\/panoramines\\\/#\\\/schema\\\/person\\\/9d361c2f6ebd0a60783070a78b5cfa2e\"},\"description\":\"\u00c0 l\u2019heure o\u00f9 l'industrie s\u2019appr\u00eate \u00e0 vivre une 4e r\u00e9volution industrielle, les ing\u00e9nieurs doivent \u00eatre en mesure d\u2019adopter les NTIC pour monter en performance.\",\"breadcrumb\":{\"@id\":\"https:\\\/\\\/www.mines-stetienne.fr\\\/panoramines\\\/2019\\\/01\\\/21\\\/ingenieurs-revolution-industrielle\\\/#breadcrumb\"},\"inLanguage\":\"fr-FR\",\"potentialAction\":[{\"@type\":\"ReadAction\",\"target\":[\"https:\\\/\\\/www.mines-stetienne.fr\\\/panoramines\\\/2019\\\/01\\\/21\\\/ingenieurs-revolution-industrielle\\\/\"]}]},{\"@type\":\"ImageObject\",\"inLanguage\":\"fr-FR\",\"@id\":\"https:\\\/\\\/www.mines-stetienne.fr\\\/panoramines\\\/2019\\\/01\\\/21\\\/ingenieurs-revolution-industrielle\\\/#primaryimage\",\"url\":\"https:\\\/\\\/www.mines-stetienne.fr\\\/panoramines\\\/wp-content\\\/uploads\\\/sites\\\/3\\\/2019\\\/01\\\/Article-Mines-St-Etienne.jpg\",\"contentUrl\":\"https:\\\/\\\/www.mines-stetienne.fr\\\/panoramines\\\/wp-content\\\/uploads\\\/sites\\\/3\\\/2019\\\/01\\\/Article-Mines-St-Etienne.jpg\",\"width\":700,\"height\":388},{\"@type\":\"BreadcrumbList\",\"@id\":\"https:\\\/\\\/www.mines-stetienne.fr\\\/panoramines\\\/2019\\\/01\\\/21\\\/ingenieurs-revolution-industrielle\\\/#breadcrumb\",\"itemListElement\":[{\"@type\":\"ListItem\",\"position\":1,\"name\":\"Accueil\",\"item\":\"https:\\\/\\\/www.mines-stetienne.fr\\\/panoramines\\\/\"},{\"@type\":\"ListItem\",\"position\":2,\"name\":\"Nouvelle r\u00e9volution industrielle : quels d\u00e9fis pour les ing\u00e9nieurs ?\"}]},{\"@type\":\"WebSite\",\"@id\":\"https:\\\/\\\/www.mines-stetienne.fr\\\/panoramines\\\/#website\",\"url\":\"https:\\\/\\\/www.mines-stetienne.fr\\\/panoramines\\\/\",\"name\":\"Panoramines\",\"description\":\"Panoramines, l\u2019actualit\u00e9 de MINES Saint-\u00c9tienne\",\"potentialAction\":[{\"@type\":\"SearchAction\",\"target\":{\"@type\":\"EntryPoint\",\"urlTemplate\":\"https:\\\/\\\/www.mines-stetienne.fr\\\/panoramines\\\/?s={search_term_string}\"},\"query-input\":{\"@type\":\"PropertyValueSpecification\",\"valueRequired\":true,\"valueName\":\"search_term_string\"}}],\"inLanguage\":\"fr-FR\"},{\"@type\":\"Person\",\"@id\":\"https:\\\/\\\/www.mines-stetienne.fr\\\/panoramines\\\/#\\\/schema\\\/person\\\/9d361c2f6ebd0a60783070a78b5cfa2e\",\"name\":\"ALGUACIL Thomas\",\"image\":{\"@type\":\"ImageObject\",\"inLanguage\":\"fr-FR\",\"@id\":\"https:\\\/\\\/www.mines-stetienne.fr\\\/panoramines\\\/wp-content\\\/uploads\\\/sites\\\/3\\\/2021\\\/07\\\/logo-75x75-1.png\",\"url\":\"https:\\\/\\\/www.mines-stetienne.fr\\\/panoramines\\\/wp-content\\\/uploads\\\/sites\\\/3\\\/2021\\\/07\\\/logo-75x75-1.png\",\"contentUrl\":\"https:\\\/\\\/www.mines-stetienne.fr\\\/panoramines\\\/wp-content\\\/uploads\\\/sites\\\/3\\\/2021\\\/07\\\/logo-75x75-1.png\",\"caption\":\"ALGUACIL Thomas\"},\"url\":\"https:\\\/\\\/www.mines-stetienne.fr\\\/panoramines\\\/author\\\/alguacil\\\/\"}]}<\/script>\n<!-- \/ Yoast SEO plugin. -->","yoast_head_json":{"title":"Industrie 4.0 : un d\u00e9fi pour les ing\u00e9nieurs | Panoramines","description":"\u00c0 l\u2019heure o\u00f9 l'industrie s\u2019appr\u00eate \u00e0 vivre une 4e r\u00e9volution industrielle, les ing\u00e9nieurs doivent \u00eatre en mesure d\u2019adopter les NTIC pour monter en performance.","robots":{"index":"index","follow":"follow","max-snippet":"max-snippet:-1","max-image-preview":"max-image-preview:large","max-video-preview":"max-video-preview:-1"},"canonical":"https:\/\/www.mines-stetienne.fr\/panoramines\/2019\/01\/21\/ingenieurs-revolution-industrielle\/","og_locale":"fr_FR","og_type":"article","og_title":"Industrie 4.0 : un d\u00e9fi pour les ing\u00e9nieurs | Panoramines","og_description":"\u00c0 l\u2019heure o\u00f9 l'industrie s\u2019appr\u00eate \u00e0 vivre une 4e r\u00e9volution industrielle, les ing\u00e9nieurs doivent \u00eatre en mesure d\u2019adopter les NTIC pour monter en performance.","og_url":"https:\/\/www.mines-stetienne.fr\/panoramines\/2019\/01\/21\/ingenieurs-revolution-industrielle\/","og_site_name":"Panoramines","article_published_time":"2019-01-21T16:04:05+00:00","article_modified_time":"2019-01-21T16:04:18+00:00","og_image":[{"width":700,"height":388,"url":"https:\/\/www.mines-stetienne.fr\/panoramines\/wp-content\/uploads\/sites\/3\/2019\/01\/Article-Mines-St-Etienne.jpg","type":"image\/jpeg"}],"author":"ALGUACIL Thomas","twitter_card":"summary_large_image","twitter_misc":{"\u00c9crit par":"ALGUACIL Thomas","Dur\u00e9e de lecture estim\u00e9e":"3 minutes"},"schema":{"@context":"https:\/\/schema.org","@graph":[{"@type":"Article","@id":"https:\/\/www.mines-stetienne.fr\/panoramines\/2019\/01\/21\/ingenieurs-revolution-industrielle\/#article","isPartOf":{"@id":"https:\/\/www.mines-stetienne.fr\/panoramines\/2019\/01\/21\/ingenieurs-revolution-industrielle\/"},"author":{"name":"ALGUACIL Thomas","@id":"https:\/\/www.mines-stetienne.fr\/panoramines\/#\/schema\/person\/9d361c2f6ebd0a60783070a78b5cfa2e"},"headline":"Nouvelle r\u00e9volution industrielle : quels d\u00e9fis pour les ing\u00e9nieurs ?","datePublished":"2019-01-21T16:04:05+00:00","dateModified":"2019-01-21T16:04:18+00:00","mainEntityOfPage":{"@id":"https:\/\/www.mines-stetienne.fr\/panoramines\/2019\/01\/21\/ingenieurs-revolution-industrielle\/"},"wordCount":536,"image":{"@id":"https:\/\/www.mines-stetienne.fr\/panoramines\/2019\/01\/21\/ingenieurs-revolution-industrielle\/#primaryimage"},"thumbnailUrl":"https:\/\/www.mines-stetienne.fr\/panoramines\/wp-content\/uploads\/sites\/3\/2019\/01\/Article-Mines-St-Etienne.jpg","articleSection":["Culture scientifique"],"inLanguage":"fr-FR"},{"@type":"WebPage","@id":"https:\/\/www.mines-stetienne.fr\/panoramines\/2019\/01\/21\/ingenieurs-revolution-industrielle\/","url":"https:\/\/www.mines-stetienne.fr\/panoramines\/2019\/01\/21\/ingenieurs-revolution-industrielle\/","name":"Industrie 4.0 : un d\u00e9fi pour les ing\u00e9nieurs | Panoramines","isPartOf":{"@id":"https:\/\/www.mines-stetienne.fr\/panoramines\/#website"},"primaryImageOfPage":{"@id":"https:\/\/www.mines-stetienne.fr\/panoramines\/2019\/01\/21\/ingenieurs-revolution-industrielle\/#primaryimage"},"image":{"@id":"https:\/\/www.mines-stetienne.fr\/panoramines\/2019\/01\/21\/ingenieurs-revolution-industrielle\/#primaryimage"},"thumbnailUrl":"https:\/\/www.mines-stetienne.fr\/panoramines\/wp-content\/uploads\/sites\/3\/2019\/01\/Article-Mines-St-Etienne.jpg","datePublished":"2019-01-21T16:04:05+00:00","dateModified":"2019-01-21T16:04:18+00:00","author":{"@id":"https:\/\/www.mines-stetienne.fr\/panoramines\/#\/schema\/person\/9d361c2f6ebd0a60783070a78b5cfa2e"},"description":"\u00c0 l\u2019heure o\u00f9 l'industrie s\u2019appr\u00eate \u00e0 vivre une 4e r\u00e9volution industrielle, les ing\u00e9nieurs doivent \u00eatre en mesure d\u2019adopter les NTIC pour monter en performance.","breadcrumb":{"@id":"https:\/\/www.mines-stetienne.fr\/panoramines\/2019\/01\/21\/ingenieurs-revolution-industrielle\/#breadcrumb"},"inLanguage":"fr-FR","potentialAction":[{"@type":"ReadAction","target":["https:\/\/www.mines-stetienne.fr\/panoramines\/2019\/01\/21\/ingenieurs-revolution-industrielle\/"]}]},{"@type":"ImageObject","inLanguage":"fr-FR","@id":"https:\/\/www.mines-stetienne.fr\/panoramines\/2019\/01\/21\/ingenieurs-revolution-industrielle\/#primaryimage","url":"https:\/\/www.mines-stetienne.fr\/panoramines\/wp-content\/uploads\/sites\/3\/2019\/01\/Article-Mines-St-Etienne.jpg","contentUrl":"https:\/\/www.mines-stetienne.fr\/panoramines\/wp-content\/uploads\/sites\/3\/2019\/01\/Article-Mines-St-Etienne.jpg","width":700,"height":388},{"@type":"BreadcrumbList","@id":"https:\/\/www.mines-stetienne.fr\/panoramines\/2019\/01\/21\/ingenieurs-revolution-industrielle\/#breadcrumb","itemListElement":[{"@type":"ListItem","position":1,"name":"Accueil","item":"https:\/\/www.mines-stetienne.fr\/panoramines\/"},{"@type":"ListItem","position":2,"name":"Nouvelle r\u00e9volution industrielle : quels d\u00e9fis pour les ing\u00e9nieurs ?"}]},{"@type":"WebSite","@id":"https:\/\/www.mines-stetienne.fr\/panoramines\/#website","url":"https:\/\/www.mines-stetienne.fr\/panoramines\/","name":"Panoramines","description":"Panoramines, l\u2019actualit\u00e9 de MINES Saint-\u00c9tienne","potentialAction":[{"@type":"SearchAction","target":{"@type":"EntryPoint","urlTemplate":"https:\/\/www.mines-stetienne.fr\/panoramines\/?s={search_term_string}"},"query-input":{"@type":"PropertyValueSpecification","valueRequired":true,"valueName":"search_term_string"}}],"inLanguage":"fr-FR"},{"@type":"Person","@id":"https:\/\/www.mines-stetienne.fr\/panoramines\/#\/schema\/person\/9d361c2f6ebd0a60783070a78b5cfa2e","name":"ALGUACIL Thomas","image":{"@type":"ImageObject","inLanguage":"fr-FR","@id":"https:\/\/www.mines-stetienne.fr\/panoramines\/wp-content\/uploads\/sites\/3\/2021\/07\/logo-75x75-1.png","url":"https:\/\/www.mines-stetienne.fr\/panoramines\/wp-content\/uploads\/sites\/3\/2021\/07\/logo-75x75-1.png","contentUrl":"https:\/\/www.mines-stetienne.fr\/panoramines\/wp-content\/uploads\/sites\/3\/2021\/07\/logo-75x75-1.png","caption":"ALGUACIL Thomas"},"url":"https:\/\/www.mines-stetienne.fr\/panoramines\/author\/alguacil\/"}]}},"_links":{"self":[{"href":"https:\/\/www.mines-stetienne.fr\/panoramines\/wp-json\/wp\/v2\/posts\/15955","targetHints":{"allow":["GET"]}}],"collection":[{"href":"https:\/\/www.mines-stetienne.fr\/panoramines\/wp-json\/wp\/v2\/posts"}],"about":[{"href":"https:\/\/www.mines-stetienne.fr\/panoramines\/wp-json\/wp\/v2\/types\/post"}],"author":[{"embeddable":true,"href":"https:\/\/www.mines-stetienne.fr\/panoramines\/wp-json\/wp\/v2\/users\/37"}],"replies":[{"embeddable":true,"href":"https:\/\/www.mines-stetienne.fr\/panoramines\/wp-json\/wp\/v2\/comments?post=15955"}],"version-history":[{"count":3,"href":"https:\/\/www.mines-stetienne.fr\/panoramines\/wp-json\/wp\/v2\/posts\/15955\/revisions"}],"predecessor-version":[{"id":15960,"href":"https:\/\/www.mines-stetienne.fr\/panoramines\/wp-json\/wp\/v2\/posts\/15955\/revisions\/15960"}],"wp:featuredmedia":[{"embeddable":true,"href":"https:\/\/www.mines-stetienne.fr\/panoramines\/wp-json\/wp\/v2\/media\/15959"}],"wp:attachment":[{"href":"https:\/\/www.mines-stetienne.fr\/panoramines\/wp-json\/wp\/v2\/media?parent=15955"}],"wp:term":[{"taxonomy":"category","embeddable":true,"href":"https:\/\/www.mines-stetienne.fr\/panoramines\/wp-json\/wp\/v2\/categories?post=15955"},{"taxonomy":"post_tag","embeddable":true,"href":"https:\/\/www.mines-stetienne.fr\/panoramines\/wp-json\/wp\/v2\/tags?post=15955"}],"curies":[{"name":"wp","href":"https:\/\/api.w.org\/{rel}","templated":true}]}}