{"id":15825,"date":"2019-01-28T17:10:01","date_gmt":"2019-01-28T16:10:01","guid":{"rendered":"https:\/\/www.mines-stetienne.fr\/panoramines\/?p=15825"},"modified":"2020-12-18T17:18:45","modified_gmt":"2020-12-18T16:18:45","slug":"3-minutes-de-mediation-scientifique-et-une-annee-evenementielle","status":"publish","type":"post","link":"https:\/\/www.mines-stetienne.fr\/panoramines\/2019\/01\/28\/3-minutes-de-mediation-scientifique-et-une-annee-evenementielle\/","title":{"rendered":"3 minutes de m\u00e9diation scientifique et une ann\u00e9e \u00e9v\u00e9nementielle !"},"content":{"rendered":"<h4>Sollicit\u00e9 au titre de directeur de La Rotonde et de pr\u00e9sident de l\u2019Amcsti, Guillaume Desbrosse a l&rsquo;honneur de faire partie du jury de la finale nationale du concours \u00ab\u00a0Ma th\u00e8se en 180 secondes\u00a0\u00bb : nous y voyons une magnifique reconnaissance du travail de m\u00e9diation et de communication scientifique men\u00e9 par le centre de culture scientifique, technique et industrielle de Mines Saint-\u00c9tienne !<\/h4>\n<p>\u00ab\u00a0Ce concours port\u00e9, en France, par la Conf\u00e9rence des pr\u00e9sidents d\u2019universit\u00e9 et le CNRS , r\u00e9v\u00e8le <strong>la capacit\u00e9 des doctorants \u00e0 vulgariser des travaux de recherche<\/strong> et sensibilise \u00e0 l&rsquo;importance du dialogue science-soci\u00e9t\u00e9 \u00a0\u00bb<br \/>\n(En savoir + sur <a href=\"http:\/\/mt180.fr\" target=\"_blank\" rel=\"noopener\">le challenge mt180.fr<\/a> \/Voir ou revoir <a href=\"https:\/\/www.mt180.ch\/finale-internationale-2018\/\" target=\"_blank\" rel=\"noopener\">la finale internationale 2018<\/a>)<\/p>\n<p>Le jury est compos\u00e9 de cinq personnalit\u00e9s choisies pour leur ouverture sur la m\u00e9diation scientifique et le partage des sciences. La finale nationale aura lieu \u00e0 Grenoble le 13 juin prochain.<br \/>\n<strong>Guillaume Desbrosse<\/strong> a pris part en 2018 \u00e0 la finale r\u00e9gionale Auvergne Rh\u00f4ne-Alpes.<\/p>\n<p>Notons \u00e9galement que depuis plusieurs ann\u00e9es, La Rotonde propose et anime des formations de culture scientifique pour les doctorants, <a href=\"http:\/\/www.larotonde-sciences.com\/industrie-recherche-et-enseignement-superieur\/formation-doctorale\/\" target=\"_blank\" rel=\"noopener\">dans le cadre de l&rsquo;\u00c9cole Doctorale de Saint-\u00c9tienne Sciences, Ing\u00e9nierie et Sant\u00e9<\/a>. Cette initiation aux techniques de vulgarisation scientifique et de communication se d\u00e9roule en janvier et f\u00e9vrier, elle permet aussi de sensibiliser les \u00e9tudiants au <strong>dialogue avec les citoyens<\/strong> pour participer au <a href=\"https:\/\/www.universite-lyon.fr\/recherche\/ma-these-en-180-secondes-edition-2019-11951.kjsp?RH=1487583225651&amp;RF=RECHERCHE\" target=\"_blank\" rel=\"noopener\">concours Ma Th\u00e8se en 180 secondes<\/a> !<br \/>\nLe\u00a0<a href=\"http:\/\/www.larotonde-sciences.com\/\" target=\"_blank\" rel=\"noopener\">CCSTI La Rotonde<\/a> a rejoint le r\u00e9seau national \u00ab\u00a0<a href=\"https:\/\/blogrecherche.wp.imt.fr\/2018\/06\/28\/nuit-europeenne-des-chercheurs\/rts2018-0143\/\" target=\"_blank\" rel=\"noopener\">La Nuit des chercheurs<\/a>\u00a0\u00bb et coordonnera l&rsquo;\u00e9v\u00e9nement r\u00e9gional en septembre 2019.<\/p>\n<hr \/>\n<h5><span style=\"color: #800080\"><a style=\"color: #800080\" href=\"http:\/\/www.larotonde-sciences.com\/cest-au-programme\/inventaires\/\" target=\"_blank\" rel=\"noopener\">INVENTAIRE(S) ! :<\/a> une conf\u00e9rence relev\u00e9e sur l&rsquo;\u00e9volution de l\u2019innovation manag\u00e9riale !<\/span><\/h5>\n<p>La rencontre propos\u00e9e le 24 janvier par <strong>La Rotonde et les Archives Municipales<\/strong> sur ce th\u00e8me a \u00e9t\u00e9 suivie avec int\u00e9r\u00eat. \u00ab\u00a0Taylorisme, fayolisme, agilit\u00e9, ub\u00e9risation, startup, \u2026<br \/>\nComment le management \u00e9volue-t-il ? Quelles filiations ou ruptures d\u2019un mod\u00e8le \u00e0 l\u2019autre ?\u00a0\u00bb<br \/>\nElle \u00e9tait anim\u00e9e par <strong>Luc Rojas<\/strong>, historien et <strong>Maud Damperat<\/strong>, professeur en marketing de l\u2019innovation. Les participants ont ensuite pris part \u00e0 une visite comment\u00e9e de <a href=\"https:\/\/archives.saint-etienne.fr\/article.php?larub=175&amp;titre=inventaire-\" target=\"_blank\" rel=\"noopener\">l\u2019exposition \u00ab\u00a0Inventaire ! Casino et Saint-\u00c9tienne\u00a0\u00bb<\/a>\u00a0 \u00e0 voir jusqu&rsquo;au 22 septembre 2019 aux <a href=\"https:\/\/archives.saint-etienne.fr\/\">Archives Municipales<\/a>.<\/p>\n<hr \/>\n<h5><span style=\"color: #800080\">SUPRA !\u00a0\u00a0Physique, Design et L\u00e9vitation<\/span><\/h5>\n<p>\u00ab\u00a0L\u2019exposition-atelier est co-produite par le laboratoire de recherche \u00ab\u00a0<a href=\"http:\/\/hebergement.u-psud.fr\/supraconductivite\/index.html\" target=\"_blank\" rel=\"noopener\">La Physique Autrement<\/a>\u00a0\u00bb de l\u2019Universit\u00e9 Paris Sud, la Rotonde et la <a href=\"http:\/\/www.citedudesign.com\/fr\/home\/\" target=\"_blank\" rel=\"noopener\">Cit\u00e9 du Design de Saint-\u00c9tienne. <\/a>Elle propose <strong>une visite \u00e9tonnante et sensible<\/strong> o\u00f9 le design vulgarise, s\u2019amuse, imagine le futur et met en sc\u00e8ne le monde de la physique et de la supraconductivit\u00e9. Une visite \u00e9tonnante et sensible qui se compose de 4 espaces &#8230;\u00a0\u00bb\u00a0 <a href=\"http:\/\/www.larotonde-sciences.com\/cest-au-programme\/supra\/\" target=\"_blank\" rel=\"noopener\">\u00e0 d\u00e9couvrir du 12 mars au 4 mai 2019 \u00e0 La Rotonde.<\/a><\/p>\n<p>&nbsp;<\/p>\n<blockquote><p><a href=\"http:\/\/www.larotonde-sciences.com\/cest-au-programme\/\" target=\"_blank\" rel=\"noopener\">Voir le programme complet des ateliers et \u00e9v\u00e9nements<\/a><br \/>\n<a href=\"http:\/\/www.larotonde-sciences.com\/cest-au-programme\/20ans-rotonde\/\" target=\"_blank\" rel=\"noopener\">Un rendez-vous \u00e0\u00a0 retenir ! le samedi 15 juin&#8230;<\/a><\/p><\/blockquote>\n<hr \/>\n<p>&nbsp;<\/p>\n","protected":false},"excerpt":{"rendered":"<p>Sollicit\u00e9 au titre de directeur de La Rotonde et de pr\u00e9sident de l\u2019Amcsti, Guillaume Desbrosse a l&rsquo;honneur de faire partie du jury de la finale nationale du concours \u00ab\u00a0Ma th\u00e8se en 180 secondes\u00a0\u00bb : nous y voyons une magnifique reconnaissance &hellip;<\/p>\n","protected":false},"author":3,"featured_media":16033,"comment_status":"closed","ping_status":"open","sticky":false,"template":"","format":"standard","meta":{"_relevanssi_hide_post":"","_relevanssi_hide_content":"","_relevanssi_pin_for_all":"","_relevanssi_pin_keywords":"","_relevanssi_unpin_keywords":"","_relevanssi_related_keywords":"","_relevanssi_related_include_ids":"","_relevanssi_related_exclude_ids":"","_relevanssi_related_no_append":"","_relevanssi_related_not_related":"","_relevanssi_related_posts":"","_relevanssi_noindex_reason":"","footnotes":""},"categories":[10],"tags":[218,56,40,466],"class_list":["post-15825","post","type-post","status-publish","format-standard","has-post-thumbnail","hentry","category-culture-scientifique","tag-doctorants","tag-edsis","tag-innovation","tag-physique"],"pp_statuses_selecting_workflow":false,"pp_workflow_action":"current","pp_status_selection":"publish","pp_force_visibility":null,"pp_subpost_visibility":null,"pp_inherited_force_visibility":null,"pp_inherited_subpost_visibility":null,"yoast_head":"<!-- This site is optimized with the Yoast SEO plugin v27.5 - https:\/\/yoast.com\/product\/yoast-seo-wordpress\/ -->\n<title>3 minutes de m\u00e9diation scientifique et une ann\u00e9e \u00e9v\u00e9nementielle ! - Panoramines<\/title>\n<meta name=\"robots\" content=\"index, follow, max-snippet:-1, max-image-preview:large, max-video-preview:-1\" \/>\n<link rel=\"canonical\" href=\"https:\/\/www.mines-stetienne.fr\/panoramines\/2019\/01\/28\/3-minutes-de-mediation-scientifique-et-une-annee-evenementielle\/\" \/>\n<meta property=\"og:locale\" content=\"fr_FR\" \/>\n<meta property=\"og:type\" content=\"article\" \/>\n<meta property=\"og:title\" content=\"3 minutes de m\u00e9diation scientifique et une ann\u00e9e \u00e9v\u00e9nementielle ! - Panoramines\" \/>\n<meta property=\"og:description\" content=\"Sollicit\u00e9 au titre de directeur de La Rotonde et de pr\u00e9sident de l\u2019Amcsti, Guillaume Desbrosse a l&rsquo;honneur de faire partie du jury de la finale nationale du concours \u00ab\u00a0Ma th\u00e8se en 180 secondes\u00a0\u00bb : nous y voyons une magnifique reconnaissance &hellip;\" \/>\n<meta property=\"og:url\" content=\"https:\/\/www.mines-stetienne.fr\/panoramines\/2019\/01\/28\/3-minutes-de-mediation-scientifique-et-une-annee-evenementielle\/\" \/>\n<meta property=\"og:site_name\" content=\"Panoramines\" \/>\n<meta property=\"article:published_time\" content=\"2019-01-28T16:10:01+00:00\" \/>\n<meta property=\"article:modified_time\" content=\"2020-12-18T16:18:45+00:00\" \/>\n<meta property=\"og:image\" content=\"https:\/\/www.mines-stetienne.fr\/panoramines\/wp-content\/uploads\/sites\/3\/2019\/01\/UneRotonde-1.jpg\" \/>\n\t<meta property=\"og:image:width\" content=\"700\" \/>\n\t<meta property=\"og:image:height\" content=\"333\" \/>\n\t<meta property=\"og:image:type\" content=\"image\/jpeg\" \/>\n<meta name=\"author\" content=\"Nathalie\" \/>\n<meta name=\"twitter:card\" content=\"summary_large_image\" \/>\n<meta name=\"twitter:label1\" content=\"\u00c9crit par\" \/>\n\t<meta name=\"twitter:data1\" content=\" Nathalie\" \/>\n\t<meta name=\"twitter:label2\" content=\"Dur\u00e9e de lecture estim\u00e9e\" \/>\n\t<meta name=\"twitter:data2\" content=\"2 minutes\" \/>\n<script type=\"application\/ld+json\" class=\"yoast-schema-graph\">{\"@context\":\"https:\\\/\\\/schema.org\",\"@graph\":[{\"@type\":\"Article\",\"@id\":\"https:\\\/\\\/www.mines-stetienne.fr\\\/panoramines\\\/2019\\\/01\\\/28\\\/3-minutes-de-mediation-scientifique-et-une-annee-evenementielle\\\/#article\",\"isPartOf\":{\"@id\":\"https:\\\/\\\/www.mines-stetienne.fr\\\/panoramines\\\/2019\\\/01\\\/28\\\/3-minutes-de-mediation-scientifique-et-une-annee-evenementielle\\\/\"},\"author\":{\"name\":\"Nathalie\",\"@id\":\"https:\\\/\\\/www.mines-stetienne.fr\\\/panoramines\\\/#\\\/schema\\\/person\\\/95e752e6dedac604ce4535123e0f8df7\"},\"headline\":\"3 minutes de m\u00e9diation scientifique et une ann\u00e9e \u00e9v\u00e9nementielle !\",\"datePublished\":\"2019-01-28T16:10:01+00:00\",\"dateModified\":\"2020-12-18T16:18:45+00:00\",\"mainEntityOfPage\":{\"@id\":\"https:\\\/\\\/www.mines-stetienne.fr\\\/panoramines\\\/2019\\\/01\\\/28\\\/3-minutes-de-mediation-scientifique-et-une-annee-evenementielle\\\/\"},\"wordCount\":463,\"image\":{\"@id\":\"https:\\\/\\\/www.mines-stetienne.fr\\\/panoramines\\\/2019\\\/01\\\/28\\\/3-minutes-de-mediation-scientifique-et-une-annee-evenementielle\\\/#primaryimage\"},\"thumbnailUrl\":\"https:\\\/\\\/www.mines-stetienne.fr\\\/panoramines\\\/wp-content\\\/uploads\\\/sites\\\/3\\\/2019\\\/01\\\/UneRotonde-1.jpg\",\"keywords\":[\"Doctorants\",\"EDSIS\",\"Innovation\",\"Physique\"],\"articleSection\":[\"Culture scientifique\"],\"inLanguage\":\"fr-FR\"},{\"@type\":\"WebPage\",\"@id\":\"https:\\\/\\\/www.mines-stetienne.fr\\\/panoramines\\\/2019\\\/01\\\/28\\\/3-minutes-de-mediation-scientifique-et-une-annee-evenementielle\\\/\",\"url\":\"https:\\\/\\\/www.mines-stetienne.fr\\\/panoramines\\\/2019\\\/01\\\/28\\\/3-minutes-de-mediation-scientifique-et-une-annee-evenementielle\\\/\",\"name\":\"3 minutes de m\u00e9diation scientifique et une ann\u00e9e \u00e9v\u00e9nementielle ! - Panoramines\",\"isPartOf\":{\"@id\":\"https:\\\/\\\/www.mines-stetienne.fr\\\/panoramines\\\/#website\"},\"primaryImageOfPage\":{\"@id\":\"https:\\\/\\\/www.mines-stetienne.fr\\\/panoramines\\\/2019\\\/01\\\/28\\\/3-minutes-de-mediation-scientifique-et-une-annee-evenementielle\\\/#primaryimage\"},\"image\":{\"@id\":\"https:\\\/\\\/www.mines-stetienne.fr\\\/panoramines\\\/2019\\\/01\\\/28\\\/3-minutes-de-mediation-scientifique-et-une-annee-evenementielle\\\/#primaryimage\"},\"thumbnailUrl\":\"https:\\\/\\\/www.mines-stetienne.fr\\\/panoramines\\\/wp-content\\\/uploads\\\/sites\\\/3\\\/2019\\\/01\\\/UneRotonde-1.jpg\",\"datePublished\":\"2019-01-28T16:10:01+00:00\",\"dateModified\":\"2020-12-18T16:18:45+00:00\",\"author\":{\"@id\":\"https:\\\/\\\/www.mines-stetienne.fr\\\/panoramines\\\/#\\\/schema\\\/person\\\/95e752e6dedac604ce4535123e0f8df7\"},\"breadcrumb\":{\"@id\":\"https:\\\/\\\/www.mines-stetienne.fr\\\/panoramines\\\/2019\\\/01\\\/28\\\/3-minutes-de-mediation-scientifique-et-une-annee-evenementielle\\\/#breadcrumb\"},\"inLanguage\":\"fr-FR\",\"potentialAction\":[{\"@type\":\"ReadAction\",\"target\":[\"https:\\\/\\\/www.mines-stetienne.fr\\\/panoramines\\\/2019\\\/01\\\/28\\\/3-minutes-de-mediation-scientifique-et-une-annee-evenementielle\\\/\"]}]},{\"@type\":\"ImageObject\",\"inLanguage\":\"fr-FR\",\"@id\":\"https:\\\/\\\/www.mines-stetienne.fr\\\/panoramines\\\/2019\\\/01\\\/28\\\/3-minutes-de-mediation-scientifique-et-une-annee-evenementielle\\\/#primaryimage\",\"url\":\"https:\\\/\\\/www.mines-stetienne.fr\\\/panoramines\\\/wp-content\\\/uploads\\\/sites\\\/3\\\/2019\\\/01\\\/UneRotonde-1.jpg\",\"contentUrl\":\"https:\\\/\\\/www.mines-stetienne.fr\\\/panoramines\\\/wp-content\\\/uploads\\\/sites\\\/3\\\/2019\\\/01\\\/UneRotonde-1.jpg\",\"width\":700,\"height\":333},{\"@type\":\"BreadcrumbList\",\"@id\":\"https:\\\/\\\/www.mines-stetienne.fr\\\/panoramines\\\/2019\\\/01\\\/28\\\/3-minutes-de-mediation-scientifique-et-une-annee-evenementielle\\\/#breadcrumb\",\"itemListElement\":[{\"@type\":\"ListItem\",\"position\":1,\"name\":\"Accueil\",\"item\":\"https:\\\/\\\/www.mines-stetienne.fr\\\/panoramines\\\/\"},{\"@type\":\"ListItem\",\"position\":2,\"name\":\"3 minutes de m\u00e9diation scientifique et une ann\u00e9e \u00e9v\u00e9nementielle !\"}]},{\"@type\":\"WebSite\",\"@id\":\"https:\\\/\\\/www.mines-stetienne.fr\\\/panoramines\\\/#website\",\"url\":\"https:\\\/\\\/www.mines-stetienne.fr\\\/panoramines\\\/\",\"name\":\"Panoramines\",\"description\":\"Panoramines, l\u2019actualit\u00e9 de MINES Saint-\u00c9tienne\",\"potentialAction\":[{\"@type\":\"SearchAction\",\"target\":{\"@type\":\"EntryPoint\",\"urlTemplate\":\"https:\\\/\\\/www.mines-stetienne.fr\\\/panoramines\\\/?s={search_term_string}\"},\"query-input\":{\"@type\":\"PropertyValueSpecification\",\"valueRequired\":true,\"valueName\":\"search_term_string\"}}],\"inLanguage\":\"fr-FR\"},{\"@type\":\"Person\",\"@id\":\"https:\\\/\\\/www.mines-stetienne.fr\\\/panoramines\\\/#\\\/schema\\\/person\\\/95e752e6dedac604ce4535123e0f8df7\",\"name\":\"Nathalie\",\"image\":{\"@type\":\"ImageObject\",\"inLanguage\":\"fr-FR\",\"@id\":\"https:\\\/\\\/www.mines-stetienne.fr\\\/panoramines\\\/wp-content\\\/uploads\\\/sites\\\/3\\\/2021\\\/07\\\/logo-75x75-1.png\",\"url\":\"https:\\\/\\\/www.mines-stetienne.fr\\\/panoramines\\\/wp-content\\\/uploads\\\/sites\\\/3\\\/2021\\\/07\\\/logo-75x75-1.png\",\"contentUrl\":\"https:\\\/\\\/www.mines-stetienne.fr\\\/panoramines\\\/wp-content\\\/uploads\\\/sites\\\/3\\\/2021\\\/07\\\/logo-75x75-1.png\",\"caption\":\"Nathalie\"},\"url\":\"https:\\\/\\\/www.mines-stetienne.fr\\\/panoramines\\\/author\\\/nathalie\\\/\"}]}<\/script>\n<!-- \/ Yoast SEO plugin. -->","yoast_head_json":{"title":"3 minutes de m\u00e9diation scientifique et une ann\u00e9e \u00e9v\u00e9nementielle ! - Panoramines","robots":{"index":"index","follow":"follow","max-snippet":"max-snippet:-1","max-image-preview":"max-image-preview:large","max-video-preview":"max-video-preview:-1"},"canonical":"https:\/\/www.mines-stetienne.fr\/panoramines\/2019\/01\/28\/3-minutes-de-mediation-scientifique-et-une-annee-evenementielle\/","og_locale":"fr_FR","og_type":"article","og_title":"3 minutes de m\u00e9diation scientifique et une ann\u00e9e \u00e9v\u00e9nementielle ! - Panoramines","og_description":"Sollicit\u00e9 au titre de directeur de La Rotonde et de pr\u00e9sident de l\u2019Amcsti, Guillaume Desbrosse a l&rsquo;honneur de faire partie du jury de la finale nationale du concours \u00ab\u00a0Ma th\u00e8se en 180 secondes\u00a0\u00bb : nous y voyons une magnifique reconnaissance &hellip;","og_url":"https:\/\/www.mines-stetienne.fr\/panoramines\/2019\/01\/28\/3-minutes-de-mediation-scientifique-et-une-annee-evenementielle\/","og_site_name":"Panoramines","article_published_time":"2019-01-28T16:10:01+00:00","article_modified_time":"2020-12-18T16:18:45+00:00","og_image":[{"width":700,"height":333,"url":"https:\/\/www.mines-stetienne.fr\/panoramines\/wp-content\/uploads\/sites\/3\/2019\/01\/UneRotonde-1.jpg","type":"image\/jpeg"}],"author":"Nathalie","twitter_card":"summary_large_image","twitter_misc":{"\u00c9crit par":" Nathalie","Dur\u00e9e de lecture estim\u00e9e":"2 minutes"},"schema":{"@context":"https:\/\/schema.org","@graph":[{"@type":"Article","@id":"https:\/\/www.mines-stetienne.fr\/panoramines\/2019\/01\/28\/3-minutes-de-mediation-scientifique-et-une-annee-evenementielle\/#article","isPartOf":{"@id":"https:\/\/www.mines-stetienne.fr\/panoramines\/2019\/01\/28\/3-minutes-de-mediation-scientifique-et-une-annee-evenementielle\/"},"author":{"name":"Nathalie","@id":"https:\/\/www.mines-stetienne.fr\/panoramines\/#\/schema\/person\/95e752e6dedac604ce4535123e0f8df7"},"headline":"3 minutes de m\u00e9diation scientifique et une ann\u00e9e \u00e9v\u00e9nementielle !","datePublished":"2019-01-28T16:10:01+00:00","dateModified":"2020-12-18T16:18:45+00:00","mainEntityOfPage":{"@id":"https:\/\/www.mines-stetienne.fr\/panoramines\/2019\/01\/28\/3-minutes-de-mediation-scientifique-et-une-annee-evenementielle\/"},"wordCount":463,"image":{"@id":"https:\/\/www.mines-stetienne.fr\/panoramines\/2019\/01\/28\/3-minutes-de-mediation-scientifique-et-une-annee-evenementielle\/#primaryimage"},"thumbnailUrl":"https:\/\/www.mines-stetienne.fr\/panoramines\/wp-content\/uploads\/sites\/3\/2019\/01\/UneRotonde-1.jpg","keywords":["Doctorants","EDSIS","Innovation","Physique"],"articleSection":["Culture scientifique"],"inLanguage":"fr-FR"},{"@type":"WebPage","@id":"https:\/\/www.mines-stetienne.fr\/panoramines\/2019\/01\/28\/3-minutes-de-mediation-scientifique-et-une-annee-evenementielle\/","url":"https:\/\/www.mines-stetienne.fr\/panoramines\/2019\/01\/28\/3-minutes-de-mediation-scientifique-et-une-annee-evenementielle\/","name":"3 minutes de m\u00e9diation scientifique et une ann\u00e9e \u00e9v\u00e9nementielle ! - Panoramines","isPartOf":{"@id":"https:\/\/www.mines-stetienne.fr\/panoramines\/#website"},"primaryImageOfPage":{"@id":"https:\/\/www.mines-stetienne.fr\/panoramines\/2019\/01\/28\/3-minutes-de-mediation-scientifique-et-une-annee-evenementielle\/#primaryimage"},"image":{"@id":"https:\/\/www.mines-stetienne.fr\/panoramines\/2019\/01\/28\/3-minutes-de-mediation-scientifique-et-une-annee-evenementielle\/#primaryimage"},"thumbnailUrl":"https:\/\/www.mines-stetienne.fr\/panoramines\/wp-content\/uploads\/sites\/3\/2019\/01\/UneRotonde-1.jpg","datePublished":"2019-01-28T16:10:01+00:00","dateModified":"2020-12-18T16:18:45+00:00","author":{"@id":"https:\/\/www.mines-stetienne.fr\/panoramines\/#\/schema\/person\/95e752e6dedac604ce4535123e0f8df7"},"breadcrumb":{"@id":"https:\/\/www.mines-stetienne.fr\/panoramines\/2019\/01\/28\/3-minutes-de-mediation-scientifique-et-une-annee-evenementielle\/#breadcrumb"},"inLanguage":"fr-FR","potentialAction":[{"@type":"ReadAction","target":["https:\/\/www.mines-stetienne.fr\/panoramines\/2019\/01\/28\/3-minutes-de-mediation-scientifique-et-une-annee-evenementielle\/"]}]},{"@type":"ImageObject","inLanguage":"fr-FR","@id":"https:\/\/www.mines-stetienne.fr\/panoramines\/2019\/01\/28\/3-minutes-de-mediation-scientifique-et-une-annee-evenementielle\/#primaryimage","url":"https:\/\/www.mines-stetienne.fr\/panoramines\/wp-content\/uploads\/sites\/3\/2019\/01\/UneRotonde-1.jpg","contentUrl":"https:\/\/www.mines-stetienne.fr\/panoramines\/wp-content\/uploads\/sites\/3\/2019\/01\/UneRotonde-1.jpg","width":700,"height":333},{"@type":"BreadcrumbList","@id":"https:\/\/www.mines-stetienne.fr\/panoramines\/2019\/01\/28\/3-minutes-de-mediation-scientifique-et-une-annee-evenementielle\/#breadcrumb","itemListElement":[{"@type":"ListItem","position":1,"name":"Accueil","item":"https:\/\/www.mines-stetienne.fr\/panoramines\/"},{"@type":"ListItem","position":2,"name":"3 minutes de m\u00e9diation scientifique et une ann\u00e9e \u00e9v\u00e9nementielle !"}]},{"@type":"WebSite","@id":"https:\/\/www.mines-stetienne.fr\/panoramines\/#website","url":"https:\/\/www.mines-stetienne.fr\/panoramines\/","name":"Panoramines","description":"Panoramines, l\u2019actualit\u00e9 de MINES Saint-\u00c9tienne","potentialAction":[{"@type":"SearchAction","target":{"@type":"EntryPoint","urlTemplate":"https:\/\/www.mines-stetienne.fr\/panoramines\/?s={search_term_string}"},"query-input":{"@type":"PropertyValueSpecification","valueRequired":true,"valueName":"search_term_string"}}],"inLanguage":"fr-FR"},{"@type":"Person","@id":"https:\/\/www.mines-stetienne.fr\/panoramines\/#\/schema\/person\/95e752e6dedac604ce4535123e0f8df7","name":"Nathalie","image":{"@type":"ImageObject","inLanguage":"fr-FR","@id":"https:\/\/www.mines-stetienne.fr\/panoramines\/wp-content\/uploads\/sites\/3\/2021\/07\/logo-75x75-1.png","url":"https:\/\/www.mines-stetienne.fr\/panoramines\/wp-content\/uploads\/sites\/3\/2021\/07\/logo-75x75-1.png","contentUrl":"https:\/\/www.mines-stetienne.fr\/panoramines\/wp-content\/uploads\/sites\/3\/2021\/07\/logo-75x75-1.png","caption":"Nathalie"},"url":"https:\/\/www.mines-stetienne.fr\/panoramines\/author\/nathalie\/"}]}},"_links":{"self":[{"href":"https:\/\/www.mines-stetienne.fr\/panoramines\/wp-json\/wp\/v2\/posts\/15825","targetHints":{"allow":["GET"]}}],"collection":[{"href":"https:\/\/www.mines-stetienne.fr\/panoramines\/wp-json\/wp\/v2\/posts"}],"about":[{"href":"https:\/\/www.mines-stetienne.fr\/panoramines\/wp-json\/wp\/v2\/types\/post"}],"author":[{"embeddable":true,"href":"https:\/\/www.mines-stetienne.fr\/panoramines\/wp-json\/wp\/v2\/users\/3"}],"replies":[{"embeddable":true,"href":"https:\/\/www.mines-stetienne.fr\/panoramines\/wp-json\/wp\/v2\/comments?post=15825"}],"version-history":[{"count":20,"href":"https:\/\/www.mines-stetienne.fr\/panoramines\/wp-json\/wp\/v2\/posts\/15825\/revisions"}],"predecessor-version":[{"id":16119,"href":"https:\/\/www.mines-stetienne.fr\/panoramines\/wp-json\/wp\/v2\/posts\/15825\/revisions\/16119"}],"wp:featuredmedia":[{"embeddable":true,"href":"https:\/\/www.mines-stetienne.fr\/panoramines\/wp-json\/wp\/v2\/media\/16033"}],"wp:attachment":[{"href":"https:\/\/www.mines-stetienne.fr\/panoramines\/wp-json\/wp\/v2\/media?parent=15825"}],"wp:term":[{"taxonomy":"category","embeddable":true,"href":"https:\/\/www.mines-stetienne.fr\/panoramines\/wp-json\/wp\/v2\/categories?post=15825"},{"taxonomy":"post_tag","embeddable":true,"href":"https:\/\/www.mines-stetienne.fr\/panoramines\/wp-json\/wp\/v2\/tags?post=15825"}],"curies":[{"name":"wp","href":"https:\/\/api.w.org\/{rel}","templated":true}]}}