{"id":15503,"date":"2018-12-14T10:00:04","date_gmt":"2018-12-14T09:00:04","guid":{"rendered":"https:\/\/www.mines-stetienne.fr\/panoramines\/?p=15503"},"modified":"2018-12-18T17:40:02","modified_gmt":"2018-12-18T16:40:02","slug":"dynamique-et-implication-des-associations-etudiantes","status":"publish","type":"post","link":"https:\/\/www.mines-stetienne.fr\/panoramines\/2018\/12\/14\/dynamique-et-implication-des-associations-etudiantes\/","title":{"rendered":"Dynamique et implication des associations \u00e9tudiantes"},"content":{"rendered":"<h5>Trois membres du BDE ICM ont particip\u00e9 \u00e0 l\u2019Asso Training Day dans les locaux de PwC \u00e0 Neuilly-sur-Seine, \u00ab\u00a0un programme de coaching qui donne de l\u2019ampleur aux projets associatifs\u201d.<br \/>\nNuit de l&rsquo;Info, Agile Tour, forum d&rsquo;ing\u00e9nieurs&#8230;, la Junior-Entreprise M-GaTE et l\u2019association Minitel, R\u00e9seau des \u00e9l\u00e8ves ISMIN, montrent un bel engagement dans les \u00e9v\u00e9nements de leur campus.<\/h5>\n<hr \/>\n<h5><a href=\"http:\/\/www.assotraining-pwc.fr\/site\/home.html\" target=\"_blank\" rel=\"noopener\">Participation du BDE ICM \u00e0 l\u2019Asso Training Day<\/a><\/h5>\n<p><strong>Isabelle Demonteil<\/strong>, vice-pr\u00e9sidente, <strong>\u00c9tienne Saby<\/strong>, tr\u00e9sorier et <strong>Fran\u00e7ois Herv\u00e9<\/strong>, pr\u00e9sident du Bureau des \u00e9l\u00e8ves ICM, ont \u00e9t\u00e9 convi\u00e9s \u00e0 cette journ\u00e9e de formation aux c\u00f4t\u00e9s d&rsquo;une quinzaine d&rsquo;associations \u00e9tudiantes (dont les junior-entreprises de HEC et de l&rsquo;IMT Business School, le BDE de l&rsquo;EDHEC ou encore Le Petit Paum\u00e9 de l&#8217;em Lyon).<br \/>\nChacun a suivi un module de formation en lien avec son poste, respectivement, la gestion de projet, la tr\u00e9sorerie, le management et le leadership.<\/p>\n<blockquote><p>\u00ab\u00a0Une journ\u00e9e extr\u00eamement enrichissante tant dans la confrontation des points de vue avec les autres dirigeants associatifs que dans le contenu de la formation et propice aux \u00e9changes avec les professionnels de l&rsquo;audit et du conseil de PwC.\u00a0\u00bb<\/p><\/blockquote>\n<hr \/>\n<h5><span style=\"color: #800080\">Engagement sur le Campus G Charpak Provence<\/span><\/h5>\n<p>Le campus a r\u00e9cemment accueilli l&rsquo;<a href=\"https:\/\/www.mines-stetienne.fr\/panoramines\/2018\/12\/11\/une-immersion-totale-dans-la-culture-agile\/\">Agile Tour 2018<\/a> suivi de la <a href=\"https:\/\/www.nuitdelinfo.com\/\" target=\"_blank\" rel=\"noopener\">Nuit de l\u2019info 2018<\/a>, deux \u00e9v\u00e9nements organis\u00e9s en partenariat avec les \u00e9l\u00e8ves ISMIN, en particulier la<strong> <a href=\"https:\/\/mgate.fr\/\">JE M-GaTE<\/a> <\/strong>(engag\u00e9e sur les deux \u00e9v\u00e9nements) et <a href=\"https:\/\/myismin.emse.fr\/asso\/minitel\" target=\"_blank\" rel=\"noopener\"><strong>Minitel<\/strong><\/a>, l&rsquo;association R\u00e9seau des \u00e9l\u00e8ves ISMIN sur la r\u00e9sidence qui aide aussi au d\u00e9veloppement de nouveaux services.<\/p>\n<blockquote><p>Merci aux \u00e9tudiants pour leur mobilisation et le relais des \u00e9v\u00e9nements !<\/p><\/blockquote>\n<blockquote class=\"twitter-tweet\" data-width=\"550\" data-dnt=\"true\">\n<p lang=\"fr\" dir=\"ltr\">\ud83d\udce3  D\u00e9but de l&#39;<a href=\"https:\/\/twitter.com\/hashtag\/atam18?src=hash&amp;ref_src=twsrc%5Etfw\">#atam18<\/a> organis\u00e9 par <a href=\"https:\/\/twitter.com\/espritagile?ref_src=twsrc%5Etfw\">@espritagile<\/a> sur le <a href=\"https:\/\/twitter.com\/CampusCharpak?ref_src=twsrc%5Etfw\">@CampusCharpak<\/a> des <a href=\"https:\/\/twitter.com\/MINES_StEtienne?ref_src=twsrc%5Etfw\">@MINES_StEtienne<\/a>! <a href=\"https:\/\/t.co\/q0gmI9XBm9\">pic.twitter.com\/q0gmI9XBm9<\/a><\/p>\n<p>&mdash; Junior Mines Provence (@JuniorMines_Pro) <a href=\"https:\/\/twitter.com\/JuniorMines_Pro\/status\/1070587442888093696?ref_src=twsrc%5Etfw\">December 6, 2018<\/a><\/p><\/blockquote>\n<p><script async src=\"https:\/\/platform.twitter.com\/widgets.js\" charset=\"utf-8\"><\/script><\/p>\n<blockquote class=\"twitter-tweet\" data-width=\"550\" data-dnt=\"true\">\n<p lang=\"fr\" dir=\"ltr\">Voil\u00e0 d\u00e9j\u00e0 quelques heures que la <a href=\"https:\/\/twitter.com\/hashtag\/nuitinfo?src=hash&amp;ref_src=twsrc%5Etfw\">#nuitinfo<\/a> a commenc\u00e9 ! Les \u00e9quipes form\u00e9es des \u00e9l\u00e8ves des <a href=\"https:\/\/twitter.com\/hashtag\/EcoledesMinesdeStEtienne?src=hash&amp;ref_src=twsrc%5Etfw\">#EcoledesMinesdeStEtienne<\/a> sont motiv\u00e9es et d\u00e9j\u00e0 bien lanc\u00e9es dans les d\u00e9fis propos\u00e9s lors de cette \u00e9dition 2018 ! Bon courage \u00e0 eux pour cette longue nuit qui ne fait que commencer ! \ud83d\ude09 <a href=\"https:\/\/t.co\/A84Q73XSgj\">pic.twitter.com\/A84Q73XSgj<\/a><\/p>\n<p>&mdash; Minitel_ISMIN (@IsminMinitel) <a href=\"https:\/\/twitter.com\/IsminMinitel\/status\/1070812502706020352?ref_src=twsrc%5Etfw\">December 6, 2018<\/a><\/p><\/blockquote>\n<p><script async src=\"https:\/\/platform.twitter.com\/widgets.js\" charset=\"utf-8\"><\/script><\/p>\n<p>&nbsp;<\/p>\n<hr \/>\n<h5><span style=\"color: #800080\">Engagement et initiatives des associations \u00e9tudiantes<\/span><\/h5>\n<p><strong>Fran\u00e7ois Herv\u00e9 et Edme Paillard<\/strong> \u00e9taient invit\u00e9s \u00e0 pr\u00e9senter les\u00a0 nombreuses activit\u00e9s associatives d\u00e9ploy\u00e9es sur le campus st\u00e9phanois \u00e0 destination des \u00e9tudiants et \u00e9l\u00e8ves du cursus ICM. L&rsquo;\u00e9mission a \u00e9t\u00e9 enregistr\u00e9e le 5 d\u00e9cembre et sera diffus\u00e9e en d\u00e9but d&rsquo;ann\u00e9e 2019 <a href=\"https:\/\/twitter.com\/RCFSaintEtienne\/status\/1070410562746634240\" target=\"_blank\" rel=\"noopener\">sur \u00ab\u00a0Fr\u00e9quence Jeunes\u00a0\u00bb RCF<\/a>.<\/p>\n<hr \/>\n<p>&nbsp;<\/p>\n","protected":false},"excerpt":{"rendered":"<p>Trois membres du BDE ICM ont particip\u00e9 \u00e0 l\u2019Asso Training Day dans les locaux de PwC \u00e0 Neuilly-sur-Seine, \u00ab\u00a0un programme de coaching qui donne de l\u2019ampleur aux projets associatifs\u201d. Nuit de l&rsquo;Info, Agile Tour, forum d&rsquo;ing\u00e9nieurs&#8230;, la Junior-Entreprise M-GaTE et &hellip;<\/p>\n","protected":false},"author":3,"featured_media":15691,"comment_status":"closed","ping_status":"open","sticky":false,"template":"","format":"standard","meta":{"_relevanssi_hide_post":"","_relevanssi_hide_content":"","_relevanssi_pin_for_all":"","_relevanssi_pin_keywords":"","_relevanssi_unpin_keywords":"","_relevanssi_related_keywords":"","_relevanssi_related_include_ids":"","_relevanssi_related_exclude_ids":"","_relevanssi_related_no_append":"","_relevanssi_related_not_related":"","_relevanssi_related_posts":"","_relevanssi_noindex_reason":"","footnotes":""},"categories":[8],"tags":[109,87,37,42,345,502],"class_list":["post-15503","post","type-post","status-publish","format-standard","has-post-thumbnail","hentry","category-vie-etudiante","tag-associations","tag-bde","tag-icm","tag-ismin","tag-mgate","tag-minitel"],"pp_statuses_selecting_workflow":false,"pp_workflow_action":"current","pp_status_selection":"publish","pp_force_visibility":null,"pp_subpost_visibility":null,"pp_inherited_force_visibility":null,"pp_inherited_subpost_visibility":null,"yoast_head":"<!-- This site is optimized with the Yoast SEO plugin v27.4 - https:\/\/yoast.com\/product\/yoast-seo-wordpress\/ -->\n<title>Dynamique et implication des associations \u00e9tudiantes - Panoramines<\/title>\n<meta name=\"robots\" content=\"index, follow, max-snippet:-1, max-image-preview:large, max-video-preview:-1\" \/>\n<link rel=\"canonical\" href=\"https:\/\/www.mines-stetienne.fr\/panoramines\/2018\/12\/14\/dynamique-et-implication-des-associations-etudiantes\/\" \/>\n<meta property=\"og:locale\" content=\"fr_FR\" \/>\n<meta property=\"og:type\" content=\"article\" \/>\n<meta property=\"og:title\" content=\"Dynamique et implication des associations \u00e9tudiantes - Panoramines\" \/>\n<meta property=\"og:description\" content=\"Trois membres du BDE ICM ont particip\u00e9 \u00e0 l\u2019Asso Training Day dans les locaux de PwC \u00e0 Neuilly-sur-Seine, \u00ab\u00a0un programme de coaching qui donne de l\u2019ampleur aux projets associatifs\u201d. Nuit de l&rsquo;Info, Agile Tour, forum d&rsquo;ing\u00e9nieurs&#8230;, la Junior-Entreprise M-GaTE et &hellip;\" \/>\n<meta property=\"og:url\" content=\"https:\/\/www.mines-stetienne.fr\/panoramines\/2018\/12\/14\/dynamique-et-implication-des-associations-etudiantes\/\" \/>\n<meta property=\"og:site_name\" content=\"Panoramines\" \/>\n<meta property=\"article:published_time\" content=\"2018-12-14T09:00:04+00:00\" \/>\n<meta property=\"article:modified_time\" content=\"2018-12-18T16:40:02+00:00\" \/>\n<meta property=\"og:image\" content=\"https:\/\/www.mines-stetienne.fr\/panoramines\/wp-content\/uploads\/sites\/3\/2018\/12\/UneEtudiants-1.jpg\" \/>\n\t<meta property=\"og:image:width\" content=\"700\" \/>\n\t<meta property=\"og:image:height\" content=\"370\" \/>\n\t<meta property=\"og:image:type\" content=\"image\/jpeg\" \/>\n<meta name=\"author\" content=\"Nathalie\" \/>\n<meta name=\"twitter:card\" content=\"summary_large_image\" \/>\n<meta name=\"twitter:label1\" content=\"\u00c9crit par\" \/>\n\t<meta name=\"twitter:data1\" content=\" Nathalie\" \/>\n\t<meta name=\"twitter:label2\" content=\"Dur\u00e9e de lecture estim\u00e9e\" \/>\n\t<meta name=\"twitter:data2\" content=\"2 minutes\" \/>\n<script type=\"application\/ld+json\" class=\"yoast-schema-graph\">{\"@context\":\"https:\\\/\\\/schema.org\",\"@graph\":[{\"@type\":\"Article\",\"@id\":\"https:\\\/\\\/www.mines-stetienne.fr\\\/panoramines\\\/2018\\\/12\\\/14\\\/dynamique-et-implication-des-associations-etudiantes\\\/#article\",\"isPartOf\":{\"@id\":\"https:\\\/\\\/www.mines-stetienne.fr\\\/panoramines\\\/2018\\\/12\\\/14\\\/dynamique-et-implication-des-associations-etudiantes\\\/\"},\"author\":{\"name\":\"Nathalie\",\"@id\":\"https:\\\/\\\/www.mines-stetienne.fr\\\/panoramines\\\/#\\\/schema\\\/person\\\/95e752e6dedac604ce4535123e0f8df7\"},\"headline\":\"Dynamique et implication des associations \u00e9tudiantes\",\"datePublished\":\"2018-12-14T09:00:04+00:00\",\"dateModified\":\"2018-12-18T16:40:02+00:00\",\"mainEntityOfPage\":{\"@id\":\"https:\\\/\\\/www.mines-stetienne.fr\\\/panoramines\\\/2018\\\/12\\\/14\\\/dynamique-et-implication-des-associations-etudiantes\\\/\"},\"wordCount\":354,\"image\":{\"@id\":\"https:\\\/\\\/www.mines-stetienne.fr\\\/panoramines\\\/2018\\\/12\\\/14\\\/dynamique-et-implication-des-associations-etudiantes\\\/#primaryimage\"},\"thumbnailUrl\":\"https:\\\/\\\/www.mines-stetienne.fr\\\/panoramines\\\/wp-content\\\/uploads\\\/sites\\\/3\\\/2018\\\/12\\\/UneEtudiants-1.jpg\",\"keywords\":[\"Associations\",\"BDE\",\"ICM\",\"ISMIN\",\"MGaTE\",\"Minitel\"],\"articleSection\":[\"Vie \u00e9tudiante\"],\"inLanguage\":\"fr-FR\"},{\"@type\":\"WebPage\",\"@id\":\"https:\\\/\\\/www.mines-stetienne.fr\\\/panoramines\\\/2018\\\/12\\\/14\\\/dynamique-et-implication-des-associations-etudiantes\\\/\",\"url\":\"https:\\\/\\\/www.mines-stetienne.fr\\\/panoramines\\\/2018\\\/12\\\/14\\\/dynamique-et-implication-des-associations-etudiantes\\\/\",\"name\":\"Dynamique et implication des associations \u00e9tudiantes - Panoramines\",\"isPartOf\":{\"@id\":\"https:\\\/\\\/www.mines-stetienne.fr\\\/panoramines\\\/#website\"},\"primaryImageOfPage\":{\"@id\":\"https:\\\/\\\/www.mines-stetienne.fr\\\/panoramines\\\/2018\\\/12\\\/14\\\/dynamique-et-implication-des-associations-etudiantes\\\/#primaryimage\"},\"image\":{\"@id\":\"https:\\\/\\\/www.mines-stetienne.fr\\\/panoramines\\\/2018\\\/12\\\/14\\\/dynamique-et-implication-des-associations-etudiantes\\\/#primaryimage\"},\"thumbnailUrl\":\"https:\\\/\\\/www.mines-stetienne.fr\\\/panoramines\\\/wp-content\\\/uploads\\\/sites\\\/3\\\/2018\\\/12\\\/UneEtudiants-1.jpg\",\"datePublished\":\"2018-12-14T09:00:04+00:00\",\"dateModified\":\"2018-12-18T16:40:02+00:00\",\"author\":{\"@id\":\"https:\\\/\\\/www.mines-stetienne.fr\\\/panoramines\\\/#\\\/schema\\\/person\\\/95e752e6dedac604ce4535123e0f8df7\"},\"breadcrumb\":{\"@id\":\"https:\\\/\\\/www.mines-stetienne.fr\\\/panoramines\\\/2018\\\/12\\\/14\\\/dynamique-et-implication-des-associations-etudiantes\\\/#breadcrumb\"},\"inLanguage\":\"fr-FR\",\"potentialAction\":[{\"@type\":\"ReadAction\",\"target\":[\"https:\\\/\\\/www.mines-stetienne.fr\\\/panoramines\\\/2018\\\/12\\\/14\\\/dynamique-et-implication-des-associations-etudiantes\\\/\"]}]},{\"@type\":\"ImageObject\",\"inLanguage\":\"fr-FR\",\"@id\":\"https:\\\/\\\/www.mines-stetienne.fr\\\/panoramines\\\/2018\\\/12\\\/14\\\/dynamique-et-implication-des-associations-etudiantes\\\/#primaryimage\",\"url\":\"https:\\\/\\\/www.mines-stetienne.fr\\\/panoramines\\\/wp-content\\\/uploads\\\/sites\\\/3\\\/2018\\\/12\\\/UneEtudiants-1.jpg\",\"contentUrl\":\"https:\\\/\\\/www.mines-stetienne.fr\\\/panoramines\\\/wp-content\\\/uploads\\\/sites\\\/3\\\/2018\\\/12\\\/UneEtudiants-1.jpg\",\"width\":700,\"height\":370},{\"@type\":\"BreadcrumbList\",\"@id\":\"https:\\\/\\\/www.mines-stetienne.fr\\\/panoramines\\\/2018\\\/12\\\/14\\\/dynamique-et-implication-des-associations-etudiantes\\\/#breadcrumb\",\"itemListElement\":[{\"@type\":\"ListItem\",\"position\":1,\"name\":\"Accueil\",\"item\":\"https:\\\/\\\/www.mines-stetienne.fr\\\/panoramines\\\/\"},{\"@type\":\"ListItem\",\"position\":2,\"name\":\"Dynamique et implication des associations \u00e9tudiantes\"}]},{\"@type\":\"WebSite\",\"@id\":\"https:\\\/\\\/www.mines-stetienne.fr\\\/panoramines\\\/#website\",\"url\":\"https:\\\/\\\/www.mines-stetienne.fr\\\/panoramines\\\/\",\"name\":\"Panoramines\",\"description\":\"Panoramines, l\u2019actualit\u00e9 de MINES Saint-\u00c9tienne\",\"potentialAction\":[{\"@type\":\"SearchAction\",\"target\":{\"@type\":\"EntryPoint\",\"urlTemplate\":\"https:\\\/\\\/www.mines-stetienne.fr\\\/panoramines\\\/?s={search_term_string}\"},\"query-input\":{\"@type\":\"PropertyValueSpecification\",\"valueRequired\":true,\"valueName\":\"search_term_string\"}}],\"inLanguage\":\"fr-FR\"},{\"@type\":\"Person\",\"@id\":\"https:\\\/\\\/www.mines-stetienne.fr\\\/panoramines\\\/#\\\/schema\\\/person\\\/95e752e6dedac604ce4535123e0f8df7\",\"name\":\"Nathalie\",\"image\":{\"@type\":\"ImageObject\",\"inLanguage\":\"fr-FR\",\"@id\":\"https:\\\/\\\/www.mines-stetienne.fr\\\/panoramines\\\/wp-content\\\/uploads\\\/sites\\\/3\\\/2021\\\/07\\\/logo-75x75-1.png\",\"url\":\"https:\\\/\\\/www.mines-stetienne.fr\\\/panoramines\\\/wp-content\\\/uploads\\\/sites\\\/3\\\/2021\\\/07\\\/logo-75x75-1.png\",\"contentUrl\":\"https:\\\/\\\/www.mines-stetienne.fr\\\/panoramines\\\/wp-content\\\/uploads\\\/sites\\\/3\\\/2021\\\/07\\\/logo-75x75-1.png\",\"caption\":\"Nathalie\"},\"url\":\"https:\\\/\\\/www.mines-stetienne.fr\\\/panoramines\\\/author\\\/nathalie\\\/\"}]}<\/script>\n<!-- \/ Yoast SEO plugin. -->","yoast_head_json":{"title":"Dynamique et implication des associations \u00e9tudiantes - Panoramines","robots":{"index":"index","follow":"follow","max-snippet":"max-snippet:-1","max-image-preview":"max-image-preview:large","max-video-preview":"max-video-preview:-1"},"canonical":"https:\/\/www.mines-stetienne.fr\/panoramines\/2018\/12\/14\/dynamique-et-implication-des-associations-etudiantes\/","og_locale":"fr_FR","og_type":"article","og_title":"Dynamique et implication des associations \u00e9tudiantes - Panoramines","og_description":"Trois membres du BDE ICM ont particip\u00e9 \u00e0 l\u2019Asso Training Day dans les locaux de PwC \u00e0 Neuilly-sur-Seine, \u00ab\u00a0un programme de coaching qui donne de l\u2019ampleur aux projets associatifs\u201d. Nuit de l&rsquo;Info, Agile Tour, forum d&rsquo;ing\u00e9nieurs&#8230;, la Junior-Entreprise M-GaTE et &hellip;","og_url":"https:\/\/www.mines-stetienne.fr\/panoramines\/2018\/12\/14\/dynamique-et-implication-des-associations-etudiantes\/","og_site_name":"Panoramines","article_published_time":"2018-12-14T09:00:04+00:00","article_modified_time":"2018-12-18T16:40:02+00:00","og_image":[{"width":700,"height":370,"url":"https:\/\/www.mines-stetienne.fr\/panoramines\/wp-content\/uploads\/sites\/3\/2018\/12\/UneEtudiants-1.jpg","type":"image\/jpeg"}],"author":"Nathalie","twitter_card":"summary_large_image","twitter_misc":{"\u00c9crit par":" Nathalie","Dur\u00e9e de lecture estim\u00e9e":"2 minutes"},"schema":{"@context":"https:\/\/schema.org","@graph":[{"@type":"Article","@id":"https:\/\/www.mines-stetienne.fr\/panoramines\/2018\/12\/14\/dynamique-et-implication-des-associations-etudiantes\/#article","isPartOf":{"@id":"https:\/\/www.mines-stetienne.fr\/panoramines\/2018\/12\/14\/dynamique-et-implication-des-associations-etudiantes\/"},"author":{"name":"Nathalie","@id":"https:\/\/www.mines-stetienne.fr\/panoramines\/#\/schema\/person\/95e752e6dedac604ce4535123e0f8df7"},"headline":"Dynamique et implication des associations \u00e9tudiantes","datePublished":"2018-12-14T09:00:04+00:00","dateModified":"2018-12-18T16:40:02+00:00","mainEntityOfPage":{"@id":"https:\/\/www.mines-stetienne.fr\/panoramines\/2018\/12\/14\/dynamique-et-implication-des-associations-etudiantes\/"},"wordCount":354,"image":{"@id":"https:\/\/www.mines-stetienne.fr\/panoramines\/2018\/12\/14\/dynamique-et-implication-des-associations-etudiantes\/#primaryimage"},"thumbnailUrl":"https:\/\/www.mines-stetienne.fr\/panoramines\/wp-content\/uploads\/sites\/3\/2018\/12\/UneEtudiants-1.jpg","keywords":["Associations","BDE","ICM","ISMIN","MGaTE","Minitel"],"articleSection":["Vie \u00e9tudiante"],"inLanguage":"fr-FR"},{"@type":"WebPage","@id":"https:\/\/www.mines-stetienne.fr\/panoramines\/2018\/12\/14\/dynamique-et-implication-des-associations-etudiantes\/","url":"https:\/\/www.mines-stetienne.fr\/panoramines\/2018\/12\/14\/dynamique-et-implication-des-associations-etudiantes\/","name":"Dynamique et implication des associations \u00e9tudiantes - Panoramines","isPartOf":{"@id":"https:\/\/www.mines-stetienne.fr\/panoramines\/#website"},"primaryImageOfPage":{"@id":"https:\/\/www.mines-stetienne.fr\/panoramines\/2018\/12\/14\/dynamique-et-implication-des-associations-etudiantes\/#primaryimage"},"image":{"@id":"https:\/\/www.mines-stetienne.fr\/panoramines\/2018\/12\/14\/dynamique-et-implication-des-associations-etudiantes\/#primaryimage"},"thumbnailUrl":"https:\/\/www.mines-stetienne.fr\/panoramines\/wp-content\/uploads\/sites\/3\/2018\/12\/UneEtudiants-1.jpg","datePublished":"2018-12-14T09:00:04+00:00","dateModified":"2018-12-18T16:40:02+00:00","author":{"@id":"https:\/\/www.mines-stetienne.fr\/panoramines\/#\/schema\/person\/95e752e6dedac604ce4535123e0f8df7"},"breadcrumb":{"@id":"https:\/\/www.mines-stetienne.fr\/panoramines\/2018\/12\/14\/dynamique-et-implication-des-associations-etudiantes\/#breadcrumb"},"inLanguage":"fr-FR","potentialAction":[{"@type":"ReadAction","target":["https:\/\/www.mines-stetienne.fr\/panoramines\/2018\/12\/14\/dynamique-et-implication-des-associations-etudiantes\/"]}]},{"@type":"ImageObject","inLanguage":"fr-FR","@id":"https:\/\/www.mines-stetienne.fr\/panoramines\/2018\/12\/14\/dynamique-et-implication-des-associations-etudiantes\/#primaryimage","url":"https:\/\/www.mines-stetienne.fr\/panoramines\/wp-content\/uploads\/sites\/3\/2018\/12\/UneEtudiants-1.jpg","contentUrl":"https:\/\/www.mines-stetienne.fr\/panoramines\/wp-content\/uploads\/sites\/3\/2018\/12\/UneEtudiants-1.jpg","width":700,"height":370},{"@type":"BreadcrumbList","@id":"https:\/\/www.mines-stetienne.fr\/panoramines\/2018\/12\/14\/dynamique-et-implication-des-associations-etudiantes\/#breadcrumb","itemListElement":[{"@type":"ListItem","position":1,"name":"Accueil","item":"https:\/\/www.mines-stetienne.fr\/panoramines\/"},{"@type":"ListItem","position":2,"name":"Dynamique et implication des associations \u00e9tudiantes"}]},{"@type":"WebSite","@id":"https:\/\/www.mines-stetienne.fr\/panoramines\/#website","url":"https:\/\/www.mines-stetienne.fr\/panoramines\/","name":"Panoramines","description":"Panoramines, l\u2019actualit\u00e9 de MINES Saint-\u00c9tienne","potentialAction":[{"@type":"SearchAction","target":{"@type":"EntryPoint","urlTemplate":"https:\/\/www.mines-stetienne.fr\/panoramines\/?s={search_term_string}"},"query-input":{"@type":"PropertyValueSpecification","valueRequired":true,"valueName":"search_term_string"}}],"inLanguage":"fr-FR"},{"@type":"Person","@id":"https:\/\/www.mines-stetienne.fr\/panoramines\/#\/schema\/person\/95e752e6dedac604ce4535123e0f8df7","name":"Nathalie","image":{"@type":"ImageObject","inLanguage":"fr-FR","@id":"https:\/\/www.mines-stetienne.fr\/panoramines\/wp-content\/uploads\/sites\/3\/2021\/07\/logo-75x75-1.png","url":"https:\/\/www.mines-stetienne.fr\/panoramines\/wp-content\/uploads\/sites\/3\/2021\/07\/logo-75x75-1.png","contentUrl":"https:\/\/www.mines-stetienne.fr\/panoramines\/wp-content\/uploads\/sites\/3\/2021\/07\/logo-75x75-1.png","caption":"Nathalie"},"url":"https:\/\/www.mines-stetienne.fr\/panoramines\/author\/nathalie\/"}]}},"_links":{"self":[{"href":"https:\/\/www.mines-stetienne.fr\/panoramines\/wp-json\/wp\/v2\/posts\/15503","targetHints":{"allow":["GET"]}}],"collection":[{"href":"https:\/\/www.mines-stetienne.fr\/panoramines\/wp-json\/wp\/v2\/posts"}],"about":[{"href":"https:\/\/www.mines-stetienne.fr\/panoramines\/wp-json\/wp\/v2\/types\/post"}],"author":[{"embeddable":true,"href":"https:\/\/www.mines-stetienne.fr\/panoramines\/wp-json\/wp\/v2\/users\/3"}],"replies":[{"embeddable":true,"href":"https:\/\/www.mines-stetienne.fr\/panoramines\/wp-json\/wp\/v2\/comments?post=15503"}],"version-history":[{"count":11,"href":"https:\/\/www.mines-stetienne.fr\/panoramines\/wp-json\/wp\/v2\/posts\/15503\/revisions"}],"predecessor-version":[{"id":15706,"href":"https:\/\/www.mines-stetienne.fr\/panoramines\/wp-json\/wp\/v2\/posts\/15503\/revisions\/15706"}],"wp:featuredmedia":[{"embeddable":true,"href":"https:\/\/www.mines-stetienne.fr\/panoramines\/wp-json\/wp\/v2\/media\/15691"}],"wp:attachment":[{"href":"https:\/\/www.mines-stetienne.fr\/panoramines\/wp-json\/wp\/v2\/media?parent=15503"}],"wp:term":[{"taxonomy":"category","embeddable":true,"href":"https:\/\/www.mines-stetienne.fr\/panoramines\/wp-json\/wp\/v2\/categories?post=15503"},{"taxonomy":"post_tag","embeddable":true,"href":"https:\/\/www.mines-stetienne.fr\/panoramines\/wp-json\/wp\/v2\/tags?post=15503"}],"curies":[{"name":"wp","href":"https:\/\/api.w.org\/{rel}","templated":true}]}}