{"id":15351,"date":"2018-12-05T13:18:13","date_gmt":"2018-12-05T12:18:13","guid":{"rendered":"https:\/\/www.mines-stetienne.fr\/panoramines\/?p=15351"},"modified":"2018-12-20T07:39:22","modified_gmt":"2018-12-20T06:39:22","slug":"60-nouveaux-ingenieurs-de-specialite-microelectronique-et-informatique","status":"publish","type":"post","link":"https:\/\/www.mines-stetienne.fr\/panoramines\/2018\/12\/05\/60-nouveaux-ingenieurs-de-specialite-microelectronique-et-informatique\/","title":{"rendered":"60 nouveaux ing\u00e9nieurs de sp\u00e9cialit\u00e9 Micro\u00e9lectronique et informatique"},"content":{"rendered":"<h4>Les nouveaux dipl\u00f4m\u00e9s ISMIN 2018 entour\u00e9s de leur marraine de promotion Corinne Versini<b>, <\/b>ont v\u00e9cu une tr\u00e8s belle c\u00e9r\u00e9monie le 1er d\u00e9cembre sur le Campus Georges Charpak Provence.\u00a0 Les nouveaux dipl\u00f4m\u00e9s ont re\u00e7u de vives f\u00e9licitations, v\u0153ux de r\u00e9ussite et messages porteurs de valeurs, d&rsquo;engagements et ambition pour l&rsquo;\u00e9galit\u00e9.<\/h4>\n<p>La c\u00e9r\u00e9monie a \u00e9t\u00e9 ouverte par <b>Pascal Ray<\/b>, directeur de Mines Saint-\u00c9tienne, <b>Roger Me\u00ef, <\/b>maire de Gardanne, et <b>Claudine Die<\/b>, suppl\u00e9ante du d\u00e9put\u00e9 <strong>Fran\u00e7ois-Michel Lambert<\/strong>.<br \/>\n<b>Philippe Lalev\u00e9e<\/b>, directeur du Campus GC Provence et directeur du Centre Micro\u00e9lectronique de Provence, <b>Xavier Olagne<\/b>, directeur des formations, entour\u00e9s de l\u2019\u00e9quipe Scolarit\u00e9 et des responsables p\u00e9dagogiques ont tour \u00e0 tour pris la parole et f\u00e9licit\u00e9 la promotion et mis en avant les points forts du <strong>parcours d\u2019ing\u00e9nieurs<\/strong>.<strong>\u00a0<\/strong><\/p>\n<p><b>Corinne Versini, <\/b>fondatrice et directrice g\u00e9n\u00e9rale de <a href=\"http:\/\/www.genesink.com\/\" target=\"_blank\" rel=\"noopener\">Genes\u2019Ink<\/a> qui a rappel\u00e9 le temps d&rsquo;un \u00e9change relev\u00e9 ses convictions sur l\u2019innovation, sur l\u2019\u00e9thique et l&rsquo;indispensable besoin de parit\u00e9 au sein de l&rsquo;entreprise.<\/p>\n<blockquote>\n<div><em>\u00ab\u00a0L&rsquo;\u00e9thique est une contrainte de travail mais surtout une opportunit\u00e9 et un enjeu majeur pour l&rsquo;ing\u00e9nieur de demain.<\/em><\/div>\n<div><em>Un ing\u00e9nieur sans \u00e9thique trouvera difficilement sa place dans le monde de demain.<br \/>\nSa responsabilit\u00e9 est aussi de comprendre le march\u00e9 qui nous entoure, conna\u00eetre sa cible et la culture de sa cible.<br \/>\n<\/em><\/div>\n<div><em>Nous vivons une p\u00e9riode excitante mais aussi incertaine et dangereuse qui doit pousser l&rsquo;ing\u00e9nieur \u00e0 s&rsquo;interroger sur le monde de demain.\u00a0\u00bb<\/em><\/div>\n<\/blockquote>\n<p><b>Serge Vigier<\/b>, pr\u00e9sident des ALUMNI Mines Saint-\u00c9tienne, <b>Massinissa Ait Gherbi<\/b>, d\u00e9l\u00e9gu\u00e9 ALUMNI campus de Gardanne, ont soulign\u00e9 l&rsquo;importance du r\u00e9seau des \u00ab\u00a0anciens\u00a0\u00bb \u00e9l\u00e8ves, et les bienfaits du rapprochement des associations ICM et ISMIN.<br \/>\nLes repr\u00e9sentants de la promotion, <b>Guillaume-Alexandre Chaizy-Gostovitch, <\/b><b>Arthur Lavice et <\/b><b>Nabil Lila,<\/b> ont enfin rappel\u00e9 les temps forts et\u00a0 ces 3 ann\u00e9es de vie \u00e9tudiante sur le Campus de Gardanne.<\/p>\n<div id='gallery-1' class='gallery galleryid-15351 gallery-columns-3 gallery-size-thumbnail'><dl class='gallery-item'>\n\t\t\t<dt class='gallery-icon landscape'>\n\t\t\t\t<a href='https:\/\/www.mines-stetienne.fr\/panoramines\/wp-content\/uploads\/sites\/3\/2018\/12\/rddIsmin3.jpg'><img loading=\"lazy\" decoding=\"async\" width=\"150\" height=\"150\" src=\"https:\/\/www.mines-stetienne.fr\/panoramines\/wp-content\/uploads\/sites\/3\/2018\/12\/rddIsmin3-150x150.jpg\" class=\"attachment-thumbnail size-thumbnail\" alt=\"\" srcset=\"https:\/\/www.mines-stetienne.fr\/panoramines\/wp-content\/uploads\/sites\/3\/2018\/12\/rddIsmin3-150x150.jpg 150w, https:\/\/www.mines-stetienne.fr\/panoramines\/wp-content\/uploads\/sites\/3\/2018\/12\/rddIsmin3-75x75.jpg 75w, https:\/\/www.mines-stetienne.fr\/panoramines\/wp-content\/uploads\/sites\/3\/2018\/12\/rddIsmin3-360x360.jpg 360w\" sizes=\"auto, (max-width: 150px) 100vw, 150px\" \/><\/a>\n\t\t\t<\/dt><\/dl><dl class='gallery-item'>\n\t\t\t<dt class='gallery-icon landscape'>\n\t\t\t\t<a href='https:\/\/www.mines-stetienne.fr\/panoramines\/wp-content\/uploads\/sites\/3\/2018\/12\/rddIsmin4.jpg'><img loading=\"lazy\" decoding=\"async\" width=\"150\" height=\"150\" src=\"https:\/\/www.mines-stetienne.fr\/panoramines\/wp-content\/uploads\/sites\/3\/2018\/12\/rddIsmin4-150x150.jpg\" class=\"attachment-thumbnail size-thumbnail\" alt=\"\" srcset=\"https:\/\/www.mines-stetienne.fr\/panoramines\/wp-content\/uploads\/sites\/3\/2018\/12\/rddIsmin4-150x150.jpg 150w, https:\/\/www.mines-stetienne.fr\/panoramines\/wp-content\/uploads\/sites\/3\/2018\/12\/rddIsmin4-75x75.jpg 75w, https:\/\/www.mines-stetienne.fr\/panoramines\/wp-content\/uploads\/sites\/3\/2018\/12\/rddIsmin4-360x360.jpg 360w\" sizes=\"auto, (max-width: 150px) 100vw, 150px\" \/><\/a>\n\t\t\t<\/dt><\/dl><dl class='gallery-item'>\n\t\t\t<dt class='gallery-icon landscape'>\n\t\t\t\t<a href='https:\/\/www.mines-stetienne.fr\/panoramines\/wp-content\/uploads\/sites\/3\/2018\/12\/rddIsminCVersini.jpg'><img loading=\"lazy\" decoding=\"async\" width=\"150\" height=\"150\" src=\"https:\/\/www.mines-stetienne.fr\/panoramines\/wp-content\/uploads\/sites\/3\/2018\/12\/rddIsminCVersini-150x150.jpg\" class=\"attachment-thumbnail size-thumbnail\" alt=\"\" srcset=\"https:\/\/www.mines-stetienne.fr\/panoramines\/wp-content\/uploads\/sites\/3\/2018\/12\/rddIsminCVersini-150x150.jpg 150w, https:\/\/www.mines-stetienne.fr\/panoramines\/wp-content\/uploads\/sites\/3\/2018\/12\/rddIsminCVersini-75x75.jpg 75w, https:\/\/www.mines-stetienne.fr\/panoramines\/wp-content\/uploads\/sites\/3\/2018\/12\/rddIsminCVersini-360x360.jpg 360w\" sizes=\"auto, (max-width: 150px) 100vw, 150px\" \/><\/a>\n\t\t\t<\/dt><\/dl><br style=\"clear: both\" \/><dl class='gallery-item'>\n\t\t\t<dt class='gallery-icon landscape'>\n\t\t\t\t<a href='https:\/\/www.mines-stetienne.fr\/panoramines\/wp-content\/uploads\/sites\/3\/2018\/12\/rddIsminRespPeda.jpg'><img loading=\"lazy\" decoding=\"async\" width=\"150\" height=\"150\" src=\"https:\/\/www.mines-stetienne.fr\/panoramines\/wp-content\/uploads\/sites\/3\/2018\/12\/rddIsminRespPeda-150x150.jpg\" class=\"attachment-thumbnail size-thumbnail\" alt=\"\" srcset=\"https:\/\/www.mines-stetienne.fr\/panoramines\/wp-content\/uploads\/sites\/3\/2018\/12\/rddIsminRespPeda-150x150.jpg 150w, https:\/\/www.mines-stetienne.fr\/panoramines\/wp-content\/uploads\/sites\/3\/2018\/12\/rddIsminRespPeda-75x75.jpg 75w, https:\/\/www.mines-stetienne.fr\/panoramines\/wp-content\/uploads\/sites\/3\/2018\/12\/rddIsminRespPeda-360x360.jpg 360w\" sizes=\"auto, (max-width: 150px) 100vw, 150px\" \/><\/a>\n\t\t\t<\/dt><\/dl><dl class='gallery-item'>\n\t\t\t<dt class='gallery-icon landscape'>\n\t\t\t\t<a href='https:\/\/www.mines-stetienne.fr\/panoramines\/wp-content\/uploads\/sites\/3\/2018\/12\/rddIsmin2.jpg'><img loading=\"lazy\" decoding=\"async\" width=\"150\" height=\"150\" src=\"https:\/\/www.mines-stetienne.fr\/panoramines\/wp-content\/uploads\/sites\/3\/2018\/12\/rddIsmin2-150x150.jpg\" class=\"attachment-thumbnail size-thumbnail\" alt=\"\" srcset=\"https:\/\/www.mines-stetienne.fr\/panoramines\/wp-content\/uploads\/sites\/3\/2018\/12\/rddIsmin2-150x150.jpg 150w, https:\/\/www.mines-stetienne.fr\/panoramines\/wp-content\/uploads\/sites\/3\/2018\/12\/rddIsmin2-75x75.jpg 75w, https:\/\/www.mines-stetienne.fr\/panoramines\/wp-content\/uploads\/sites\/3\/2018\/12\/rddIsmin2-360x360.jpg 360w\" sizes=\"auto, (max-width: 150px) 100vw, 150px\" \/><\/a>\n\t\t\t<\/dt><\/dl><dl class='gallery-item'>\n\t\t\t<dt class='gallery-icon landscape'>\n\t\t\t\t<a href='https:\/\/www.mines-stetienne.fr\/panoramines\/wp-content\/uploads\/sites\/3\/2018\/12\/rddIsmin1.jpg'><img loading=\"lazy\" decoding=\"async\" width=\"150\" height=\"150\" src=\"https:\/\/www.mines-stetienne.fr\/panoramines\/wp-content\/uploads\/sites\/3\/2018\/12\/rddIsmin1-150x150.jpg\" class=\"attachment-thumbnail size-thumbnail\" alt=\"\" srcset=\"https:\/\/www.mines-stetienne.fr\/panoramines\/wp-content\/uploads\/sites\/3\/2018\/12\/rddIsmin1-150x150.jpg 150w, https:\/\/www.mines-stetienne.fr\/panoramines\/wp-content\/uploads\/sites\/3\/2018\/12\/rddIsmin1-75x75.jpg 75w, https:\/\/www.mines-stetienne.fr\/panoramines\/wp-content\/uploads\/sites\/3\/2018\/12\/rddIsmin1-360x360.jpg 360w\" sizes=\"auto, (max-width: 150px) 100vw, 150px\" \/><\/a>\n\t\t\t<\/dt><\/dl><br style=\"clear: both\" \/><dl class='gallery-item'>\n\t\t\t<dt class='gallery-icon landscape'>\n\t\t\t\t<a href='https:\/\/www.mines-stetienne.fr\/panoramines\/wp-content\/uploads\/sites\/3\/2018\/12\/rddIsminMAitGherbi.jpg'><img loading=\"lazy\" decoding=\"async\" width=\"150\" height=\"150\" src=\"https:\/\/www.mines-stetienne.fr\/panoramines\/wp-content\/uploads\/sites\/3\/2018\/12\/rddIsminMAitGherbi-150x150.jpg\" class=\"attachment-thumbnail size-thumbnail\" alt=\"\" srcset=\"https:\/\/www.mines-stetienne.fr\/panoramines\/wp-content\/uploads\/sites\/3\/2018\/12\/rddIsminMAitGherbi-150x150.jpg 150w, https:\/\/www.mines-stetienne.fr\/panoramines\/wp-content\/uploads\/sites\/3\/2018\/12\/rddIsminMAitGherbi-75x75.jpg 75w, https:\/\/www.mines-stetienne.fr\/panoramines\/wp-content\/uploads\/sites\/3\/2018\/12\/rddIsminMAitGherbi-360x360.jpg 360w\" sizes=\"auto, (max-width: 150px) 100vw, 150px\" \/><\/a>\n\t\t\t<\/dt><\/dl><dl class='gallery-item'>\n\t\t\t<dt class='gallery-icon landscape'>\n\t\t\t\t<a href='https:\/\/www.mines-stetienne.fr\/panoramines\/wp-content\/uploads\/sites\/3\/2018\/12\/rddIsminSVigier.jpg'><img loading=\"lazy\" decoding=\"async\" width=\"150\" height=\"150\" src=\"https:\/\/www.mines-stetienne.fr\/panoramines\/wp-content\/uploads\/sites\/3\/2018\/12\/rddIsminSVigier-150x150.jpg\" class=\"attachment-thumbnail size-thumbnail\" alt=\"\" srcset=\"https:\/\/www.mines-stetienne.fr\/panoramines\/wp-content\/uploads\/sites\/3\/2018\/12\/rddIsminSVigier-150x150.jpg 150w, https:\/\/www.mines-stetienne.fr\/panoramines\/wp-content\/uploads\/sites\/3\/2018\/12\/rddIsminSVigier-75x75.jpg 75w, https:\/\/www.mines-stetienne.fr\/panoramines\/wp-content\/uploads\/sites\/3\/2018\/12\/rddIsminSVigier-360x360.jpg 360w\" sizes=\"auto, (max-width: 150px) 100vw, 150px\" \/><\/a>\n\t\t\t<\/dt><\/dl><dl class='gallery-item'>\n\t\t\t<dt class='gallery-icon landscape'>\n\t\t\t\t<a href='https:\/\/www.mines-stetienne.fr\/panoramines\/wp-content\/uploads\/sites\/3\/2018\/12\/rddIsminRepresentPromo.jpg'><img loading=\"lazy\" decoding=\"async\" width=\"150\" height=\"150\" src=\"https:\/\/www.mines-stetienne.fr\/panoramines\/wp-content\/uploads\/sites\/3\/2018\/12\/rddIsminRepresentPromo-150x150.jpg\" class=\"attachment-thumbnail size-thumbnail\" alt=\"\" srcset=\"https:\/\/www.mines-stetienne.fr\/panoramines\/wp-content\/uploads\/sites\/3\/2018\/12\/rddIsminRepresentPromo-150x150.jpg 150w, https:\/\/www.mines-stetienne.fr\/panoramines\/wp-content\/uploads\/sites\/3\/2018\/12\/rddIsminRepresentPromo-75x75.jpg 75w, https:\/\/www.mines-stetienne.fr\/panoramines\/wp-content\/uploads\/sites\/3\/2018\/12\/rddIsminRepresentPromo-360x360.jpg 360w\" sizes=\"auto, (max-width: 150px) 100vw, 150px\" \/><\/a>\n\t\t\t<\/dt><\/dl><br style=\"clear: both\" \/>\n\t\t<\/div>\n\n<h5><span style=\"color: #800080\">La promotion ISMIN 2018 compte 60 ing\u00e9nieurs dipl\u00f4m\u00e9s :<\/span><\/h5>\n<ul>\n<li><strong>7 \u00e9l\u00e8ves<\/strong> ont obtenu un double-dipl\u00f4me : 4 en <strong>Master Minelec<\/strong> (Micro et nano\u00e9lectronique), <strong>1<\/strong> en <strong>Master <\/strong>M\u00e9thodes Avanc\u00e9es de G\u00e9nie Industriel,<\/li>\n<li><strong>2 sont double dipl\u00f4m\u00e9s<\/strong> d&rsquo;un \u00e9tablissement partenaire : Georgia Tech et ETS Montr\u00e9al<\/li>\n<li>Plus de la moiti\u00e9 des ing\u00e9nieurs sont <strong>en CDI <\/strong>; quelques-uns en CDD,<\/li>\n<li><strong>8 sont en poursuite d\u2019\u00e9tudes<\/strong> (en particulier en doctorat CIFRE).<\/li>\n<li><strong>5<\/strong> effectuent un service <strong>VIE<\/strong>, volontariat international en entreprise (VIE)<\/li>\n<li><span style=\"color: #800080\"><strong>Trois mentions sp\u00e9ciales<\/strong><\/span> ont distingu\u00e9 <strong>Rim Ettouri<\/strong> pour son engagement pour l&rsquo;\u00e9cole \u00e0 travers les associations \u00e9tudiantes, dont IlluMines, et pour l&rsquo;engagement dans ses \u00e9tudes ;<br \/>\n<strong>Marianne Amorosi et Benjamin Malthiery<\/strong> pour l&rsquo;excellence de leur parcours acad\u00e9mique.<\/li>\n<\/ul>\n<blockquote><p><em>Merci \u00e0 l\u2019ensemble des \u00e9quipes : scolarit\u00e9, communication, logistique, technique et personnels du campus pour leur contribution dans la r\u00e9ussite de cet \u00e9v\u00e9nement, et f\u00e9licitations renouvel\u00e9es \u00e0 la promotion ISMIN 2018 !<br \/>\n<\/em><\/p><\/blockquote>\n<p><a href=\"https:\/\/photos.app.goo.gl\/6dj5XYGSh9BHiX66A\" target=\"_blank\" rel=\"noopener\">L\u2019ensemble des photos est disponible via ce lien<\/a><\/p>\n<p>Contacts : <a href=\"&#x6d;&#x61;&#x69;&#x6c;&#116;&#111;&#58;co&#x75;&#x72;&#x61;&#x6e;&#x74;&#64;&#101;&#109;se&#x2e;&#x66;&#x72;\"><strong>S\u00e9gol\u00e8ne Courant,<\/strong><\/a> service communication, <b>Philippe Beaune<\/b>, responsable de la formation ISMIN<\/p>\n<hr \/>\n<p>&nbsp;<\/p>\n<p>&nbsp;<\/p>\n","protected":false},"excerpt":{"rendered":"<p>Les nouveaux dipl\u00f4m\u00e9s ISMIN 2018 entour\u00e9s de leur marraine de promotion Corinne Versini, ont v\u00e9cu une tr\u00e8s belle c\u00e9r\u00e9monie le 1er d\u00e9cembre sur le Campus Georges Charpak Provence.\u00a0 Les nouveaux dipl\u00f4m\u00e9s ont re\u00e7u de vives f\u00e9licitations, v\u0153ux de r\u00e9ussite et &hellip;<\/p>\n","protected":false},"author":3,"featured_media":15391,"comment_status":"closed","ping_status":"open","sticky":false,"template":"","format":"standard","meta":{"_relevanssi_hide_post":"","_relevanssi_hide_content":"","_relevanssi_pin_for_all":"","_relevanssi_pin_keywords":"","_relevanssi_unpin_keywords":"","_relevanssi_related_keywords":"","_relevanssi_related_include_ids":"","_relevanssi_related_exclude_ids":"","_relevanssi_related_no_append":"","_relevanssi_related_not_related":"","_relevanssi_related_posts":"","_relevanssi_noindex_reason":"","footnotes":""},"categories":[6],"tags":[370,70,42,411],"class_list":["post-15351","post","type-post","status-publish","format-standard","has-post-thumbnail","hentry","category-formation","tag-campus-gc-provence","tag-diplomes","tag-ismin","tag-region-sud-paca"],"pp_statuses_selecting_workflow":false,"pp_workflow_action":"current","pp_status_selection":"publish","pp_force_visibility":null,"pp_subpost_visibility":null,"pp_inherited_force_visibility":null,"pp_inherited_subpost_visibility":null,"yoast_head":"<!-- This site is optimized with the Yoast SEO plugin v27.5 - https:\/\/yoast.com\/product\/yoast-seo-wordpress\/ -->\n<title>60 nouveaux ing\u00e9nieurs de sp\u00e9cialit\u00e9 Micro\u00e9lectronique et informatique - Panoramines<\/title>\n<meta name=\"robots\" content=\"index, follow, max-snippet:-1, max-image-preview:large, max-video-preview:-1\" \/>\n<link rel=\"canonical\" href=\"https:\/\/www.mines-stetienne.fr\/panoramines\/2018\/12\/05\/60-nouveaux-ingenieurs-de-specialite-microelectronique-et-informatique\/\" \/>\n<meta property=\"og:locale\" content=\"fr_FR\" \/>\n<meta property=\"og:type\" content=\"article\" \/>\n<meta property=\"og:title\" content=\"60 nouveaux ing\u00e9nieurs de sp\u00e9cialit\u00e9 Micro\u00e9lectronique et informatique - Panoramines\" \/>\n<meta property=\"og:description\" content=\"Les nouveaux dipl\u00f4m\u00e9s ISMIN 2018 entour\u00e9s de leur marraine de promotion Corinne Versini, ont v\u00e9cu une tr\u00e8s belle c\u00e9r\u00e9monie le 1er d\u00e9cembre sur le Campus Georges Charpak Provence.\u00a0 Les nouveaux dipl\u00f4m\u00e9s ont re\u00e7u de vives f\u00e9licitations, v\u0153ux de r\u00e9ussite et &hellip;\" \/>\n<meta property=\"og:url\" content=\"https:\/\/www.mines-stetienne.fr\/panoramines\/2018\/12\/05\/60-nouveaux-ingenieurs-de-specialite-microelectronique-et-informatique\/\" \/>\n<meta property=\"og:site_name\" content=\"Panoramines\" \/>\n<meta property=\"article:published_time\" content=\"2018-12-05T12:18:13+00:00\" \/>\n<meta property=\"article:modified_time\" content=\"2018-12-20T06:39:22+00:00\" \/>\n<meta property=\"og:image\" content=\"https:\/\/www.mines-stetienne.fr\/panoramines\/wp-content\/uploads\/sites\/3\/2018\/12\/UneRdD_Ismin18.jpg\" \/>\n\t<meta property=\"og:image:width\" content=\"700\" \/>\n\t<meta property=\"og:image:height\" content=\"334\" \/>\n\t<meta property=\"og:image:type\" content=\"image\/jpeg\" \/>\n<meta name=\"author\" content=\"Nathalie\" \/>\n<meta name=\"twitter:card\" content=\"summary_large_image\" \/>\n<meta name=\"twitter:label1\" content=\"\u00c9crit par\" \/>\n\t<meta name=\"twitter:data1\" content=\" Nathalie\" \/>\n\t<meta name=\"twitter:label2\" content=\"Dur\u00e9e de lecture estim\u00e9e\" \/>\n\t<meta name=\"twitter:data2\" content=\"3 minutes\" \/>\n<script type=\"application\/ld+json\" class=\"yoast-schema-graph\">{\"@context\":\"https:\\\/\\\/schema.org\",\"@graph\":[{\"@type\":\"Article\",\"@id\":\"https:\\\/\\\/www.mines-stetienne.fr\\\/panoramines\\\/2018\\\/12\\\/05\\\/60-nouveaux-ingenieurs-de-specialite-microelectronique-et-informatique\\\/#article\",\"isPartOf\":{\"@id\":\"https:\\\/\\\/www.mines-stetienne.fr\\\/panoramines\\\/2018\\\/12\\\/05\\\/60-nouveaux-ingenieurs-de-specialite-microelectronique-et-informatique\\\/\"},\"author\":{\"name\":\"Nathalie\",\"@id\":\"https:\\\/\\\/www.mines-stetienne.fr\\\/panoramines\\\/#\\\/schema\\\/person\\\/95e752e6dedac604ce4535123e0f8df7\"},\"headline\":\"60 nouveaux ing\u00e9nieurs de sp\u00e9cialit\u00e9 Micro\u00e9lectronique et informatique\",\"datePublished\":\"2018-12-05T12:18:13+00:00\",\"dateModified\":\"2018-12-20T06:39:22+00:00\",\"mainEntityOfPage\":{\"@id\":\"https:\\\/\\\/www.mines-stetienne.fr\\\/panoramines\\\/2018\\\/12\\\/05\\\/60-nouveaux-ingenieurs-de-specialite-microelectronique-et-informatique\\\/\"},\"wordCount\":520,\"image\":{\"@id\":\"https:\\\/\\\/www.mines-stetienne.fr\\\/panoramines\\\/2018\\\/12\\\/05\\\/60-nouveaux-ingenieurs-de-specialite-microelectronique-et-informatique\\\/#primaryimage\"},\"thumbnailUrl\":\"https:\\\/\\\/www.mines-stetienne.fr\\\/panoramines\\\/wp-content\\\/uploads\\\/sites\\\/3\\\/2018\\\/12\\\/UneRdD_Ismin18.jpg\",\"keywords\":[\"Campus GC Provence\",\"Dipl\u00f4mes\",\"ISMIN\",\"R\u00e9gion Sud-PACA\"],\"articleSection\":[\"Formation\"],\"inLanguage\":\"fr-FR\"},{\"@type\":\"WebPage\",\"@id\":\"https:\\\/\\\/www.mines-stetienne.fr\\\/panoramines\\\/2018\\\/12\\\/05\\\/60-nouveaux-ingenieurs-de-specialite-microelectronique-et-informatique\\\/\",\"url\":\"https:\\\/\\\/www.mines-stetienne.fr\\\/panoramines\\\/2018\\\/12\\\/05\\\/60-nouveaux-ingenieurs-de-specialite-microelectronique-et-informatique\\\/\",\"name\":\"60 nouveaux ing\u00e9nieurs de sp\u00e9cialit\u00e9 Micro\u00e9lectronique et informatique - Panoramines\",\"isPartOf\":{\"@id\":\"https:\\\/\\\/www.mines-stetienne.fr\\\/panoramines\\\/#website\"},\"primaryImageOfPage\":{\"@id\":\"https:\\\/\\\/www.mines-stetienne.fr\\\/panoramines\\\/2018\\\/12\\\/05\\\/60-nouveaux-ingenieurs-de-specialite-microelectronique-et-informatique\\\/#primaryimage\"},\"image\":{\"@id\":\"https:\\\/\\\/www.mines-stetienne.fr\\\/panoramines\\\/2018\\\/12\\\/05\\\/60-nouveaux-ingenieurs-de-specialite-microelectronique-et-informatique\\\/#primaryimage\"},\"thumbnailUrl\":\"https:\\\/\\\/www.mines-stetienne.fr\\\/panoramines\\\/wp-content\\\/uploads\\\/sites\\\/3\\\/2018\\\/12\\\/UneRdD_Ismin18.jpg\",\"datePublished\":\"2018-12-05T12:18:13+00:00\",\"dateModified\":\"2018-12-20T06:39:22+00:00\",\"author\":{\"@id\":\"https:\\\/\\\/www.mines-stetienne.fr\\\/panoramines\\\/#\\\/schema\\\/person\\\/95e752e6dedac604ce4535123e0f8df7\"},\"breadcrumb\":{\"@id\":\"https:\\\/\\\/www.mines-stetienne.fr\\\/panoramines\\\/2018\\\/12\\\/05\\\/60-nouveaux-ingenieurs-de-specialite-microelectronique-et-informatique\\\/#breadcrumb\"},\"inLanguage\":\"fr-FR\",\"potentialAction\":[{\"@type\":\"ReadAction\",\"target\":[\"https:\\\/\\\/www.mines-stetienne.fr\\\/panoramines\\\/2018\\\/12\\\/05\\\/60-nouveaux-ingenieurs-de-specialite-microelectronique-et-informatique\\\/\"]}]},{\"@type\":\"ImageObject\",\"inLanguage\":\"fr-FR\",\"@id\":\"https:\\\/\\\/www.mines-stetienne.fr\\\/panoramines\\\/2018\\\/12\\\/05\\\/60-nouveaux-ingenieurs-de-specialite-microelectronique-et-informatique\\\/#primaryimage\",\"url\":\"https:\\\/\\\/www.mines-stetienne.fr\\\/panoramines\\\/wp-content\\\/uploads\\\/sites\\\/3\\\/2018\\\/12\\\/UneRdD_Ismin18.jpg\",\"contentUrl\":\"https:\\\/\\\/www.mines-stetienne.fr\\\/panoramines\\\/wp-content\\\/uploads\\\/sites\\\/3\\\/2018\\\/12\\\/UneRdD_Ismin18.jpg\",\"width\":700,\"height\":334},{\"@type\":\"BreadcrumbList\",\"@id\":\"https:\\\/\\\/www.mines-stetienne.fr\\\/panoramines\\\/2018\\\/12\\\/05\\\/60-nouveaux-ingenieurs-de-specialite-microelectronique-et-informatique\\\/#breadcrumb\",\"itemListElement\":[{\"@type\":\"ListItem\",\"position\":1,\"name\":\"Accueil\",\"item\":\"https:\\\/\\\/www.mines-stetienne.fr\\\/panoramines\\\/\"},{\"@type\":\"ListItem\",\"position\":2,\"name\":\"60 nouveaux ing\u00e9nieurs de sp\u00e9cialit\u00e9 Micro\u00e9lectronique et informatique\"}]},{\"@type\":\"WebSite\",\"@id\":\"https:\\\/\\\/www.mines-stetienne.fr\\\/panoramines\\\/#website\",\"url\":\"https:\\\/\\\/www.mines-stetienne.fr\\\/panoramines\\\/\",\"name\":\"Panoramines\",\"description\":\"Panoramines, l\u2019actualit\u00e9 de MINES Saint-\u00c9tienne\",\"potentialAction\":[{\"@type\":\"SearchAction\",\"target\":{\"@type\":\"EntryPoint\",\"urlTemplate\":\"https:\\\/\\\/www.mines-stetienne.fr\\\/panoramines\\\/?s={search_term_string}\"},\"query-input\":{\"@type\":\"PropertyValueSpecification\",\"valueRequired\":true,\"valueName\":\"search_term_string\"}}],\"inLanguage\":\"fr-FR\"},{\"@type\":\"Person\",\"@id\":\"https:\\\/\\\/www.mines-stetienne.fr\\\/panoramines\\\/#\\\/schema\\\/person\\\/95e752e6dedac604ce4535123e0f8df7\",\"name\":\"Nathalie\",\"image\":{\"@type\":\"ImageObject\",\"inLanguage\":\"fr-FR\",\"@id\":\"https:\\\/\\\/www.mines-stetienne.fr\\\/panoramines\\\/wp-content\\\/uploads\\\/sites\\\/3\\\/2021\\\/07\\\/logo-75x75-1.png\",\"url\":\"https:\\\/\\\/www.mines-stetienne.fr\\\/panoramines\\\/wp-content\\\/uploads\\\/sites\\\/3\\\/2021\\\/07\\\/logo-75x75-1.png\",\"contentUrl\":\"https:\\\/\\\/www.mines-stetienne.fr\\\/panoramines\\\/wp-content\\\/uploads\\\/sites\\\/3\\\/2021\\\/07\\\/logo-75x75-1.png\",\"caption\":\"Nathalie\"},\"url\":\"https:\\\/\\\/www.mines-stetienne.fr\\\/panoramines\\\/author\\\/nathalie\\\/\"}]}<\/script>\n<!-- \/ Yoast SEO plugin. -->","yoast_head_json":{"title":"60 nouveaux ing\u00e9nieurs de sp\u00e9cialit\u00e9 Micro\u00e9lectronique et informatique - Panoramines","robots":{"index":"index","follow":"follow","max-snippet":"max-snippet:-1","max-image-preview":"max-image-preview:large","max-video-preview":"max-video-preview:-1"},"canonical":"https:\/\/www.mines-stetienne.fr\/panoramines\/2018\/12\/05\/60-nouveaux-ingenieurs-de-specialite-microelectronique-et-informatique\/","og_locale":"fr_FR","og_type":"article","og_title":"60 nouveaux ing\u00e9nieurs de sp\u00e9cialit\u00e9 Micro\u00e9lectronique et informatique - Panoramines","og_description":"Les nouveaux dipl\u00f4m\u00e9s ISMIN 2018 entour\u00e9s de leur marraine de promotion Corinne Versini, ont v\u00e9cu une tr\u00e8s belle c\u00e9r\u00e9monie le 1er d\u00e9cembre sur le Campus Georges Charpak Provence.\u00a0 Les nouveaux dipl\u00f4m\u00e9s ont re\u00e7u de vives f\u00e9licitations, v\u0153ux de r\u00e9ussite et &hellip;","og_url":"https:\/\/www.mines-stetienne.fr\/panoramines\/2018\/12\/05\/60-nouveaux-ingenieurs-de-specialite-microelectronique-et-informatique\/","og_site_name":"Panoramines","article_published_time":"2018-12-05T12:18:13+00:00","article_modified_time":"2018-12-20T06:39:22+00:00","og_image":[{"width":700,"height":334,"url":"https:\/\/www.mines-stetienne.fr\/panoramines\/wp-content\/uploads\/sites\/3\/2018\/12\/UneRdD_Ismin18.jpg","type":"image\/jpeg"}],"author":"Nathalie","twitter_card":"summary_large_image","twitter_misc":{"\u00c9crit par":" Nathalie","Dur\u00e9e de lecture estim\u00e9e":"3 minutes"},"schema":{"@context":"https:\/\/schema.org","@graph":[{"@type":"Article","@id":"https:\/\/www.mines-stetienne.fr\/panoramines\/2018\/12\/05\/60-nouveaux-ingenieurs-de-specialite-microelectronique-et-informatique\/#article","isPartOf":{"@id":"https:\/\/www.mines-stetienne.fr\/panoramines\/2018\/12\/05\/60-nouveaux-ingenieurs-de-specialite-microelectronique-et-informatique\/"},"author":{"name":"Nathalie","@id":"https:\/\/www.mines-stetienne.fr\/panoramines\/#\/schema\/person\/95e752e6dedac604ce4535123e0f8df7"},"headline":"60 nouveaux ing\u00e9nieurs de sp\u00e9cialit\u00e9 Micro\u00e9lectronique et informatique","datePublished":"2018-12-05T12:18:13+00:00","dateModified":"2018-12-20T06:39:22+00:00","mainEntityOfPage":{"@id":"https:\/\/www.mines-stetienne.fr\/panoramines\/2018\/12\/05\/60-nouveaux-ingenieurs-de-specialite-microelectronique-et-informatique\/"},"wordCount":520,"image":{"@id":"https:\/\/www.mines-stetienne.fr\/panoramines\/2018\/12\/05\/60-nouveaux-ingenieurs-de-specialite-microelectronique-et-informatique\/#primaryimage"},"thumbnailUrl":"https:\/\/www.mines-stetienne.fr\/panoramines\/wp-content\/uploads\/sites\/3\/2018\/12\/UneRdD_Ismin18.jpg","keywords":["Campus GC Provence","Dipl\u00f4mes","ISMIN","R\u00e9gion Sud-PACA"],"articleSection":["Formation"],"inLanguage":"fr-FR"},{"@type":"WebPage","@id":"https:\/\/www.mines-stetienne.fr\/panoramines\/2018\/12\/05\/60-nouveaux-ingenieurs-de-specialite-microelectronique-et-informatique\/","url":"https:\/\/www.mines-stetienne.fr\/panoramines\/2018\/12\/05\/60-nouveaux-ingenieurs-de-specialite-microelectronique-et-informatique\/","name":"60 nouveaux ing\u00e9nieurs de sp\u00e9cialit\u00e9 Micro\u00e9lectronique et informatique - Panoramines","isPartOf":{"@id":"https:\/\/www.mines-stetienne.fr\/panoramines\/#website"},"primaryImageOfPage":{"@id":"https:\/\/www.mines-stetienne.fr\/panoramines\/2018\/12\/05\/60-nouveaux-ingenieurs-de-specialite-microelectronique-et-informatique\/#primaryimage"},"image":{"@id":"https:\/\/www.mines-stetienne.fr\/panoramines\/2018\/12\/05\/60-nouveaux-ingenieurs-de-specialite-microelectronique-et-informatique\/#primaryimage"},"thumbnailUrl":"https:\/\/www.mines-stetienne.fr\/panoramines\/wp-content\/uploads\/sites\/3\/2018\/12\/UneRdD_Ismin18.jpg","datePublished":"2018-12-05T12:18:13+00:00","dateModified":"2018-12-20T06:39:22+00:00","author":{"@id":"https:\/\/www.mines-stetienne.fr\/panoramines\/#\/schema\/person\/95e752e6dedac604ce4535123e0f8df7"},"breadcrumb":{"@id":"https:\/\/www.mines-stetienne.fr\/panoramines\/2018\/12\/05\/60-nouveaux-ingenieurs-de-specialite-microelectronique-et-informatique\/#breadcrumb"},"inLanguage":"fr-FR","potentialAction":[{"@type":"ReadAction","target":["https:\/\/www.mines-stetienne.fr\/panoramines\/2018\/12\/05\/60-nouveaux-ingenieurs-de-specialite-microelectronique-et-informatique\/"]}]},{"@type":"ImageObject","inLanguage":"fr-FR","@id":"https:\/\/www.mines-stetienne.fr\/panoramines\/2018\/12\/05\/60-nouveaux-ingenieurs-de-specialite-microelectronique-et-informatique\/#primaryimage","url":"https:\/\/www.mines-stetienne.fr\/panoramines\/wp-content\/uploads\/sites\/3\/2018\/12\/UneRdD_Ismin18.jpg","contentUrl":"https:\/\/www.mines-stetienne.fr\/panoramines\/wp-content\/uploads\/sites\/3\/2018\/12\/UneRdD_Ismin18.jpg","width":700,"height":334},{"@type":"BreadcrumbList","@id":"https:\/\/www.mines-stetienne.fr\/panoramines\/2018\/12\/05\/60-nouveaux-ingenieurs-de-specialite-microelectronique-et-informatique\/#breadcrumb","itemListElement":[{"@type":"ListItem","position":1,"name":"Accueil","item":"https:\/\/www.mines-stetienne.fr\/panoramines\/"},{"@type":"ListItem","position":2,"name":"60 nouveaux ing\u00e9nieurs de sp\u00e9cialit\u00e9 Micro\u00e9lectronique et informatique"}]},{"@type":"WebSite","@id":"https:\/\/www.mines-stetienne.fr\/panoramines\/#website","url":"https:\/\/www.mines-stetienne.fr\/panoramines\/","name":"Panoramines","description":"Panoramines, l\u2019actualit\u00e9 de MINES Saint-\u00c9tienne","potentialAction":[{"@type":"SearchAction","target":{"@type":"EntryPoint","urlTemplate":"https:\/\/www.mines-stetienne.fr\/panoramines\/?s={search_term_string}"},"query-input":{"@type":"PropertyValueSpecification","valueRequired":true,"valueName":"search_term_string"}}],"inLanguage":"fr-FR"},{"@type":"Person","@id":"https:\/\/www.mines-stetienne.fr\/panoramines\/#\/schema\/person\/95e752e6dedac604ce4535123e0f8df7","name":"Nathalie","image":{"@type":"ImageObject","inLanguage":"fr-FR","@id":"https:\/\/www.mines-stetienne.fr\/panoramines\/wp-content\/uploads\/sites\/3\/2021\/07\/logo-75x75-1.png","url":"https:\/\/www.mines-stetienne.fr\/panoramines\/wp-content\/uploads\/sites\/3\/2021\/07\/logo-75x75-1.png","contentUrl":"https:\/\/www.mines-stetienne.fr\/panoramines\/wp-content\/uploads\/sites\/3\/2021\/07\/logo-75x75-1.png","caption":"Nathalie"},"url":"https:\/\/www.mines-stetienne.fr\/panoramines\/author\/nathalie\/"}]}},"_links":{"self":[{"href":"https:\/\/www.mines-stetienne.fr\/panoramines\/wp-json\/wp\/v2\/posts\/15351","targetHints":{"allow":["GET"]}}],"collection":[{"href":"https:\/\/www.mines-stetienne.fr\/panoramines\/wp-json\/wp\/v2\/posts"}],"about":[{"href":"https:\/\/www.mines-stetienne.fr\/panoramines\/wp-json\/wp\/v2\/types\/post"}],"author":[{"embeddable":true,"href":"https:\/\/www.mines-stetienne.fr\/panoramines\/wp-json\/wp\/v2\/users\/3"}],"replies":[{"embeddable":true,"href":"https:\/\/www.mines-stetienne.fr\/panoramines\/wp-json\/wp\/v2\/comments?post=15351"}],"version-history":[{"count":26,"href":"https:\/\/www.mines-stetienne.fr\/panoramines\/wp-json\/wp\/v2\/posts\/15351\/revisions"}],"predecessor-version":[{"id":15734,"href":"https:\/\/www.mines-stetienne.fr\/panoramines\/wp-json\/wp\/v2\/posts\/15351\/revisions\/15734"}],"wp:featuredmedia":[{"embeddable":true,"href":"https:\/\/www.mines-stetienne.fr\/panoramines\/wp-json\/wp\/v2\/media\/15391"}],"wp:attachment":[{"href":"https:\/\/www.mines-stetienne.fr\/panoramines\/wp-json\/wp\/v2\/media?parent=15351"}],"wp:term":[{"taxonomy":"category","embeddable":true,"href":"https:\/\/www.mines-stetienne.fr\/panoramines\/wp-json\/wp\/v2\/categories?post=15351"},{"taxonomy":"post_tag","embeddable":true,"href":"https:\/\/www.mines-stetienne.fr\/panoramines\/wp-json\/wp\/v2\/tags?post=15351"}],"curies":[{"name":"wp","href":"https:\/\/api.w.org\/{rel}","templated":true}]}}