{"id":15204,"date":"2018-11-27T09:15:59","date_gmt":"2018-11-27T08:15:59","guid":{"rendered":"https:\/\/www.mines-stetienne.fr\/panoramines\/?p=15204"},"modified":"2018-11-29T09:19:32","modified_gmt":"2018-11-29T08:19:32","slug":"initiatives-etudiantes-3","status":"publish","type":"post","link":"https:\/\/www.mines-stetienne.fr\/panoramines\/2018\/11\/27\/initiatives-etudiantes-3\/","title":{"rendered":"Initiatives \u00e9tudiantes"},"content":{"rendered":"<h4><span class=\"\">L&rsquo;association humanitaire des \u00e9tudiants et dipl\u00f4m\u00e9s ICM Credit&rsquo;s Mines<\/span><span class=\"\"> participe au plus grand challenge solidaire \u00e9tudiant de France \u00ab\u00a0<a href=\"http:\/\/www.therise.fr\/\" target=\"_blank\" rel=\"noopener\">The Rise<\/a>\u00a0\u00bb les 29 et 30 novembre 2018.<br \/>\nL&rsquo;\u00e9quipe ISMIN Coupe de France de Robotique 2019 a construit le terrain qui permettra de pr\u00e9parer et de tester les robots de l&rsquo;association de robotique et d&rsquo;\u00e9lectronique pour la comp\u00e9tition 2019.<br \/>\n<\/span><\/h4>\n<div class=\"article-head\">\n<h5 class=\"page-title forced_style\"><a href=\"https:\/\/www.credits-mines.fr\/\" target=\"_blank\" rel=\"noopener\"><span style=\"color: #800080\">Actions solidaires de Credit&rsquo;s Mines<\/span><\/a><\/h5>\n<p>Credit\u2019s Mines \u0153uvre au travers du microcr\u00e9dit et de l\u2019\u00e9pargne pour le d\u00e9veloppement de l&rsquo;entrepreneuriat dans les milieux ruraux recul\u00e9s du Togo.<br \/>\n<strong>Les 29 et 30 novembre, l&rsquo;association participe \u00e0 <a href=\"http:\/\/www.therise.fr\/\" target=\"_blank\" rel=\"noopener\">The RISE <\/a><\/strong>(Revolution Initiated by Students for Entrepreneurship). Les \u00e9tudiants proposent durant deux journ\u00e9es un stand pour sensibiliser et mobiliser les personnels et \u00e9l\u00e8ves de Mines Saint-\u00c9tienne : les campus \u00e9tudiants sont en comp\u00e9tition pour collecter le maximum de fonds.<br \/>\nCe challenge inter-campus de r\u00e9colte de pr\u00eats solidaires organis\u00e9 par Babyloan a pour but de financer des projets de micro-entrepreneurs.<br \/>\n&gt;&gt; <a href=\"https:\/\/credits-mines.ledefisolidaire.org\/fr\/projets\/full\" target=\"_blank\" rel=\"noopener\"><strong>Voir les projets soutenus<\/strong> <\/a><\/p>\n<p>L&rsquo;association a \u00e9galement lanc\u00e9 un challenge \u00e0 l&rsquo;occasion de la 65\u00e8me \u00e9dition de la Saint\u00e9lyon et du 10e anniversaire de Credit&rsquo;s Mines&#8230;<\/p>\n<blockquote><p><a href=\"https:\/\/mailchi.mp\/8314f79c432b\/tc7xmlbbfp-1715429?e=4ac2574a4e\" target=\"_blank\" rel=\"noopener\">&gt; En savoir + avec la newsletter Nov. 2018 de l&rsquo;association<\/a><br \/>\n&gt; Contact : <a href=\"&#x6d;a&#x69;&#108;&#x74;&#111;&#x3a;&#x70;i&#x65;&#114;&#x72;&#101;&#x2e;&#109;o&#x6e;&#110;&#x69;&#101;&#x72;&#64;e&#x74;&#117;&#x2e;&#101;&#x6d;&#115;e&#x2e;f&#x72;\">Pierre Monnier<\/a> pour l&rsquo;association<\/p><\/blockquote>\n<\/div>\n<hr \/>\n<h5><span style=\"color: #800080\">Pr\u00e9paration de la Coupe de France de Robotique pour l&rsquo;association AREM<br \/>\n<\/span><\/h5>\n<p><strong>L\u2019association de robotique et d\u2019\u00e9lectronique<\/strong> des \u00e9l\u00e8ves-ing\u00e9nieurs ISMIN pr\u00e9pare la comp\u00e9tition 2019 : en images, le terrain de la coupe de France de robotique construit par les membres de <a href=\"https:\/\/www.facebook.com\/AREM.ismin\/\" target=\"_blank\" rel=\"noopener\">l&rsquo;association AREM<\/a>, et plus particuli\u00e8rement l&rsquo;\u00e9quipe 2018-2019 : 7 \u00e9l\u00e8ves de 2e ann\u00e9e et plus de 15 1A :<\/p>\n<div id='gallery-1' class='gallery galleryid-15204 gallery-columns-3 gallery-size-thumbnail'><dl class='gallery-item'>\n\t\t\t<dt class='gallery-icon landscape'>\n\t\t\t\t<a href='https:\/\/www.mines-stetienne.fr\/panoramines\/wp-content\/uploads\/sites\/3\/2018\/11\/cdfr1.jpg'><img loading=\"lazy\" decoding=\"async\" width=\"150\" height=\"150\" src=\"https:\/\/www.mines-stetienne.fr\/panoramines\/wp-content\/uploads\/sites\/3\/2018\/11\/cdfr1-150x150.jpg\" class=\"attachment-thumbnail size-thumbnail\" alt=\"\" srcset=\"https:\/\/www.mines-stetienne.fr\/panoramines\/wp-content\/uploads\/sites\/3\/2018\/11\/cdfr1-150x150.jpg 150w, https:\/\/www.mines-stetienne.fr\/panoramines\/wp-content\/uploads\/sites\/3\/2018\/11\/cdfr1-75x75.jpg 75w, https:\/\/www.mines-stetienne.fr\/panoramines\/wp-content\/uploads\/sites\/3\/2018\/11\/cdfr1-360x360.jpg 360w\" sizes=\"auto, (max-width: 150px) 100vw, 150px\" \/><\/a>\n\t\t\t<\/dt><\/dl><dl class='gallery-item'>\n\t\t\t<dt class='gallery-icon landscape'>\n\t\t\t\t<a href='https:\/\/www.mines-stetienne.fr\/panoramines\/wp-content\/uploads\/sites\/3\/2018\/11\/cdfr2.jpg'><img loading=\"lazy\" decoding=\"async\" width=\"150\" height=\"150\" src=\"https:\/\/www.mines-stetienne.fr\/panoramines\/wp-content\/uploads\/sites\/3\/2018\/11\/cdfr2-150x150.jpg\" class=\"attachment-thumbnail size-thumbnail\" alt=\"\" srcset=\"https:\/\/www.mines-stetienne.fr\/panoramines\/wp-content\/uploads\/sites\/3\/2018\/11\/cdfr2-150x150.jpg 150w, https:\/\/www.mines-stetienne.fr\/panoramines\/wp-content\/uploads\/sites\/3\/2018\/11\/cdfr2-75x75.jpg 75w, https:\/\/www.mines-stetienne.fr\/panoramines\/wp-content\/uploads\/sites\/3\/2018\/11\/cdfr2-360x360.jpg 360w\" sizes=\"auto, (max-width: 150px) 100vw, 150px\" \/><\/a>\n\t\t\t<\/dt><\/dl><dl class='gallery-item'>\n\t\t\t<dt class='gallery-icon landscape'>\n\t\t\t\t<a href='https:\/\/www.mines-stetienne.fr\/panoramines\/wp-content\/uploads\/sites\/3\/2018\/11\/cdfr3.jpg'><img loading=\"lazy\" decoding=\"async\" width=\"150\" height=\"150\" src=\"https:\/\/www.mines-stetienne.fr\/panoramines\/wp-content\/uploads\/sites\/3\/2018\/11\/cdfr3-150x150.jpg\" class=\"attachment-thumbnail size-thumbnail\" alt=\"\" srcset=\"https:\/\/www.mines-stetienne.fr\/panoramines\/wp-content\/uploads\/sites\/3\/2018\/11\/cdfr3-150x150.jpg 150w, https:\/\/www.mines-stetienne.fr\/panoramines\/wp-content\/uploads\/sites\/3\/2018\/11\/cdfr3-75x75.jpg 75w, https:\/\/www.mines-stetienne.fr\/panoramines\/wp-content\/uploads\/sites\/3\/2018\/11\/cdfr3-360x360.jpg 360w\" sizes=\"auto, (max-width: 150px) 100vw, 150px\" \/><\/a>\n\t\t\t<\/dt><\/dl><br style=\"clear: both\" \/>\n\t\t<\/div>\n\n<blockquote><p><em>\u00ab\u00a0Ce terrain a pour but de <strong>pr\u00e9parer nos robots dans les meilleures conditions<\/strong> et de les tester en conditions r\u00e9elles.\u00a0\u00bb<\/em><\/p><\/blockquote>\n<p>L&rsquo;an dernier, pour sa premi\u00e8re participation l\u2019\u00e9quipe s\u2019est class\u00e9e \u00e0 la 70e place de la comp\u00e9tition (sur pr\u00e8s de 200 \u00e9quipes pr\u00e9sentes). <a href=\"https:\/\/www.coupederobotique.fr\/\">L&rsquo;\u00e9dition 2019<\/a> se d\u00e9roulera du 29 mai au 1er juin \u00e0 La Roche-sur-Yon.<br \/>\nContact : <a href=\"&#109;a&#x69;l&#x74;&#111;&#x3a;&#106;&#x69;&#109;m&#x79;&#46;&#x6d;&#97;&#x69;&#110;&#x67;&#97;&#x6d;&#64;e&#x74;u&#x2e;&#101;&#x6d;&#115;&#x65;&#46;f&#x72;\">Jimmy Maingam<\/a>, \u00e9l\u00e8ve ing\u00e9nieur ISMIN et pr\u00e9sident de l\u2019association AREM<\/p>\n<hr \/>\n<p>&nbsp;<\/p>\n","protected":false},"excerpt":{"rendered":"<p>L&rsquo;association humanitaire des \u00e9tudiants et dipl\u00f4m\u00e9s ICM Credit&rsquo;s Mines participe au plus grand challenge solidaire \u00e9tudiant de France \u00ab\u00a0The Rise\u00a0\u00bb les 29 et 30 novembre 2018. L&rsquo;\u00e9quipe ISMIN Coupe de France de Robotique 2019 a construit le terrain qui permettra &hellip;<\/p>\n","protected":false},"author":3,"featured_media":15316,"comment_status":"closed","ping_status":"open","sticky":false,"template":"","format":"standard","meta":{"_relevanssi_hide_post":"","_relevanssi_hide_content":"","_relevanssi_pin_for_all":"","_relevanssi_pin_keywords":"","_relevanssi_unpin_keywords":"","_relevanssi_related_keywords":"","_relevanssi_related_include_ids":"","_relevanssi_related_exclude_ids":"","_relevanssi_related_no_append":"","_relevanssi_related_not_related":"","_relevanssi_related_posts":"","_relevanssi_noindex_reason":"","footnotes":""},"categories":[8],"tags":[489,376,126,37,42,490,412],"class_list":["post-15204","post","type-post","status-publish","format-standard","has-post-thumbnail","hentry","category-vie-etudiante","tag-arem","tag-credits-mines","tag-electronique","tag-icm","tag-ismin","tag-projets-solidaires","tag-robotique"],"pp_statuses_selecting_workflow":false,"pp_workflow_action":"current","pp_status_selection":"publish","pp_force_visibility":null,"pp_subpost_visibility":null,"pp_inherited_force_visibility":null,"pp_inherited_subpost_visibility":null,"yoast_head":"<!-- This site is optimized with the Yoast SEO plugin v27.4 - https:\/\/yoast.com\/product\/yoast-seo-wordpress\/ -->\n<title>Initiatives \u00e9tudiantes - Panoramines<\/title>\n<meta name=\"robots\" content=\"index, follow, max-snippet:-1, max-image-preview:large, max-video-preview:-1\" \/>\n<link rel=\"canonical\" href=\"https:\/\/www.mines-stetienne.fr\/panoramines\/2018\/11\/27\/initiatives-etudiantes-3\/\" \/>\n<meta property=\"og:locale\" content=\"fr_FR\" \/>\n<meta property=\"og:type\" content=\"article\" \/>\n<meta property=\"og:title\" content=\"Initiatives \u00e9tudiantes - Panoramines\" \/>\n<meta property=\"og:description\" content=\"L&rsquo;association humanitaire des \u00e9tudiants et dipl\u00f4m\u00e9s ICM Credit&rsquo;s Mines participe au plus grand challenge solidaire \u00e9tudiant de France \u00ab\u00a0The Rise\u00a0\u00bb les 29 et 30 novembre 2018. L&rsquo;\u00e9quipe ISMIN Coupe de France de Robotique 2019 a construit le terrain qui permettra &hellip;\" \/>\n<meta property=\"og:url\" content=\"https:\/\/www.mines-stetienne.fr\/panoramines\/2018\/11\/27\/initiatives-etudiantes-3\/\" \/>\n<meta property=\"og:site_name\" content=\"Panoramines\" \/>\n<meta property=\"article:published_time\" content=\"2018-11-27T08:15:59+00:00\" \/>\n<meta property=\"article:modified_time\" content=\"2018-11-29T08:19:32+00:00\" \/>\n<meta property=\"og:image\" content=\"https:\/\/www.mines-stetienne.fr\/panoramines\/wp-content\/uploads\/sites\/3\/2018\/11\/UneInitiativesEtudiantes2.jpg\" \/>\n\t<meta property=\"og:image:width\" content=\"700\" \/>\n\t<meta property=\"og:image:height\" content=\"250\" \/>\n\t<meta property=\"og:image:type\" content=\"image\/jpeg\" \/>\n<meta name=\"author\" content=\"Nathalie\" \/>\n<meta name=\"twitter:card\" content=\"summary_large_image\" \/>\n<meta name=\"twitter:label1\" content=\"\u00c9crit par\" \/>\n\t<meta name=\"twitter:data1\" content=\" Nathalie\" \/>\n\t<meta name=\"twitter:label2\" content=\"Dur\u00e9e de lecture estim\u00e9e\" \/>\n\t<meta name=\"twitter:data2\" content=\"2 minutes\" \/>\n<script type=\"application\/ld+json\" class=\"yoast-schema-graph\">{\"@context\":\"https:\\\/\\\/schema.org\",\"@graph\":[{\"@type\":\"Article\",\"@id\":\"https:\\\/\\\/www.mines-stetienne.fr\\\/panoramines\\\/2018\\\/11\\\/27\\\/initiatives-etudiantes-3\\\/#article\",\"isPartOf\":{\"@id\":\"https:\\\/\\\/www.mines-stetienne.fr\\\/panoramines\\\/2018\\\/11\\\/27\\\/initiatives-etudiantes-3\\\/\"},\"author\":{\"name\":\"Nathalie\",\"@id\":\"https:\\\/\\\/www.mines-stetienne.fr\\\/panoramines\\\/#\\\/schema\\\/person\\\/95e752e6dedac604ce4535123e0f8df7\"},\"headline\":\"Initiatives \u00e9tudiantes\",\"datePublished\":\"2018-11-27T08:15:59+00:00\",\"dateModified\":\"2018-11-29T08:19:32+00:00\",\"mainEntityOfPage\":{\"@id\":\"https:\\\/\\\/www.mines-stetienne.fr\\\/panoramines\\\/2018\\\/11\\\/27\\\/initiatives-etudiantes-3\\\/\"},\"wordCount\":350,\"image\":{\"@id\":\"https:\\\/\\\/www.mines-stetienne.fr\\\/panoramines\\\/2018\\\/11\\\/27\\\/initiatives-etudiantes-3\\\/#primaryimage\"},\"thumbnailUrl\":\"https:\\\/\\\/www.mines-stetienne.fr\\\/panoramines\\\/wp-content\\\/uploads\\\/sites\\\/3\\\/2018\\\/11\\\/UneInitiativesEtudiantes2.jpg\",\"keywords\":[\"AREM\",\"Credit's Mines\",\"\u00c9lectronique\",\"ICM\",\"ISMIN\",\"Projets solidaires\",\"Robotique\"],\"articleSection\":[\"Vie \u00e9tudiante\"],\"inLanguage\":\"fr-FR\"},{\"@type\":\"WebPage\",\"@id\":\"https:\\\/\\\/www.mines-stetienne.fr\\\/panoramines\\\/2018\\\/11\\\/27\\\/initiatives-etudiantes-3\\\/\",\"url\":\"https:\\\/\\\/www.mines-stetienne.fr\\\/panoramines\\\/2018\\\/11\\\/27\\\/initiatives-etudiantes-3\\\/\",\"name\":\"Initiatives \u00e9tudiantes - Panoramines\",\"isPartOf\":{\"@id\":\"https:\\\/\\\/www.mines-stetienne.fr\\\/panoramines\\\/#website\"},\"primaryImageOfPage\":{\"@id\":\"https:\\\/\\\/www.mines-stetienne.fr\\\/panoramines\\\/2018\\\/11\\\/27\\\/initiatives-etudiantes-3\\\/#primaryimage\"},\"image\":{\"@id\":\"https:\\\/\\\/www.mines-stetienne.fr\\\/panoramines\\\/2018\\\/11\\\/27\\\/initiatives-etudiantes-3\\\/#primaryimage\"},\"thumbnailUrl\":\"https:\\\/\\\/www.mines-stetienne.fr\\\/panoramines\\\/wp-content\\\/uploads\\\/sites\\\/3\\\/2018\\\/11\\\/UneInitiativesEtudiantes2.jpg\",\"datePublished\":\"2018-11-27T08:15:59+00:00\",\"dateModified\":\"2018-11-29T08:19:32+00:00\",\"author\":{\"@id\":\"https:\\\/\\\/www.mines-stetienne.fr\\\/panoramines\\\/#\\\/schema\\\/person\\\/95e752e6dedac604ce4535123e0f8df7\"},\"breadcrumb\":{\"@id\":\"https:\\\/\\\/www.mines-stetienne.fr\\\/panoramines\\\/2018\\\/11\\\/27\\\/initiatives-etudiantes-3\\\/#breadcrumb\"},\"inLanguage\":\"fr-FR\",\"potentialAction\":[{\"@type\":\"ReadAction\",\"target\":[\"https:\\\/\\\/www.mines-stetienne.fr\\\/panoramines\\\/2018\\\/11\\\/27\\\/initiatives-etudiantes-3\\\/\"]}]},{\"@type\":\"ImageObject\",\"inLanguage\":\"fr-FR\",\"@id\":\"https:\\\/\\\/www.mines-stetienne.fr\\\/panoramines\\\/2018\\\/11\\\/27\\\/initiatives-etudiantes-3\\\/#primaryimage\",\"url\":\"https:\\\/\\\/www.mines-stetienne.fr\\\/panoramines\\\/wp-content\\\/uploads\\\/sites\\\/3\\\/2018\\\/11\\\/UneInitiativesEtudiantes2.jpg\",\"contentUrl\":\"https:\\\/\\\/www.mines-stetienne.fr\\\/panoramines\\\/wp-content\\\/uploads\\\/sites\\\/3\\\/2018\\\/11\\\/UneInitiativesEtudiantes2.jpg\",\"width\":700,\"height\":250},{\"@type\":\"BreadcrumbList\",\"@id\":\"https:\\\/\\\/www.mines-stetienne.fr\\\/panoramines\\\/2018\\\/11\\\/27\\\/initiatives-etudiantes-3\\\/#breadcrumb\",\"itemListElement\":[{\"@type\":\"ListItem\",\"position\":1,\"name\":\"Accueil\",\"item\":\"https:\\\/\\\/www.mines-stetienne.fr\\\/panoramines\\\/\"},{\"@type\":\"ListItem\",\"position\":2,\"name\":\"Initiatives \u00e9tudiantes\"}]},{\"@type\":\"WebSite\",\"@id\":\"https:\\\/\\\/www.mines-stetienne.fr\\\/panoramines\\\/#website\",\"url\":\"https:\\\/\\\/www.mines-stetienne.fr\\\/panoramines\\\/\",\"name\":\"Panoramines\",\"description\":\"Panoramines, l\u2019actualit\u00e9 de MINES Saint-\u00c9tienne\",\"potentialAction\":[{\"@type\":\"SearchAction\",\"target\":{\"@type\":\"EntryPoint\",\"urlTemplate\":\"https:\\\/\\\/www.mines-stetienne.fr\\\/panoramines\\\/?s={search_term_string}\"},\"query-input\":{\"@type\":\"PropertyValueSpecification\",\"valueRequired\":true,\"valueName\":\"search_term_string\"}}],\"inLanguage\":\"fr-FR\"},{\"@type\":\"Person\",\"@id\":\"https:\\\/\\\/www.mines-stetienne.fr\\\/panoramines\\\/#\\\/schema\\\/person\\\/95e752e6dedac604ce4535123e0f8df7\",\"name\":\"Nathalie\",\"image\":{\"@type\":\"ImageObject\",\"inLanguage\":\"fr-FR\",\"@id\":\"https:\\\/\\\/www.mines-stetienne.fr\\\/panoramines\\\/wp-content\\\/uploads\\\/sites\\\/3\\\/2021\\\/07\\\/logo-75x75-1.png\",\"url\":\"https:\\\/\\\/www.mines-stetienne.fr\\\/panoramines\\\/wp-content\\\/uploads\\\/sites\\\/3\\\/2021\\\/07\\\/logo-75x75-1.png\",\"contentUrl\":\"https:\\\/\\\/www.mines-stetienne.fr\\\/panoramines\\\/wp-content\\\/uploads\\\/sites\\\/3\\\/2021\\\/07\\\/logo-75x75-1.png\",\"caption\":\"Nathalie\"},\"url\":\"https:\\\/\\\/www.mines-stetienne.fr\\\/panoramines\\\/author\\\/nathalie\\\/\"}]}<\/script>\n<!-- \/ Yoast SEO plugin. -->","yoast_head_json":{"title":"Initiatives \u00e9tudiantes - Panoramines","robots":{"index":"index","follow":"follow","max-snippet":"max-snippet:-1","max-image-preview":"max-image-preview:large","max-video-preview":"max-video-preview:-1"},"canonical":"https:\/\/www.mines-stetienne.fr\/panoramines\/2018\/11\/27\/initiatives-etudiantes-3\/","og_locale":"fr_FR","og_type":"article","og_title":"Initiatives \u00e9tudiantes - Panoramines","og_description":"L&rsquo;association humanitaire des \u00e9tudiants et dipl\u00f4m\u00e9s ICM Credit&rsquo;s Mines participe au plus grand challenge solidaire \u00e9tudiant de France \u00ab\u00a0The Rise\u00a0\u00bb les 29 et 30 novembre 2018. L&rsquo;\u00e9quipe ISMIN Coupe de France de Robotique 2019 a construit le terrain qui permettra &hellip;","og_url":"https:\/\/www.mines-stetienne.fr\/panoramines\/2018\/11\/27\/initiatives-etudiantes-3\/","og_site_name":"Panoramines","article_published_time":"2018-11-27T08:15:59+00:00","article_modified_time":"2018-11-29T08:19:32+00:00","og_image":[{"width":700,"height":250,"url":"https:\/\/www.mines-stetienne.fr\/panoramines\/wp-content\/uploads\/sites\/3\/2018\/11\/UneInitiativesEtudiantes2.jpg","type":"image\/jpeg"}],"author":"Nathalie","twitter_card":"summary_large_image","twitter_misc":{"\u00c9crit par":" Nathalie","Dur\u00e9e de lecture estim\u00e9e":"2 minutes"},"schema":{"@context":"https:\/\/schema.org","@graph":[{"@type":"Article","@id":"https:\/\/www.mines-stetienne.fr\/panoramines\/2018\/11\/27\/initiatives-etudiantes-3\/#article","isPartOf":{"@id":"https:\/\/www.mines-stetienne.fr\/panoramines\/2018\/11\/27\/initiatives-etudiantes-3\/"},"author":{"name":"Nathalie","@id":"https:\/\/www.mines-stetienne.fr\/panoramines\/#\/schema\/person\/95e752e6dedac604ce4535123e0f8df7"},"headline":"Initiatives \u00e9tudiantes","datePublished":"2018-11-27T08:15:59+00:00","dateModified":"2018-11-29T08:19:32+00:00","mainEntityOfPage":{"@id":"https:\/\/www.mines-stetienne.fr\/panoramines\/2018\/11\/27\/initiatives-etudiantes-3\/"},"wordCount":350,"image":{"@id":"https:\/\/www.mines-stetienne.fr\/panoramines\/2018\/11\/27\/initiatives-etudiantes-3\/#primaryimage"},"thumbnailUrl":"https:\/\/www.mines-stetienne.fr\/panoramines\/wp-content\/uploads\/sites\/3\/2018\/11\/UneInitiativesEtudiantes2.jpg","keywords":["AREM","Credit's Mines","\u00c9lectronique","ICM","ISMIN","Projets solidaires","Robotique"],"articleSection":["Vie \u00e9tudiante"],"inLanguage":"fr-FR"},{"@type":"WebPage","@id":"https:\/\/www.mines-stetienne.fr\/panoramines\/2018\/11\/27\/initiatives-etudiantes-3\/","url":"https:\/\/www.mines-stetienne.fr\/panoramines\/2018\/11\/27\/initiatives-etudiantes-3\/","name":"Initiatives \u00e9tudiantes - Panoramines","isPartOf":{"@id":"https:\/\/www.mines-stetienne.fr\/panoramines\/#website"},"primaryImageOfPage":{"@id":"https:\/\/www.mines-stetienne.fr\/panoramines\/2018\/11\/27\/initiatives-etudiantes-3\/#primaryimage"},"image":{"@id":"https:\/\/www.mines-stetienne.fr\/panoramines\/2018\/11\/27\/initiatives-etudiantes-3\/#primaryimage"},"thumbnailUrl":"https:\/\/www.mines-stetienne.fr\/panoramines\/wp-content\/uploads\/sites\/3\/2018\/11\/UneInitiativesEtudiantes2.jpg","datePublished":"2018-11-27T08:15:59+00:00","dateModified":"2018-11-29T08:19:32+00:00","author":{"@id":"https:\/\/www.mines-stetienne.fr\/panoramines\/#\/schema\/person\/95e752e6dedac604ce4535123e0f8df7"},"breadcrumb":{"@id":"https:\/\/www.mines-stetienne.fr\/panoramines\/2018\/11\/27\/initiatives-etudiantes-3\/#breadcrumb"},"inLanguage":"fr-FR","potentialAction":[{"@type":"ReadAction","target":["https:\/\/www.mines-stetienne.fr\/panoramines\/2018\/11\/27\/initiatives-etudiantes-3\/"]}]},{"@type":"ImageObject","inLanguage":"fr-FR","@id":"https:\/\/www.mines-stetienne.fr\/panoramines\/2018\/11\/27\/initiatives-etudiantes-3\/#primaryimage","url":"https:\/\/www.mines-stetienne.fr\/panoramines\/wp-content\/uploads\/sites\/3\/2018\/11\/UneInitiativesEtudiantes2.jpg","contentUrl":"https:\/\/www.mines-stetienne.fr\/panoramines\/wp-content\/uploads\/sites\/3\/2018\/11\/UneInitiativesEtudiantes2.jpg","width":700,"height":250},{"@type":"BreadcrumbList","@id":"https:\/\/www.mines-stetienne.fr\/panoramines\/2018\/11\/27\/initiatives-etudiantes-3\/#breadcrumb","itemListElement":[{"@type":"ListItem","position":1,"name":"Accueil","item":"https:\/\/www.mines-stetienne.fr\/panoramines\/"},{"@type":"ListItem","position":2,"name":"Initiatives \u00e9tudiantes"}]},{"@type":"WebSite","@id":"https:\/\/www.mines-stetienne.fr\/panoramines\/#website","url":"https:\/\/www.mines-stetienne.fr\/panoramines\/","name":"Panoramines","description":"Panoramines, l\u2019actualit\u00e9 de MINES Saint-\u00c9tienne","potentialAction":[{"@type":"SearchAction","target":{"@type":"EntryPoint","urlTemplate":"https:\/\/www.mines-stetienne.fr\/panoramines\/?s={search_term_string}"},"query-input":{"@type":"PropertyValueSpecification","valueRequired":true,"valueName":"search_term_string"}}],"inLanguage":"fr-FR"},{"@type":"Person","@id":"https:\/\/www.mines-stetienne.fr\/panoramines\/#\/schema\/person\/95e752e6dedac604ce4535123e0f8df7","name":"Nathalie","image":{"@type":"ImageObject","inLanguage":"fr-FR","@id":"https:\/\/www.mines-stetienne.fr\/panoramines\/wp-content\/uploads\/sites\/3\/2021\/07\/logo-75x75-1.png","url":"https:\/\/www.mines-stetienne.fr\/panoramines\/wp-content\/uploads\/sites\/3\/2021\/07\/logo-75x75-1.png","contentUrl":"https:\/\/www.mines-stetienne.fr\/panoramines\/wp-content\/uploads\/sites\/3\/2021\/07\/logo-75x75-1.png","caption":"Nathalie"},"url":"https:\/\/www.mines-stetienne.fr\/panoramines\/author\/nathalie\/"}]}},"_links":{"self":[{"href":"https:\/\/www.mines-stetienne.fr\/panoramines\/wp-json\/wp\/v2\/posts\/15204","targetHints":{"allow":["GET"]}}],"collection":[{"href":"https:\/\/www.mines-stetienne.fr\/panoramines\/wp-json\/wp\/v2\/posts"}],"about":[{"href":"https:\/\/www.mines-stetienne.fr\/panoramines\/wp-json\/wp\/v2\/types\/post"}],"author":[{"embeddable":true,"href":"https:\/\/www.mines-stetienne.fr\/panoramines\/wp-json\/wp\/v2\/users\/3"}],"replies":[{"embeddable":true,"href":"https:\/\/www.mines-stetienne.fr\/panoramines\/wp-json\/wp\/v2\/comments?post=15204"}],"version-history":[{"count":11,"href":"https:\/\/www.mines-stetienne.fr\/panoramines\/wp-json\/wp\/v2\/posts\/15204\/revisions"}],"predecessor-version":[{"id":15333,"href":"https:\/\/www.mines-stetienne.fr\/panoramines\/wp-json\/wp\/v2\/posts\/15204\/revisions\/15333"}],"wp:featuredmedia":[{"embeddable":true,"href":"https:\/\/www.mines-stetienne.fr\/panoramines\/wp-json\/wp\/v2\/media\/15316"}],"wp:attachment":[{"href":"https:\/\/www.mines-stetienne.fr\/panoramines\/wp-json\/wp\/v2\/media?parent=15204"}],"wp:term":[{"taxonomy":"category","embeddable":true,"href":"https:\/\/www.mines-stetienne.fr\/panoramines\/wp-json\/wp\/v2\/categories?post=15204"},{"taxonomy":"post_tag","embeddable":true,"href":"https:\/\/www.mines-stetienne.fr\/panoramines\/wp-json\/wp\/v2\/tags?post=15204"}],"curies":[{"name":"wp","href":"https:\/\/api.w.org\/{rel}","templated":true}]}}