{"id":14961,"date":"2018-11-15T12:01:54","date_gmt":"2018-11-15T11:01:54","guid":{"rendered":"https:\/\/www.mines-stetienne.fr\/panoramines\/?p=14961"},"modified":"2018-11-22T13:46:00","modified_gmt":"2018-11-22T12:46:00","slug":"le-maturateur-teammines-saint-etienne-poursuit-sa-structuration","status":"publish","type":"post","link":"https:\/\/www.mines-stetienne.fr\/panoramines\/2018\/11\/15\/le-maturateur-teammines-saint-etienne-poursuit-sa-structuration\/","title":{"rendered":"Le  maturateur TEAM@Mines Saint-\u00c9tienne poursuit sa structuration"},"content":{"rendered":"<h5>6 \u00e0 24 mois de maturation, plus de 40 entreprises matur\u00e9es depuis 15 ans, un taux d&rsquo;existence \u00e0 5 ans de 85% : le dispositif TEAM@Mines Saint-\u00c9tienne propose des conditions de transfert de technologie organis\u00e9es et suivies en lien avec des experts de haut niveau et un r\u00e9seau de partenaires de l\u2019innovation sur ses campus.<\/h5>\n<p><strong>Expertise, valorisation, partenariat,<\/strong> le dispositif TEAM, Technologie, Entrepreneuriat, Accompagnement, Maturation de Mines Saint-\u00c9tienne accueille aujourd&rsquo;hui 22 projets et startups (dont trois <em>spin-off<\/em>).<br \/>\nPlusieurs contractualisations et projets de partenariat sont en cours.<\/p>\n<p><strong>TEAM@Mines Saint-\u00c9tienne d\u00e9veloppe des outils ambitieux<\/strong> pour soutenir les d\u00e9marches entrepreneuriales et d&rsquo;innovation des entreprises qu&rsquo;elle accompagne, telles que <a href=\"https:\/\/www.imt.fr\/pocandgo\/\">Poc &amp; Go<\/a>.<\/p>\n<p><strong>TEAM sera aux c\u00f4t\u00e9s de l&rsquo;IMT<\/strong> <em><a href=\"https:\/\/www.imt.fr\/limt-au-ces-2019-a-las-vegas\/\" target=\"_blank\" rel=\"noopener\">\u00ab\u00a0qui emm\u00e8ne 21 start-up des incubateurs de ses \u00e9coles au CES 2019<\/a>\u00ab\u00a0<\/em> ; trois d&rsquo;entre elles accompagn\u00e9es par TEAM@Mines Saint-\u00c9tienne, se rendront \u00e0 Las Vegas en janvier prochain :<\/p>\n<ul>\n<li><strong><a href=\"http:\/\/movinsmart.org\/\" target=\"_blank\" rel=\"noopener\">Mouv\u2019in smart<\/a><\/strong>, conception, d\u00e9veloppement et exploitation de dispositifs de monitoring de l\u2019activit\u00e9 physique du cheval et du cavalier,<\/li>\n<li><a href=\"http:\/\/opti-waves.com\/\" target=\"_blank\" rel=\"noopener\"><strong>OptiWaves<\/strong> <\/a>, r\u00e9alisation de<span class=\"st\"> proth\u00e8ses dentaires gr\u00e2ce au frittage de c\u00e9ramiques par micro-ondes,<\/span><\/li>\n<li>et <a href=\"http:\/\/www.predisurge.com\/\"><strong>PrediSurge<\/strong><\/a>, conception d\u2019un logiciel pour un proc\u00e9d\u00e9 de simulation et de pr\u00e9paration d\u2019op\u00e9rations chirurgicales.<\/li>\n<\/ul>\n<p><strong>Les domaines d&rsquo;activit\u00e9s de nos startups s&rsquo;appuient sur les champs d&rsquo;expertises<\/strong> de Mines Saint-\u00c9tienne : micro\u00e9lectronique, optimisation et logistique, s\u00e9curit\u00e9, bio\u00e9lectronique, mat\u00e9riaux et proc\u00e9d\u00e9s, num\u00e9rique, environnement, sant\u00e9&#8230;<\/p>\n<p>En particulier, gr\u00e2ce \u00e0 son Centre Ing\u00e9nierie et Sant\u00e9 install\u00e9 sur le Campus Sant\u00e9 innovations, l&rsquo;\u00e9cole souhaite accompagner des projets et des co-cr\u00e9ations dans le domaine de la sant\u00e9, tels que <strong>Systole, AHF, Stansea<\/strong>, ou encore <strong>Life Medical Control<\/strong> h\u00e9berg\u00e9e au sein de TEAM@Mines Saint-\u00c9tienne sur le Campus Sant\u00e9 Innovations.<\/p>\n<hr \/>\n<h5><span style=\"color: #800080\">T\u00e9moignage de Life Medical Control : le d\u00e9pistage de l\u2019AVC devient une r\u00e9alit\u00e9.<\/span><\/h5>\n<p><em>\u00ab\u00a0Nous continuons notre op\u00e9ration de d\u00e9ploiement aupr\u00e8s des pharmacies de la r\u00e9gion. En effet un an apr\u00e8s le d\u00e9but de l\u2019op\u00e9ration exp\u00e9rimentale avec l\u2019URPS Pharmacien, l\u2019Universit\u00e9 Jean Monnet ainsi que le CETAF de la Loire et du Rh\u00f4ne nous avons \u00e9quip\u00e9 plus de 70 pharmacies. Ce r\u00e9seau qui s&rsquo;agrandit permet aux pharmaciens de sensibiliser leurs clients aux risques d\u2019AVC voire de leur faire faire le test NeuroCoach gratuitement pour conna\u00eetre leur niveau de risque face \u00e0 l\u2019AVC.\u00a0\u00bb<\/em><\/p>\n<p><strong>Les r\u00e9sultats du terrain<\/strong><br \/>\n<em>\u00ab\u00a0Apr\u00e8s un an d\u2019exp\u00e9rimentation les retours sont tr\u00e8s positifs. La satisfaction terrain vis-\u00e0-vis de notre solution de d\u00e9pistage est au rendez-vous et le nombre de personnes d\u00e9pist\u00e9es pour un facteur de risque est sup\u00e9rieur \u00e0 nos pr\u00e9visions. Des r\u00e9sultats encourageants qui nous poussent, nos partenaires et nous-m\u00eames \u00e0 aller encore plus loin dans ce combat face \u00e0 l\u2019AVC.\u00a0\u00bb<\/em><\/p>\n<hr \/>\n<p>Contacts pour l&rsquo;\u00e9quipe TEAM\u00a0au sein de la direction de la recherche et de l&rsquo;innovation : <a href=\"m&#97;&#105;&#108;&#x74;&#x6f;&#x3a;ju&#108;&#105;&#x65;&#x2e;&#x63;&#x61;za&#108;&#64;&#x65;&#x6d;&#x73;&#x65;&#46;&#102;&#114;\">Julie Cazal<\/a>, <a href=\"&#109;&#x61;&#x69;&#108;&#x74;&#x6f;:&#x6e;&#x61;b&#105;&#x6c;a&#46;&#x68;a&#108;&#x69;m&#97;&#x40;e&#109;&#x73;&#x65;&#46;&#x66;&#x72;\">Nabila Halima-Meddah<\/a><\/p>\n<p>Suivre l&rsquo;actualit\u00e9 sur <a class=\"ProfileHeaderCard-screennameLink u-linkComplex js-nav\" href=\"https:\/\/twitter.com\/TeamMINES\"><span class=\"username u-dir\" dir=\"ltr\">@TeamMINES<\/span><\/a><\/p>\n<hr \/>\n<p>&nbsp;<\/p>\n","protected":false},"excerpt":{"rendered":"<p>6 \u00e0 24 mois de maturation, plus de 40 entreprises matur\u00e9es depuis 15 ans, un taux d&rsquo;existence \u00e0 5 ans de 85% : le dispositif TEAM@Mines Saint-\u00c9tienne propose des conditions de transfert de technologie organis\u00e9es et suivies en lien avec &hellip;<\/p>\n","protected":false},"author":3,"featured_media":15002,"comment_status":"closed","ping_status":"open","sticky":false,"template":"","format":"standard","meta":{"_relevanssi_hide_post":"","_relevanssi_hide_content":"","_relevanssi_pin_for_all":"","_relevanssi_pin_keywords":"","_relevanssi_unpin_keywords":"","_relevanssi_related_keywords":"","_relevanssi_related_include_ids":"","_relevanssi_related_exclude_ids":"","_relevanssi_related_no_append":"","_relevanssi_related_not_related":"","_relevanssi_related_posts":"","_relevanssi_noindex_reason":"","footnotes":""},"categories":[19],"tags":[359,97,111,140],"class_list":["post-14961","post","type-post","status-publish","format-standard","has-post-thumbnail","hentry","category-entreprise","tag-ces","tag-imt","tag-sante","tag-team"],"pp_statuses_selecting_workflow":false,"pp_workflow_action":"current","pp_status_selection":"publish","pp_force_visibility":null,"pp_subpost_visibility":null,"pp_inherited_force_visibility":null,"pp_inherited_subpost_visibility":null,"yoast_head":"<!-- This site is optimized with the Yoast SEO plugin v27.4 - https:\/\/yoast.com\/product\/yoast-seo-wordpress\/ -->\n<title>Le maturateur TEAM@Mines Saint-\u00c9tienne poursuit sa structuration - Panoramines<\/title>\n<meta name=\"robots\" content=\"index, follow, max-snippet:-1, max-image-preview:large, max-video-preview:-1\" \/>\n<link rel=\"canonical\" href=\"https:\/\/www.mines-stetienne.fr\/panoramines\/2018\/11\/15\/le-maturateur-teammines-saint-etienne-poursuit-sa-structuration\/\" \/>\n<meta property=\"og:locale\" content=\"fr_FR\" \/>\n<meta property=\"og:type\" content=\"article\" \/>\n<meta property=\"og:title\" content=\"Le maturateur TEAM@Mines Saint-\u00c9tienne poursuit sa structuration - Panoramines\" \/>\n<meta property=\"og:description\" content=\"6 \u00e0 24 mois de maturation, plus de 40 entreprises matur\u00e9es depuis 15 ans, un taux d&rsquo;existence \u00e0 5 ans de 85% : le dispositif TEAM@Mines Saint-\u00c9tienne propose des conditions de transfert de technologie organis\u00e9es et suivies en lien avec &hellip;\" \/>\n<meta property=\"og:url\" content=\"https:\/\/www.mines-stetienne.fr\/panoramines\/2018\/11\/15\/le-maturateur-teammines-saint-etienne-poursuit-sa-structuration\/\" \/>\n<meta property=\"og:site_name\" content=\"Panoramines\" \/>\n<meta property=\"article:published_time\" content=\"2018-11-15T11:01:54+00:00\" \/>\n<meta property=\"article:modified_time\" content=\"2018-11-22T12:46:00+00:00\" \/>\n<meta property=\"og:image\" content=\"https:\/\/www.mines-stetienne.fr\/panoramines\/wp-content\/uploads\/sites\/3\/2018\/11\/UneTeam.jpg\" \/>\n\t<meta property=\"og:image:width\" content=\"700\" \/>\n\t<meta property=\"og:image:height\" content=\"233\" \/>\n\t<meta property=\"og:image:type\" content=\"image\/jpeg\" \/>\n<meta name=\"author\" content=\"Nathalie\" \/>\n<meta name=\"twitter:card\" content=\"summary_large_image\" \/>\n<meta name=\"twitter:label1\" content=\"\u00c9crit par\" \/>\n\t<meta name=\"twitter:data1\" content=\" Nathalie\" \/>\n\t<meta name=\"twitter:label2\" content=\"Dur\u00e9e de lecture estim\u00e9e\" \/>\n\t<meta name=\"twitter:data2\" content=\"2 minutes\" \/>\n<script type=\"application\/ld+json\" class=\"yoast-schema-graph\">{\"@context\":\"https:\\\/\\\/schema.org\",\"@graph\":[{\"@type\":\"Article\",\"@id\":\"https:\\\/\\\/www.mines-stetienne.fr\\\/panoramines\\\/2018\\\/11\\\/15\\\/le-maturateur-teammines-saint-etienne-poursuit-sa-structuration\\\/#article\",\"isPartOf\":{\"@id\":\"https:\\\/\\\/www.mines-stetienne.fr\\\/panoramines\\\/2018\\\/11\\\/15\\\/le-maturateur-teammines-saint-etienne-poursuit-sa-structuration\\\/\"},\"author\":{\"name\":\"Nathalie\",\"@id\":\"https:\\\/\\\/www.mines-stetienne.fr\\\/panoramines\\\/#\\\/schema\\\/person\\\/95e752e6dedac604ce4535123e0f8df7\"},\"headline\":\"Le maturateur TEAM@Mines Saint-\u00c9tienne poursuit sa structuration\",\"datePublished\":\"2018-11-15T11:01:54+00:00\",\"dateModified\":\"2018-11-22T12:46:00+00:00\",\"mainEntityOfPage\":{\"@id\":\"https:\\\/\\\/www.mines-stetienne.fr\\\/panoramines\\\/2018\\\/11\\\/15\\\/le-maturateur-teammines-saint-etienne-poursuit-sa-structuration\\\/\"},\"wordCount\":508,\"image\":{\"@id\":\"https:\\\/\\\/www.mines-stetienne.fr\\\/panoramines\\\/2018\\\/11\\\/15\\\/le-maturateur-teammines-saint-etienne-poursuit-sa-structuration\\\/#primaryimage\"},\"thumbnailUrl\":\"https:\\\/\\\/www.mines-stetienne.fr\\\/panoramines\\\/wp-content\\\/uploads\\\/sites\\\/3\\\/2018\\\/11\\\/UneTeam.jpg\",\"keywords\":[\"CES\",\"IMT\",\"Sant\u00e9\",\"TEAM\"],\"articleSection\":[\"Entreprise\"],\"inLanguage\":\"fr-FR\"},{\"@type\":\"WebPage\",\"@id\":\"https:\\\/\\\/www.mines-stetienne.fr\\\/panoramines\\\/2018\\\/11\\\/15\\\/le-maturateur-teammines-saint-etienne-poursuit-sa-structuration\\\/\",\"url\":\"https:\\\/\\\/www.mines-stetienne.fr\\\/panoramines\\\/2018\\\/11\\\/15\\\/le-maturateur-teammines-saint-etienne-poursuit-sa-structuration\\\/\",\"name\":\"Le maturateur TEAM@Mines Saint-\u00c9tienne poursuit sa structuration - Panoramines\",\"isPartOf\":{\"@id\":\"https:\\\/\\\/www.mines-stetienne.fr\\\/panoramines\\\/#website\"},\"primaryImageOfPage\":{\"@id\":\"https:\\\/\\\/www.mines-stetienne.fr\\\/panoramines\\\/2018\\\/11\\\/15\\\/le-maturateur-teammines-saint-etienne-poursuit-sa-structuration\\\/#primaryimage\"},\"image\":{\"@id\":\"https:\\\/\\\/www.mines-stetienne.fr\\\/panoramines\\\/2018\\\/11\\\/15\\\/le-maturateur-teammines-saint-etienne-poursuit-sa-structuration\\\/#primaryimage\"},\"thumbnailUrl\":\"https:\\\/\\\/www.mines-stetienne.fr\\\/panoramines\\\/wp-content\\\/uploads\\\/sites\\\/3\\\/2018\\\/11\\\/UneTeam.jpg\",\"datePublished\":\"2018-11-15T11:01:54+00:00\",\"dateModified\":\"2018-11-22T12:46:00+00:00\",\"author\":{\"@id\":\"https:\\\/\\\/www.mines-stetienne.fr\\\/panoramines\\\/#\\\/schema\\\/person\\\/95e752e6dedac604ce4535123e0f8df7\"},\"breadcrumb\":{\"@id\":\"https:\\\/\\\/www.mines-stetienne.fr\\\/panoramines\\\/2018\\\/11\\\/15\\\/le-maturateur-teammines-saint-etienne-poursuit-sa-structuration\\\/#breadcrumb\"},\"inLanguage\":\"fr-FR\",\"potentialAction\":[{\"@type\":\"ReadAction\",\"target\":[\"https:\\\/\\\/www.mines-stetienne.fr\\\/panoramines\\\/2018\\\/11\\\/15\\\/le-maturateur-teammines-saint-etienne-poursuit-sa-structuration\\\/\"]}]},{\"@type\":\"ImageObject\",\"inLanguage\":\"fr-FR\",\"@id\":\"https:\\\/\\\/www.mines-stetienne.fr\\\/panoramines\\\/2018\\\/11\\\/15\\\/le-maturateur-teammines-saint-etienne-poursuit-sa-structuration\\\/#primaryimage\",\"url\":\"https:\\\/\\\/www.mines-stetienne.fr\\\/panoramines\\\/wp-content\\\/uploads\\\/sites\\\/3\\\/2018\\\/11\\\/UneTeam.jpg\",\"contentUrl\":\"https:\\\/\\\/www.mines-stetienne.fr\\\/panoramines\\\/wp-content\\\/uploads\\\/sites\\\/3\\\/2018\\\/11\\\/UneTeam.jpg\",\"width\":700,\"height\":233},{\"@type\":\"BreadcrumbList\",\"@id\":\"https:\\\/\\\/www.mines-stetienne.fr\\\/panoramines\\\/2018\\\/11\\\/15\\\/le-maturateur-teammines-saint-etienne-poursuit-sa-structuration\\\/#breadcrumb\",\"itemListElement\":[{\"@type\":\"ListItem\",\"position\":1,\"name\":\"Accueil\",\"item\":\"https:\\\/\\\/www.mines-stetienne.fr\\\/panoramines\\\/\"},{\"@type\":\"ListItem\",\"position\":2,\"name\":\"Le maturateur TEAM@Mines Saint-\u00c9tienne poursuit sa structuration\"}]},{\"@type\":\"WebSite\",\"@id\":\"https:\\\/\\\/www.mines-stetienne.fr\\\/panoramines\\\/#website\",\"url\":\"https:\\\/\\\/www.mines-stetienne.fr\\\/panoramines\\\/\",\"name\":\"Panoramines\",\"description\":\"Panoramines, l\u2019actualit\u00e9 de MINES Saint-\u00c9tienne\",\"potentialAction\":[{\"@type\":\"SearchAction\",\"target\":{\"@type\":\"EntryPoint\",\"urlTemplate\":\"https:\\\/\\\/www.mines-stetienne.fr\\\/panoramines\\\/?s={search_term_string}\"},\"query-input\":{\"@type\":\"PropertyValueSpecification\",\"valueRequired\":true,\"valueName\":\"search_term_string\"}}],\"inLanguage\":\"fr-FR\"},{\"@type\":\"Person\",\"@id\":\"https:\\\/\\\/www.mines-stetienne.fr\\\/panoramines\\\/#\\\/schema\\\/person\\\/95e752e6dedac604ce4535123e0f8df7\",\"name\":\"Nathalie\",\"image\":{\"@type\":\"ImageObject\",\"inLanguage\":\"fr-FR\",\"@id\":\"https:\\\/\\\/www.mines-stetienne.fr\\\/panoramines\\\/wp-content\\\/uploads\\\/sites\\\/3\\\/2021\\\/07\\\/logo-75x75-1.png\",\"url\":\"https:\\\/\\\/www.mines-stetienne.fr\\\/panoramines\\\/wp-content\\\/uploads\\\/sites\\\/3\\\/2021\\\/07\\\/logo-75x75-1.png\",\"contentUrl\":\"https:\\\/\\\/www.mines-stetienne.fr\\\/panoramines\\\/wp-content\\\/uploads\\\/sites\\\/3\\\/2021\\\/07\\\/logo-75x75-1.png\",\"caption\":\"Nathalie\"},\"url\":\"https:\\\/\\\/www.mines-stetienne.fr\\\/panoramines\\\/author\\\/nathalie\\\/\"}]}<\/script>\n<!-- \/ Yoast SEO plugin. -->","yoast_head_json":{"title":"Le maturateur TEAM@Mines Saint-\u00c9tienne poursuit sa structuration - Panoramines","robots":{"index":"index","follow":"follow","max-snippet":"max-snippet:-1","max-image-preview":"max-image-preview:large","max-video-preview":"max-video-preview:-1"},"canonical":"https:\/\/www.mines-stetienne.fr\/panoramines\/2018\/11\/15\/le-maturateur-teammines-saint-etienne-poursuit-sa-structuration\/","og_locale":"fr_FR","og_type":"article","og_title":"Le maturateur TEAM@Mines Saint-\u00c9tienne poursuit sa structuration - Panoramines","og_description":"6 \u00e0 24 mois de maturation, plus de 40 entreprises matur\u00e9es depuis 15 ans, un taux d&rsquo;existence \u00e0 5 ans de 85% : le dispositif TEAM@Mines Saint-\u00c9tienne propose des conditions de transfert de technologie organis\u00e9es et suivies en lien avec &hellip;","og_url":"https:\/\/www.mines-stetienne.fr\/panoramines\/2018\/11\/15\/le-maturateur-teammines-saint-etienne-poursuit-sa-structuration\/","og_site_name":"Panoramines","article_published_time":"2018-11-15T11:01:54+00:00","article_modified_time":"2018-11-22T12:46:00+00:00","og_image":[{"width":700,"height":233,"url":"https:\/\/www.mines-stetienne.fr\/panoramines\/wp-content\/uploads\/sites\/3\/2018\/11\/UneTeam.jpg","type":"image\/jpeg"}],"author":"Nathalie","twitter_card":"summary_large_image","twitter_misc":{"\u00c9crit par":" Nathalie","Dur\u00e9e de lecture estim\u00e9e":"2 minutes"},"schema":{"@context":"https:\/\/schema.org","@graph":[{"@type":"Article","@id":"https:\/\/www.mines-stetienne.fr\/panoramines\/2018\/11\/15\/le-maturateur-teammines-saint-etienne-poursuit-sa-structuration\/#article","isPartOf":{"@id":"https:\/\/www.mines-stetienne.fr\/panoramines\/2018\/11\/15\/le-maturateur-teammines-saint-etienne-poursuit-sa-structuration\/"},"author":{"name":"Nathalie","@id":"https:\/\/www.mines-stetienne.fr\/panoramines\/#\/schema\/person\/95e752e6dedac604ce4535123e0f8df7"},"headline":"Le maturateur TEAM@Mines Saint-\u00c9tienne poursuit sa structuration","datePublished":"2018-11-15T11:01:54+00:00","dateModified":"2018-11-22T12:46:00+00:00","mainEntityOfPage":{"@id":"https:\/\/www.mines-stetienne.fr\/panoramines\/2018\/11\/15\/le-maturateur-teammines-saint-etienne-poursuit-sa-structuration\/"},"wordCount":508,"image":{"@id":"https:\/\/www.mines-stetienne.fr\/panoramines\/2018\/11\/15\/le-maturateur-teammines-saint-etienne-poursuit-sa-structuration\/#primaryimage"},"thumbnailUrl":"https:\/\/www.mines-stetienne.fr\/panoramines\/wp-content\/uploads\/sites\/3\/2018\/11\/UneTeam.jpg","keywords":["CES","IMT","Sant\u00e9","TEAM"],"articleSection":["Entreprise"],"inLanguage":"fr-FR"},{"@type":"WebPage","@id":"https:\/\/www.mines-stetienne.fr\/panoramines\/2018\/11\/15\/le-maturateur-teammines-saint-etienne-poursuit-sa-structuration\/","url":"https:\/\/www.mines-stetienne.fr\/panoramines\/2018\/11\/15\/le-maturateur-teammines-saint-etienne-poursuit-sa-structuration\/","name":"Le maturateur TEAM@Mines Saint-\u00c9tienne poursuit sa structuration - Panoramines","isPartOf":{"@id":"https:\/\/www.mines-stetienne.fr\/panoramines\/#website"},"primaryImageOfPage":{"@id":"https:\/\/www.mines-stetienne.fr\/panoramines\/2018\/11\/15\/le-maturateur-teammines-saint-etienne-poursuit-sa-structuration\/#primaryimage"},"image":{"@id":"https:\/\/www.mines-stetienne.fr\/panoramines\/2018\/11\/15\/le-maturateur-teammines-saint-etienne-poursuit-sa-structuration\/#primaryimage"},"thumbnailUrl":"https:\/\/www.mines-stetienne.fr\/panoramines\/wp-content\/uploads\/sites\/3\/2018\/11\/UneTeam.jpg","datePublished":"2018-11-15T11:01:54+00:00","dateModified":"2018-11-22T12:46:00+00:00","author":{"@id":"https:\/\/www.mines-stetienne.fr\/panoramines\/#\/schema\/person\/95e752e6dedac604ce4535123e0f8df7"},"breadcrumb":{"@id":"https:\/\/www.mines-stetienne.fr\/panoramines\/2018\/11\/15\/le-maturateur-teammines-saint-etienne-poursuit-sa-structuration\/#breadcrumb"},"inLanguage":"fr-FR","potentialAction":[{"@type":"ReadAction","target":["https:\/\/www.mines-stetienne.fr\/panoramines\/2018\/11\/15\/le-maturateur-teammines-saint-etienne-poursuit-sa-structuration\/"]}]},{"@type":"ImageObject","inLanguage":"fr-FR","@id":"https:\/\/www.mines-stetienne.fr\/panoramines\/2018\/11\/15\/le-maturateur-teammines-saint-etienne-poursuit-sa-structuration\/#primaryimage","url":"https:\/\/www.mines-stetienne.fr\/panoramines\/wp-content\/uploads\/sites\/3\/2018\/11\/UneTeam.jpg","contentUrl":"https:\/\/www.mines-stetienne.fr\/panoramines\/wp-content\/uploads\/sites\/3\/2018\/11\/UneTeam.jpg","width":700,"height":233},{"@type":"BreadcrumbList","@id":"https:\/\/www.mines-stetienne.fr\/panoramines\/2018\/11\/15\/le-maturateur-teammines-saint-etienne-poursuit-sa-structuration\/#breadcrumb","itemListElement":[{"@type":"ListItem","position":1,"name":"Accueil","item":"https:\/\/www.mines-stetienne.fr\/panoramines\/"},{"@type":"ListItem","position":2,"name":"Le maturateur TEAM@Mines Saint-\u00c9tienne poursuit sa structuration"}]},{"@type":"WebSite","@id":"https:\/\/www.mines-stetienne.fr\/panoramines\/#website","url":"https:\/\/www.mines-stetienne.fr\/panoramines\/","name":"Panoramines","description":"Panoramines, l\u2019actualit\u00e9 de MINES Saint-\u00c9tienne","potentialAction":[{"@type":"SearchAction","target":{"@type":"EntryPoint","urlTemplate":"https:\/\/www.mines-stetienne.fr\/panoramines\/?s={search_term_string}"},"query-input":{"@type":"PropertyValueSpecification","valueRequired":true,"valueName":"search_term_string"}}],"inLanguage":"fr-FR"},{"@type":"Person","@id":"https:\/\/www.mines-stetienne.fr\/panoramines\/#\/schema\/person\/95e752e6dedac604ce4535123e0f8df7","name":"Nathalie","image":{"@type":"ImageObject","inLanguage":"fr-FR","@id":"https:\/\/www.mines-stetienne.fr\/panoramines\/wp-content\/uploads\/sites\/3\/2021\/07\/logo-75x75-1.png","url":"https:\/\/www.mines-stetienne.fr\/panoramines\/wp-content\/uploads\/sites\/3\/2021\/07\/logo-75x75-1.png","contentUrl":"https:\/\/www.mines-stetienne.fr\/panoramines\/wp-content\/uploads\/sites\/3\/2021\/07\/logo-75x75-1.png","caption":"Nathalie"},"url":"https:\/\/www.mines-stetienne.fr\/panoramines\/author\/nathalie\/"}]}},"_links":{"self":[{"href":"https:\/\/www.mines-stetienne.fr\/panoramines\/wp-json\/wp\/v2\/posts\/14961","targetHints":{"allow":["GET"]}}],"collection":[{"href":"https:\/\/www.mines-stetienne.fr\/panoramines\/wp-json\/wp\/v2\/posts"}],"about":[{"href":"https:\/\/www.mines-stetienne.fr\/panoramines\/wp-json\/wp\/v2\/types\/post"}],"author":[{"embeddable":true,"href":"https:\/\/www.mines-stetienne.fr\/panoramines\/wp-json\/wp\/v2\/users\/3"}],"replies":[{"embeddable":true,"href":"https:\/\/www.mines-stetienne.fr\/panoramines\/wp-json\/wp\/v2\/comments?post=14961"}],"version-history":[{"count":19,"href":"https:\/\/www.mines-stetienne.fr\/panoramines\/wp-json\/wp\/v2\/posts\/14961\/revisions"}],"predecessor-version":[{"id":15192,"href":"https:\/\/www.mines-stetienne.fr\/panoramines\/wp-json\/wp\/v2\/posts\/14961\/revisions\/15192"}],"wp:featuredmedia":[{"embeddable":true,"href":"https:\/\/www.mines-stetienne.fr\/panoramines\/wp-json\/wp\/v2\/media\/15002"}],"wp:attachment":[{"href":"https:\/\/www.mines-stetienne.fr\/panoramines\/wp-json\/wp\/v2\/media?parent=14961"}],"wp:term":[{"taxonomy":"category","embeddable":true,"href":"https:\/\/www.mines-stetienne.fr\/panoramines\/wp-json\/wp\/v2\/categories?post=14961"},{"taxonomy":"post_tag","embeddable":true,"href":"https:\/\/www.mines-stetienne.fr\/panoramines\/wp-json\/wp\/v2\/tags?post=14961"}],"curies":[{"name":"wp","href":"https:\/\/api.w.org\/{rel}","templated":true}]}}