{"id":14940,"date":"2018-11-26T09:31:06","date_gmt":"2018-11-26T08:31:06","guid":{"rendered":"https:\/\/www.mines-stetienne.fr\/panoramines\/?p=14940"},"modified":"2024-03-07T16:06:26","modified_gmt":"2024-03-07T15:06:26","slug":"les-eleves-ismin-donnent-forme-a-lentrepreneuriat-etudiant","status":"publish","type":"post","link":"https:\/\/www.mines-stetienne.fr\/panoramines\/2018\/11\/26\/les-eleves-ismin-donnent-forme-a-lentrepreneuriat-etudiant\/","title":{"rendered":"Les \u00e9l\u00e8ves ISMIN donnent forme \u00e0 l&rsquo;entrepreneuriat \u00e9tudiant"},"content":{"rendered":"<h4>&#8211; au hackathon IA &amp; Sant\u00e9 \u00ab\u00a0Making sense for health big data\u00a0\u00bb organis\u00e9 les 19 et 20 novembre par notre partenaire On[e]Life : 16 \u00e9l\u00e8ves participants et deux \u00e9quipes ISMIN sur le podium,<br \/>\n&#8211; aux 36h chrono de la cr\u00e9ation d&rsquo;entreprise, projet phare du Pepite Paca Ouest : 20 \u00e9l\u00e8ves ISMIN engag\u00e9s et un \u00e9l\u00e8ve prim\u00e9 en \u00e9quipe,<br \/>\n&#8211; \u00e0 la \u00ab\u00a0Student Battle dev\u00a0\u00bb, organis\u00e9 en collaboration avec Thal\u00e8s le 6 novembre : 20 participants et une belle repr\u00e9sentation collective.<\/h4>\n<hr \/>\n<h5><span style=\"color: #800080\"><strong>Hackathon <span class=\"color_21\">ON[e]Life : d<\/span>eux \u00e9quipes ISMIN sur le podium<\/strong><\/span><\/h5>\n<p>Le hackathon\u00a0<a href=\"https:\/\/www.onelife-git.com\/copie-de-description\" target=\"_blank\" rel=\"noopener\"> IA &amp; Sant\u00e9 \u00abmaking sense for health big data\u00bb<\/a> organis\u00e9 par notre partenaire <strong><a href=\"http:\/\/onelife.bio\/\" target=\"_blank\" rel=\"noopener\">On[e]Life<\/a> <\/strong>\u00e0 Marseille les 19 et 20 novembre s&rsquo;est d\u00e9roul\u00e9 dans le cadre de l&rsquo;\u00e9v\u00e9nement <a href=\"https:\/\/innovinmed.com\/\" target=\"_blank\" rel=\"noopener\">Innov\u2019inMed<\/a> d\u00e9di\u00e9 \u00e0 l\u2019innovation en sant\u00e9.<\/p>\n<p>Le d\u00e9fi consistait \u00e0 cr\u00e9er une application, une plate-forme ou une technologie en lien avec la sant\u00e9 au quotidien : sur les 8 \u00e9quipes engag\u00e9es, <strong>5 \u00e9taient compos\u00e9es d&rsquo;\u00e9l\u00e8ves ing\u00e9nieurs ISMIN<\/strong> qui ont brillamment relev\u00e9 le d\u00e9fi de ces journ\u00e9es collaboratives et cr\u00e9atives.<\/p>\n<div id='gallery-1' class='gallery galleryid-14940 gallery-columns-4 gallery-size-thumbnail'><dl class='gallery-item'>\n\t\t\t<dt class='gallery-icon landscape'>\n\t\t\t\t<a href='https:\/\/www.mines-stetienne.fr\/panoramines\/wp-content\/uploads\/sites\/3\/2018\/11\/InnovMed2018_4.jpg'><img loading=\"lazy\" decoding=\"async\" width=\"150\" height=\"150\" src=\"https:\/\/www.mines-stetienne.fr\/panoramines\/wp-content\/uploads\/sites\/3\/2018\/11\/InnovMed2018_4-150x150.jpg\" class=\"attachment-thumbnail size-thumbnail\" alt=\"\" srcset=\"https:\/\/www.mines-stetienne.fr\/panoramines\/wp-content\/uploads\/sites\/3\/2018\/11\/InnovMed2018_4-150x150.jpg 150w, https:\/\/www.mines-stetienne.fr\/panoramines\/wp-content\/uploads\/sites\/3\/2018\/11\/InnovMed2018_4-75x75.jpg 75w, https:\/\/www.mines-stetienne.fr\/panoramines\/wp-content\/uploads\/sites\/3\/2018\/11\/InnovMed2018_4-360x360.jpg 360w\" sizes=\"auto, (max-width: 150px) 100vw, 150px\" \/><\/a>\n\t\t\t<\/dt><\/dl><dl class='gallery-item'>\n\t\t\t<dt class='gallery-icon landscape'>\n\t\t\t\t<a href='https:\/\/www.mines-stetienne.fr\/panoramines\/wp-content\/uploads\/sites\/3\/2018\/11\/innovMed3e.jpg'><img loading=\"lazy\" decoding=\"async\" width=\"150\" height=\"150\" src=\"https:\/\/www.mines-stetienne.fr\/panoramines\/wp-content\/uploads\/sites\/3\/2018\/11\/innovMed3e-150x150.jpg\" class=\"attachment-thumbnail size-thumbnail\" alt=\"\" srcset=\"https:\/\/www.mines-stetienne.fr\/panoramines\/wp-content\/uploads\/sites\/3\/2018\/11\/innovMed3e-150x150.jpg 150w, https:\/\/www.mines-stetienne.fr\/panoramines\/wp-content\/uploads\/sites\/3\/2018\/11\/innovMed3e-75x75.jpg 75w\" sizes=\"auto, (max-width: 150px) 100vw, 150px\" \/><\/a>\n\t\t\t<\/dt><\/dl><dl class='gallery-item'>\n\t\t\t<dt class='gallery-icon landscape'>\n\t\t\t\t<a href='https:\/\/www.mines-stetienne.fr\/panoramines\/wp-content\/uploads\/sites\/3\/2018\/11\/InnovMed2018_2.jpg'><img loading=\"lazy\" decoding=\"async\" width=\"150\" height=\"150\" src=\"https:\/\/www.mines-stetienne.fr\/panoramines\/wp-content\/uploads\/sites\/3\/2018\/11\/InnovMed2018_2-150x150.jpg\" class=\"attachment-thumbnail size-thumbnail\" alt=\"\" srcset=\"https:\/\/www.mines-stetienne.fr\/panoramines\/wp-content\/uploads\/sites\/3\/2018\/11\/InnovMed2018_2-150x150.jpg 150w, https:\/\/www.mines-stetienne.fr\/panoramines\/wp-content\/uploads\/sites\/3\/2018\/11\/InnovMed2018_2-75x75.jpg 75w, https:\/\/www.mines-stetienne.fr\/panoramines\/wp-content\/uploads\/sites\/3\/2018\/11\/InnovMed2018_2-360x360.jpg 360w\" sizes=\"auto, (max-width: 150px) 100vw, 150px\" \/><\/a>\n\t\t\t<\/dt><\/dl><dl class='gallery-item'>\n\t\t\t<dt class='gallery-icon landscape'>\n\t\t\t\t<a href='https:\/\/www.mines-stetienne.fr\/panoramines\/wp-content\/uploads\/sites\/3\/2018\/11\/InnovMed2018_3.jpg'><img loading=\"lazy\" decoding=\"async\" width=\"150\" height=\"150\" src=\"https:\/\/www.mines-stetienne.fr\/panoramines\/wp-content\/uploads\/sites\/3\/2018\/11\/InnovMed2018_3-150x150.jpg\" class=\"attachment-thumbnail size-thumbnail\" alt=\"\" srcset=\"https:\/\/www.mines-stetienne.fr\/panoramines\/wp-content\/uploads\/sites\/3\/2018\/11\/InnovMed2018_3-150x150.jpg 150w, https:\/\/www.mines-stetienne.fr\/panoramines\/wp-content\/uploads\/sites\/3\/2018\/11\/InnovMed2018_3-75x75.jpg 75w, https:\/\/www.mines-stetienne.fr\/panoramines\/wp-content\/uploads\/sites\/3\/2018\/11\/InnovMed2018_3-360x360.jpg 360w\" sizes=\"auto, (max-width: 150px) 100vw, 150px\" \/><\/a>\n\t\t\t<\/dt><\/dl><br style=\"clear: both\" \/>\n\t\t<\/div>\n\n<p>L&rsquo;\u00e9quipe <strong>Datamines<\/strong> &#8211; Mathieu Bour, Dimitri Bret, Baptiste Lefevre, Clarisse Pouillery &#8211; re\u00e7oit le 2e prix pour son projet\u00a0 <strong>\u00ab\u00a0Syst\u00e8me de r\u00e9cup\u00e9ration de donn\u00e9es et mod\u00e8le de pr\u00e9diction des \u00e9pid\u00e9mies\u00a0\u00bb<\/strong><br \/>\nLe 3e prix revient \u00e0 l&rsquo;<strong>\u00e9quipe JOYY<\/strong> &#8211; Julien Hoefflinger, Omar Khatib, Yunfan Zhou, Yuan Feng &#8211; pour son projet <strong>\u00ab\u00a0Logiciel de d\u00e9tection de maladies bas\u00e9e sur des algorithmes de Machine Learning\u00a0\u00bb<\/strong><\/p>\n<p>Les trois autres projets \u00e9taient port\u00e9s par l&rsquo;\u00e9quipe <strong>Epid\u00e9&rsquo;Mines<\/strong> <em>\u00ab\u00a0Mod\u00e9lisation de la propagation d&rsquo;une \u00e9pid\u00e9mie\u00a0\u00bb<\/em> ; l&rsquo;\u00e9quipe <strong>Safe Corner<\/strong> <em>\u00ab\u00a0An adviser for safe contraceptives\u00a0\u00bb<\/em> et l&rsquo;\u00e9quipe<strong>\u00a0TanukIN <\/strong><em>\u00ab\u00a0Pr\u00e9vention des risques sanitaires li\u00e9s \u00e0 l\u2019utilisation d\u2019une mol\u00e9cule\u00a0\u00bb. <\/em><strong><br \/>\n<\/strong><\/p>\n<p class=\"moz-forward-container\">Nous f\u00e9licitons vivement l&rsquo;ensemble des \u00e9l\u00e8ves participants et les \u00e9quipes prim\u00e9es : le rendu des projets devait s&rsquo;afficher en anglais, un d\u00e9fi suppl\u00e9mentaire parfaitement surmont\u00e9 par nos \u00e9l\u00e8ves-ing\u00e9nieurs !<br \/>\n<a href=\"https:\/\/www.mines-stetienne.fr\/panoramines\/wp-content\/uploads\/sites\/3\/2018\/11\/OneLifeHackathon.pdf\"><strong>&gt; En savoir + sur les projets<\/strong><\/a><\/p>\n<hr \/>\n<h5><strong><span style=\"color: #800080\">Le Chrono de Bronze \u00e0 l&rsquo;\u00e9quipe IAE\/Mines<\/span><\/strong><\/h5>\n<p><strong>20 \u00e9l\u00e8ves-ing\u00e9nieurs ISMIN<\/strong> \u00e9taient aussi engag\u00e9s dans les \u00ab\u00a0<strong><a href=\"https:\/\/suio.univ-amu.fr\/36h\" target=\"_blank\" rel=\"noopener\">36h chrono de la cr\u00e9ation d&rsquo;entreprise<\/a>\u00ab\u00a0<\/strong> organis\u00e9s \u00e0 Marseille les 21 et 22 novembre par le <a href=\"https:\/\/suio.univ-amu.fr\/PEPITE\" target=\"_blank\" rel=\"noopener\">p\u00f4le P\u00e9pite Paca Ouest<\/a> et <a href=\"https:\/\/www.univ-amu.fr\/\" target=\"_blank\" rel=\"noopener\">Aix-Marseille Universit\u00e9<\/a>.<br \/>\nL&rsquo;\u00e9v\u00e9nement a rassembl\u00e9 <strong>60 \u00e9quipes, 240 \u00e9tudiants<\/strong> de la r\u00e9gion Sud Provence Alpes C\u00f4te d&rsquo;Azur, deux journ\u00e9es intenses de r\u00e9flexion, d&rsquo;\u00e9laboration et de pr\u00e9sentation d\u2019un projet d\u2019entreprise virtuel.<br \/>\n<a href=\"https:\/\/www.facebook.com\/pepitepacaouest\/posts\/1195035567327735\" target=\"_blank\" rel=\"noopener\">10 prix ont \u00e9t\u00e9 remis par cat\u00e9gorie,<\/a> dont le <strong> Chrono de bronze<\/strong> dans la cat\u00e9gorie projet pour l&rsquo;\u00e9quipe compos\u00e9e de <strong>Antoine Mosser<\/strong>, \u00e9l\u00e8ve ISMIN, <strong>Anais Avond, Anastassia Bader et Emilien Arnal<\/strong>, IAE d\u2019Aix en Provence :<\/p>\n<p><img loading=\"lazy\" decoding=\"async\" class=\"alignnone wp-image-15360 size-full\" src=\"https:\/\/www.mines-stetienne.fr\/panoramines\/wp-content\/uploads\/sites\/3\/2018\/11\/selfiesA.Mosser.jpg\" alt=\"\" width=\"700\" height=\"467\" srcset=\"https:\/\/www.mines-stetienne.fr\/panoramines\/wp-content\/uploads\/sites\/3\/2018\/11\/selfiesA.Mosser.jpg 700w, https:\/\/www.mines-stetienne.fr\/panoramines\/wp-content\/uploads\/sites\/3\/2018\/11\/selfiesA.Mosser-300x200.jpg 300w\" sizes=\"auto, (max-width: 700px) 100vw, 700px\" \/><\/p>\n<blockquote><p>Leur projet \u00ab\u00a0<strong>Created by<\/strong>\u00a0\u00bb est bas\u00e9 sur la mise en place d&rsquo;une plateforme web commerciale internet mettant en lien et en r\u00e9seau les \u00e9tudiants cr\u00e9ateurs de mode et les clients.<\/p><\/blockquote>\n<p>Michel Fiocchi, d\u00e9l\u00e9gu\u00e9 \u00e0 l&rsquo;entrepreneuriat, \u00e9tait membre du jury 2018.<br \/>\n<a href=\"https:\/\/suio.univ-amu.fr\/36h\" target=\"_blank\" rel=\"noopener\">&gt; En savoir +<\/a><br \/>\n<a href=\"https:\/\/www.facebook.com\/pepitepacaouest\/videos\/2047665695299279\/\" target=\"_blank\" rel=\"noopener\">&gt; Voir le replay de l&rsquo;\u00e9v\u00e8nement<\/a><\/p>\n<hr \/>\n<div id=\"body:i61\">\n<div class=\"i8Zvz\">\n<div class=\"R6Ozpf qhIQqf\">\n<h5><strong><span style=\"color: #800080\">Concours de d\u00e9veloppement en ligne<\/span><\/strong><\/h5>\n<p class=\"jVjeQd\" dir=\"ltr\">\u00ab\u00a02 heures pour r\u00e9soudre 6 exercices d\u2019algorithmie de difficult\u00e9 croissante, le plus rapidement possible\u00a0\u00bb : Mines Saint-\u00c9tienne \u00e9tait partenaire de la <strong>Student Battle dev<\/strong>, organis\u00e9e en collaboration avec <a href=\"https:\/\/battledev.blogdumoderateur.com\/thales\/\" target=\"_blank\" rel=\"noopener\">Thales<\/a> qui a accueilli la manifestation : toutes nos f\u00e9licitations aux 20 \u00e9l\u00e8ves-ing\u00e9nieurs ISMIN pour leur participation individuelle et repr\u00e9sentation collective : <strong>l&rsquo;\u00c9cole s&rsquo;est class\u00e9e 47e<\/strong> sur 132 \u00e9coles participantes.<br \/>\n<em>\u00ab\u00a0Ce concours permet \u00e0 des d\u00e9veloppeurs de se faire remarquer par une cinquantaine de recruteurs de la high-tech en passant <a href=\"https:\/\/battledev.blogdumoderateur.com\/student-battledev\/\" target=\"_blank\" rel=\"noopener\">des \u00e9preuves de programmation \u00e0 distance<\/a>.\u00a0\u00bb<\/em><\/p>\n<\/div>\n<\/div>\n<\/div>\n<hr \/>\n<h5><\/h5>\n","protected":false},"excerpt":{"rendered":"<p>&#8211; au hackathon IA &amp; Sant\u00e9 \u00ab\u00a0Making sense for health big data\u00a0\u00bb organis\u00e9 les 19 et 20 novembre par notre partenaire On[e]Life : 16 \u00e9l\u00e8ves participants et deux \u00e9quipes ISMIN sur le podium, &#8211; aux 36h chrono de la cr\u00e9ation &hellip;<\/p>\n","protected":false},"author":3,"featured_media":15215,"comment_status":"closed","ping_status":"open","sticky":false,"template":"","format":"standard","meta":{"_relevanssi_hide_post":"","_relevanssi_hide_content":"","_relevanssi_pin_for_all":"","_relevanssi_pin_keywords":"","_relevanssi_unpin_keywords":"","_relevanssi_related_keywords":"","_relevanssi_related_include_ids":"","_relevanssi_related_exclude_ids":"","_relevanssi_related_no_append":"","_relevanssi_related_not_related":"","_relevanssi_related_posts":"","_relevanssi_noindex_reason":"","footnotes":""},"categories":[6],"tags":[116,42,411,486],"class_list":["post-14940","post","type-post","status-publish","format-standard","has-post-thumbnail","hentry","category-formation","tag-entrepreneuriat-etudiant","tag-ismin","tag-region-sud-paca","tag-visa-entrepreneuriat"],"pp_statuses_selecting_workflow":false,"pp_workflow_action":"current","pp_status_selection":"publish","pp_force_visibility":null,"pp_subpost_visibility":null,"pp_inherited_force_visibility":null,"pp_inherited_subpost_visibility":null,"yoast_head":"<!-- This site is optimized with the Yoast SEO plugin v27.5 - https:\/\/yoast.com\/product\/yoast-seo-wordpress\/ -->\n<title>Les \u00e9l\u00e8ves ISMIN donnent forme \u00e0 l&#039;entrepreneuriat \u00e9tudiant - Panoramines<\/title>\n<meta name=\"robots\" content=\"index, follow, max-snippet:-1, max-image-preview:large, max-video-preview:-1\" \/>\n<link rel=\"canonical\" href=\"https:\/\/www.mines-stetienne.fr\/panoramines\/2018\/11\/26\/les-eleves-ismin-donnent-forme-a-lentrepreneuriat-etudiant\/\" \/>\n<meta property=\"og:locale\" content=\"fr_FR\" \/>\n<meta property=\"og:type\" content=\"article\" \/>\n<meta property=\"og:title\" content=\"Les \u00e9l\u00e8ves ISMIN donnent forme \u00e0 l&#039;entrepreneuriat \u00e9tudiant - Panoramines\" \/>\n<meta property=\"og:description\" content=\"&#8211; au hackathon IA &amp; Sant\u00e9 \u00ab\u00a0Making sense for health big data\u00a0\u00bb organis\u00e9 les 19 et 20 novembre par notre partenaire On[e]Life : 16 \u00e9l\u00e8ves participants et deux \u00e9quipes ISMIN sur le podium, &#8211; aux 36h chrono de la cr\u00e9ation &hellip;\" \/>\n<meta property=\"og:url\" content=\"https:\/\/www.mines-stetienne.fr\/panoramines\/2018\/11\/26\/les-eleves-ismin-donnent-forme-a-lentrepreneuriat-etudiant\/\" \/>\n<meta property=\"og:site_name\" content=\"Panoramines\" \/>\n<meta property=\"article:published_time\" content=\"2018-11-26T08:31:06+00:00\" \/>\n<meta property=\"article:modified_time\" content=\"2024-03-07T15:06:26+00:00\" \/>\n<meta property=\"og:image\" content=\"https:\/\/www.mines-stetienne.fr\/panoramines\/wp-content\/uploads\/sites\/3\/2018\/11\/InnovMed2018_5.jpg\" \/>\n\t<meta property=\"og:image:width\" content=\"700\" \/>\n\t<meta property=\"og:image:height\" content=\"357\" \/>\n\t<meta property=\"og:image:type\" content=\"image\/jpeg\" \/>\n<meta name=\"author\" content=\"Nathalie\" \/>\n<meta name=\"twitter:card\" content=\"summary_large_image\" \/>\n<meta name=\"twitter:label1\" content=\"\u00c9crit par\" \/>\n\t<meta name=\"twitter:data1\" content=\" Nathalie\" \/>\n\t<meta name=\"twitter:label2\" content=\"Dur\u00e9e de lecture estim\u00e9e\" \/>\n\t<meta name=\"twitter:data2\" content=\"3 minutes\" \/>\n<script type=\"application\/ld+json\" class=\"yoast-schema-graph\">{\"@context\":\"https:\\\/\\\/schema.org\",\"@graph\":[{\"@type\":\"Article\",\"@id\":\"https:\\\/\\\/www.mines-stetienne.fr\\\/panoramines\\\/2018\\\/11\\\/26\\\/les-eleves-ismin-donnent-forme-a-lentrepreneuriat-etudiant\\\/#article\",\"isPartOf\":{\"@id\":\"https:\\\/\\\/www.mines-stetienne.fr\\\/panoramines\\\/2018\\\/11\\\/26\\\/les-eleves-ismin-donnent-forme-a-lentrepreneuriat-etudiant\\\/\"},\"author\":{\"name\":\"Nathalie\",\"@id\":\"https:\\\/\\\/www.mines-stetienne.fr\\\/panoramines\\\/#\\\/schema\\\/person\\\/95e752e6dedac604ce4535123e0f8df7\"},\"headline\":\"Les \u00e9l\u00e8ves ISMIN donnent forme \u00e0 l&rsquo;entrepreneuriat \u00e9tudiant\",\"datePublished\":\"2018-11-26T08:31:06+00:00\",\"dateModified\":\"2024-03-07T15:06:26+00:00\",\"mainEntityOfPage\":{\"@id\":\"https:\\\/\\\/www.mines-stetienne.fr\\\/panoramines\\\/2018\\\/11\\\/26\\\/les-eleves-ismin-donnent-forme-a-lentrepreneuriat-etudiant\\\/\"},\"wordCount\":613,\"image\":{\"@id\":\"https:\\\/\\\/www.mines-stetienne.fr\\\/panoramines\\\/2018\\\/11\\\/26\\\/les-eleves-ismin-donnent-forme-a-lentrepreneuriat-etudiant\\\/#primaryimage\"},\"thumbnailUrl\":\"https:\\\/\\\/www.mines-stetienne.fr\\\/panoramines\\\/wp-content\\\/uploads\\\/sites\\\/3\\\/2018\\\/11\\\/InnovMed2018_5.jpg\",\"keywords\":[\"Entrepreneuriat \u00e9tudiant\",\"ISMIN\",\"R\u00e9gion Sud-PACA\",\"Visa Entrepreneuriat\"],\"articleSection\":[\"Formation\"],\"inLanguage\":\"fr-FR\"},{\"@type\":\"WebPage\",\"@id\":\"https:\\\/\\\/www.mines-stetienne.fr\\\/panoramines\\\/2018\\\/11\\\/26\\\/les-eleves-ismin-donnent-forme-a-lentrepreneuriat-etudiant\\\/\",\"url\":\"https:\\\/\\\/www.mines-stetienne.fr\\\/panoramines\\\/2018\\\/11\\\/26\\\/les-eleves-ismin-donnent-forme-a-lentrepreneuriat-etudiant\\\/\",\"name\":\"Les \u00e9l\u00e8ves ISMIN donnent forme \u00e0 l'entrepreneuriat \u00e9tudiant - Panoramines\",\"isPartOf\":{\"@id\":\"https:\\\/\\\/www.mines-stetienne.fr\\\/panoramines\\\/#website\"},\"primaryImageOfPage\":{\"@id\":\"https:\\\/\\\/www.mines-stetienne.fr\\\/panoramines\\\/2018\\\/11\\\/26\\\/les-eleves-ismin-donnent-forme-a-lentrepreneuriat-etudiant\\\/#primaryimage\"},\"image\":{\"@id\":\"https:\\\/\\\/www.mines-stetienne.fr\\\/panoramines\\\/2018\\\/11\\\/26\\\/les-eleves-ismin-donnent-forme-a-lentrepreneuriat-etudiant\\\/#primaryimage\"},\"thumbnailUrl\":\"https:\\\/\\\/www.mines-stetienne.fr\\\/panoramines\\\/wp-content\\\/uploads\\\/sites\\\/3\\\/2018\\\/11\\\/InnovMed2018_5.jpg\",\"datePublished\":\"2018-11-26T08:31:06+00:00\",\"dateModified\":\"2024-03-07T15:06:26+00:00\",\"author\":{\"@id\":\"https:\\\/\\\/www.mines-stetienne.fr\\\/panoramines\\\/#\\\/schema\\\/person\\\/95e752e6dedac604ce4535123e0f8df7\"},\"breadcrumb\":{\"@id\":\"https:\\\/\\\/www.mines-stetienne.fr\\\/panoramines\\\/2018\\\/11\\\/26\\\/les-eleves-ismin-donnent-forme-a-lentrepreneuriat-etudiant\\\/#breadcrumb\"},\"inLanguage\":\"fr-FR\",\"potentialAction\":[{\"@type\":\"ReadAction\",\"target\":[\"https:\\\/\\\/www.mines-stetienne.fr\\\/panoramines\\\/2018\\\/11\\\/26\\\/les-eleves-ismin-donnent-forme-a-lentrepreneuriat-etudiant\\\/\"]}]},{\"@type\":\"ImageObject\",\"inLanguage\":\"fr-FR\",\"@id\":\"https:\\\/\\\/www.mines-stetienne.fr\\\/panoramines\\\/2018\\\/11\\\/26\\\/les-eleves-ismin-donnent-forme-a-lentrepreneuriat-etudiant\\\/#primaryimage\",\"url\":\"https:\\\/\\\/www.mines-stetienne.fr\\\/panoramines\\\/wp-content\\\/uploads\\\/sites\\\/3\\\/2018\\\/11\\\/InnovMed2018_5.jpg\",\"contentUrl\":\"https:\\\/\\\/www.mines-stetienne.fr\\\/panoramines\\\/wp-content\\\/uploads\\\/sites\\\/3\\\/2018\\\/11\\\/InnovMed2018_5.jpg\",\"width\":700,\"height\":357},{\"@type\":\"BreadcrumbList\",\"@id\":\"https:\\\/\\\/www.mines-stetienne.fr\\\/panoramines\\\/2018\\\/11\\\/26\\\/les-eleves-ismin-donnent-forme-a-lentrepreneuriat-etudiant\\\/#breadcrumb\",\"itemListElement\":[{\"@type\":\"ListItem\",\"position\":1,\"name\":\"Accueil\",\"item\":\"https:\\\/\\\/www.mines-stetienne.fr\\\/panoramines\\\/\"},{\"@type\":\"ListItem\",\"position\":2,\"name\":\"Les \u00e9l\u00e8ves ISMIN donnent forme \u00e0 l&rsquo;entrepreneuriat \u00e9tudiant\"}]},{\"@type\":\"WebSite\",\"@id\":\"https:\\\/\\\/www.mines-stetienne.fr\\\/panoramines\\\/#website\",\"url\":\"https:\\\/\\\/www.mines-stetienne.fr\\\/panoramines\\\/\",\"name\":\"Panoramines\",\"description\":\"Panoramines, l\u2019actualit\u00e9 de MINES Saint-\u00c9tienne\",\"potentialAction\":[{\"@type\":\"SearchAction\",\"target\":{\"@type\":\"EntryPoint\",\"urlTemplate\":\"https:\\\/\\\/www.mines-stetienne.fr\\\/panoramines\\\/?s={search_term_string}\"},\"query-input\":{\"@type\":\"PropertyValueSpecification\",\"valueRequired\":true,\"valueName\":\"search_term_string\"}}],\"inLanguage\":\"fr-FR\"},{\"@type\":\"Person\",\"@id\":\"https:\\\/\\\/www.mines-stetienne.fr\\\/panoramines\\\/#\\\/schema\\\/person\\\/95e752e6dedac604ce4535123e0f8df7\",\"name\":\"Nathalie\",\"image\":{\"@type\":\"ImageObject\",\"inLanguage\":\"fr-FR\",\"@id\":\"https:\\\/\\\/www.mines-stetienne.fr\\\/panoramines\\\/wp-content\\\/uploads\\\/sites\\\/3\\\/2021\\\/07\\\/logo-75x75-1.png\",\"url\":\"https:\\\/\\\/www.mines-stetienne.fr\\\/panoramines\\\/wp-content\\\/uploads\\\/sites\\\/3\\\/2021\\\/07\\\/logo-75x75-1.png\",\"contentUrl\":\"https:\\\/\\\/www.mines-stetienne.fr\\\/panoramines\\\/wp-content\\\/uploads\\\/sites\\\/3\\\/2021\\\/07\\\/logo-75x75-1.png\",\"caption\":\"Nathalie\"},\"url\":\"https:\\\/\\\/www.mines-stetienne.fr\\\/panoramines\\\/author\\\/nathalie\\\/\"}]}<\/script>\n<!-- \/ Yoast SEO plugin. -->","yoast_head_json":{"title":"Les \u00e9l\u00e8ves ISMIN donnent forme \u00e0 l'entrepreneuriat \u00e9tudiant - Panoramines","robots":{"index":"index","follow":"follow","max-snippet":"max-snippet:-1","max-image-preview":"max-image-preview:large","max-video-preview":"max-video-preview:-1"},"canonical":"https:\/\/www.mines-stetienne.fr\/panoramines\/2018\/11\/26\/les-eleves-ismin-donnent-forme-a-lentrepreneuriat-etudiant\/","og_locale":"fr_FR","og_type":"article","og_title":"Les \u00e9l\u00e8ves ISMIN donnent forme \u00e0 l'entrepreneuriat \u00e9tudiant - Panoramines","og_description":"&#8211; au hackathon IA &amp; Sant\u00e9 \u00ab\u00a0Making sense for health big data\u00a0\u00bb organis\u00e9 les 19 et 20 novembre par notre partenaire On[e]Life : 16 \u00e9l\u00e8ves participants et deux \u00e9quipes ISMIN sur le podium, &#8211; aux 36h chrono de la cr\u00e9ation &hellip;","og_url":"https:\/\/www.mines-stetienne.fr\/panoramines\/2018\/11\/26\/les-eleves-ismin-donnent-forme-a-lentrepreneuriat-etudiant\/","og_site_name":"Panoramines","article_published_time":"2018-11-26T08:31:06+00:00","article_modified_time":"2024-03-07T15:06:26+00:00","og_image":[{"width":700,"height":357,"url":"https:\/\/www.mines-stetienne.fr\/panoramines\/wp-content\/uploads\/sites\/3\/2018\/11\/InnovMed2018_5.jpg","type":"image\/jpeg"}],"author":"Nathalie","twitter_card":"summary_large_image","twitter_misc":{"\u00c9crit par":" Nathalie","Dur\u00e9e de lecture estim\u00e9e":"3 minutes"},"schema":{"@context":"https:\/\/schema.org","@graph":[{"@type":"Article","@id":"https:\/\/www.mines-stetienne.fr\/panoramines\/2018\/11\/26\/les-eleves-ismin-donnent-forme-a-lentrepreneuriat-etudiant\/#article","isPartOf":{"@id":"https:\/\/www.mines-stetienne.fr\/panoramines\/2018\/11\/26\/les-eleves-ismin-donnent-forme-a-lentrepreneuriat-etudiant\/"},"author":{"name":"Nathalie","@id":"https:\/\/www.mines-stetienne.fr\/panoramines\/#\/schema\/person\/95e752e6dedac604ce4535123e0f8df7"},"headline":"Les \u00e9l\u00e8ves ISMIN donnent forme \u00e0 l&rsquo;entrepreneuriat \u00e9tudiant","datePublished":"2018-11-26T08:31:06+00:00","dateModified":"2024-03-07T15:06:26+00:00","mainEntityOfPage":{"@id":"https:\/\/www.mines-stetienne.fr\/panoramines\/2018\/11\/26\/les-eleves-ismin-donnent-forme-a-lentrepreneuriat-etudiant\/"},"wordCount":613,"image":{"@id":"https:\/\/www.mines-stetienne.fr\/panoramines\/2018\/11\/26\/les-eleves-ismin-donnent-forme-a-lentrepreneuriat-etudiant\/#primaryimage"},"thumbnailUrl":"https:\/\/www.mines-stetienne.fr\/panoramines\/wp-content\/uploads\/sites\/3\/2018\/11\/InnovMed2018_5.jpg","keywords":["Entrepreneuriat \u00e9tudiant","ISMIN","R\u00e9gion Sud-PACA","Visa Entrepreneuriat"],"articleSection":["Formation"],"inLanguage":"fr-FR"},{"@type":"WebPage","@id":"https:\/\/www.mines-stetienne.fr\/panoramines\/2018\/11\/26\/les-eleves-ismin-donnent-forme-a-lentrepreneuriat-etudiant\/","url":"https:\/\/www.mines-stetienne.fr\/panoramines\/2018\/11\/26\/les-eleves-ismin-donnent-forme-a-lentrepreneuriat-etudiant\/","name":"Les \u00e9l\u00e8ves ISMIN donnent forme \u00e0 l'entrepreneuriat \u00e9tudiant - Panoramines","isPartOf":{"@id":"https:\/\/www.mines-stetienne.fr\/panoramines\/#website"},"primaryImageOfPage":{"@id":"https:\/\/www.mines-stetienne.fr\/panoramines\/2018\/11\/26\/les-eleves-ismin-donnent-forme-a-lentrepreneuriat-etudiant\/#primaryimage"},"image":{"@id":"https:\/\/www.mines-stetienne.fr\/panoramines\/2018\/11\/26\/les-eleves-ismin-donnent-forme-a-lentrepreneuriat-etudiant\/#primaryimage"},"thumbnailUrl":"https:\/\/www.mines-stetienne.fr\/panoramines\/wp-content\/uploads\/sites\/3\/2018\/11\/InnovMed2018_5.jpg","datePublished":"2018-11-26T08:31:06+00:00","dateModified":"2024-03-07T15:06:26+00:00","author":{"@id":"https:\/\/www.mines-stetienne.fr\/panoramines\/#\/schema\/person\/95e752e6dedac604ce4535123e0f8df7"},"breadcrumb":{"@id":"https:\/\/www.mines-stetienne.fr\/panoramines\/2018\/11\/26\/les-eleves-ismin-donnent-forme-a-lentrepreneuriat-etudiant\/#breadcrumb"},"inLanguage":"fr-FR","potentialAction":[{"@type":"ReadAction","target":["https:\/\/www.mines-stetienne.fr\/panoramines\/2018\/11\/26\/les-eleves-ismin-donnent-forme-a-lentrepreneuriat-etudiant\/"]}]},{"@type":"ImageObject","inLanguage":"fr-FR","@id":"https:\/\/www.mines-stetienne.fr\/panoramines\/2018\/11\/26\/les-eleves-ismin-donnent-forme-a-lentrepreneuriat-etudiant\/#primaryimage","url":"https:\/\/www.mines-stetienne.fr\/panoramines\/wp-content\/uploads\/sites\/3\/2018\/11\/InnovMed2018_5.jpg","contentUrl":"https:\/\/www.mines-stetienne.fr\/panoramines\/wp-content\/uploads\/sites\/3\/2018\/11\/InnovMed2018_5.jpg","width":700,"height":357},{"@type":"BreadcrumbList","@id":"https:\/\/www.mines-stetienne.fr\/panoramines\/2018\/11\/26\/les-eleves-ismin-donnent-forme-a-lentrepreneuriat-etudiant\/#breadcrumb","itemListElement":[{"@type":"ListItem","position":1,"name":"Accueil","item":"https:\/\/www.mines-stetienne.fr\/panoramines\/"},{"@type":"ListItem","position":2,"name":"Les \u00e9l\u00e8ves ISMIN donnent forme \u00e0 l&rsquo;entrepreneuriat \u00e9tudiant"}]},{"@type":"WebSite","@id":"https:\/\/www.mines-stetienne.fr\/panoramines\/#website","url":"https:\/\/www.mines-stetienne.fr\/panoramines\/","name":"Panoramines","description":"Panoramines, l\u2019actualit\u00e9 de MINES Saint-\u00c9tienne","potentialAction":[{"@type":"SearchAction","target":{"@type":"EntryPoint","urlTemplate":"https:\/\/www.mines-stetienne.fr\/panoramines\/?s={search_term_string}"},"query-input":{"@type":"PropertyValueSpecification","valueRequired":true,"valueName":"search_term_string"}}],"inLanguage":"fr-FR"},{"@type":"Person","@id":"https:\/\/www.mines-stetienne.fr\/panoramines\/#\/schema\/person\/95e752e6dedac604ce4535123e0f8df7","name":"Nathalie","image":{"@type":"ImageObject","inLanguage":"fr-FR","@id":"https:\/\/www.mines-stetienne.fr\/panoramines\/wp-content\/uploads\/sites\/3\/2021\/07\/logo-75x75-1.png","url":"https:\/\/www.mines-stetienne.fr\/panoramines\/wp-content\/uploads\/sites\/3\/2021\/07\/logo-75x75-1.png","contentUrl":"https:\/\/www.mines-stetienne.fr\/panoramines\/wp-content\/uploads\/sites\/3\/2021\/07\/logo-75x75-1.png","caption":"Nathalie"},"url":"https:\/\/www.mines-stetienne.fr\/panoramines\/author\/nathalie\/"}]}},"_links":{"self":[{"href":"https:\/\/www.mines-stetienne.fr\/panoramines\/wp-json\/wp\/v2\/posts\/14940","targetHints":{"allow":["GET"]}}],"collection":[{"href":"https:\/\/www.mines-stetienne.fr\/panoramines\/wp-json\/wp\/v2\/posts"}],"about":[{"href":"https:\/\/www.mines-stetienne.fr\/panoramines\/wp-json\/wp\/v2\/types\/post"}],"author":[{"embeddable":true,"href":"https:\/\/www.mines-stetienne.fr\/panoramines\/wp-json\/wp\/v2\/users\/3"}],"replies":[{"embeddable":true,"href":"https:\/\/www.mines-stetienne.fr\/panoramines\/wp-json\/wp\/v2\/comments?post=14940"}],"version-history":[{"count":22,"href":"https:\/\/www.mines-stetienne.fr\/panoramines\/wp-json\/wp\/v2\/posts\/14940\/revisions"}],"predecessor-version":[{"id":15361,"href":"https:\/\/www.mines-stetienne.fr\/panoramines\/wp-json\/wp\/v2\/posts\/14940\/revisions\/15361"}],"wp:featuredmedia":[{"embeddable":true,"href":"https:\/\/www.mines-stetienne.fr\/panoramines\/wp-json\/wp\/v2\/media\/15215"}],"wp:attachment":[{"href":"https:\/\/www.mines-stetienne.fr\/panoramines\/wp-json\/wp\/v2\/media?parent=14940"}],"wp:term":[{"taxonomy":"category","embeddable":true,"href":"https:\/\/www.mines-stetienne.fr\/panoramines\/wp-json\/wp\/v2\/categories?post=14940"},{"taxonomy":"post_tag","embeddable":true,"href":"https:\/\/www.mines-stetienne.fr\/panoramines\/wp-json\/wp\/v2\/tags?post=14940"}],"curies":[{"name":"wp","href":"https:\/\/api.w.org\/{rel}","templated":true}]}}