{"id":14869,"date":"2018-11-07T17:06:43","date_gmt":"2018-11-07T16:06:43","guid":{"rendered":"https:\/\/www.mines-stetienne.fr\/panoramines\/?p=14869"},"modified":"2024-03-07T16:44:29","modified_gmt":"2024-03-07T15:44:29","slug":"imaginer-le-lit-du-futur-le-projet-en-lice-pour-les-defis-dor","status":"publish","type":"post","link":"https:\/\/www.mines-stetienne.fr\/panoramines\/2018\/11\/07\/imaginer-le-lit-du-futur-le-projet-en-lice-pour-les-defis-dor\/","title":{"rendered":"\u00ab\u00a0Imaginer le lit du futur !\u00a0\u00bb le projet en lice pour les D\u00e9fis d&rsquo;Or"},"content":{"rendered":"<h5><span style=\"color: #800080\">EOVI ,Les Ateliers du Haut Forez et Mines Saint-\u00c9tienne se sont associ\u00e9s pour imaginer le lit du futur : le projet \u00e9tait pr\u00e9sent\u00e9 lors des <a style=\"color: #800080\" href=\"http:\/\/www.seniors-autonomie.fr\/\" target=\"_blank\" rel=\"noopener\">12\u00e8mes journ\u00e9es DEFI-Autonomie<\/a> les 19 et 20 novembre. Mines Saint-\u00c9tienne et EOVI signeront le m\u00eame jour une convention de partenariat qui concr\u00e9tise les collaborations men\u00e9es depuis deux ans autour de la sant\u00e9 et la qualit\u00e9 de vie des s\u00e9niors.<\/span><\/h5>\n<hr \/>\n<p><strong>Le projet de lit intelligent<\/strong>, une collaboration <a href=\"https:\/\/www.groupe-ahf.fr\/\" target=\"_blank\" rel=\"noopener\">Ateliers du Haut Forez<\/a>, <a href=\"https:\/\/www.eovimcd-sante-services.fr\/\" target=\"_blank\" rel=\"noopener\"><span class=\"_247o\">Eovi-Mcd Sant\u00e9 et services,<\/span><\/a> <a href=\"https:\/\/www.mines-stetienne.fr\/recherche\/5-centres-de-formation-et-de-recherche\/centre-ingenierie-et-sante\/\"><span class=\"_247o\">\u00c9cole des Mines de Saint-\u00c9tienne<\/span><\/a>, \u00ab\u00a0plus grand, plus confortable, et \u00e9quip\u00e9 de nouvelles technologies pour le suivi des fragilit\u00e9s dans l&rsquo;optique de pr\u00e9venir la d\u00e9pendance\u00a0\u00bb est en lice pour les D\u00e9fis d&rsquo;Or des <a href=\"http:\/\/www.seniors-autonomie.fr\/\"><strong>journ\u00e9es<\/strong><\/a><span class=\"_5zk7\"><a href=\"http:\/\/www.seniors-autonomie.fr\/\" target=\"_blank\" rel=\"noopener\"><strong> DEFI-Autonomie 2018<\/strong><\/a>, dont notre \u00e9cole est partenaire.<\/span><\/p>\n<p>https:\/\/www.facebook.com\/defiautonomie42\/videos\/282357279060324\/<\/p>\n<p><strong><br \/>\nLes \u00e9quipes du Centre Ing\u00e9nierie et Sant\u00e9 seront pr\u00e9sentes sur un stand CIS<\/strong> durant la l&rsquo;\u00e9v\u00e9nement et interviendront lors de la table ronde d\u00e9di\u00e9e au projet Rando-Senior et une web t\u00e9l\u00e9 permettra \u00e9galement de pr\u00e9senter les diff\u00e9rents travaux autour de la sant\u00e9 et de la qualit\u00e9 de vie des seniors.<\/p>\n<hr \/>\n<p>&nbsp;<\/p>\n","protected":false},"excerpt":{"rendered":"<p>EOVI ,Les Ateliers du Haut Forez et Mines Saint-\u00c9tienne se sont associ\u00e9s pour imaginer le lit du futur : le projet \u00e9tait pr\u00e9sent\u00e9 lors des 12\u00e8mes journ\u00e9es DEFI-Autonomie les 19 et 20 novembre. Mines Saint-\u00c9tienne et EOVI signeront le m\u00eame &hellip;<\/p>\n","protected":false},"author":3,"featured_media":14884,"comment_status":"closed","ping_status":"open","sticky":false,"template":"","format":"standard","meta":{"_relevanssi_hide_post":"","_relevanssi_hide_content":"","_relevanssi_pin_for_all":"","_relevanssi_pin_keywords":"","_relevanssi_unpin_keywords":"","_relevanssi_related_keywords":"","_relevanssi_related_include_ids":"","_relevanssi_related_exclude_ids":"","_relevanssi_related_no_append":"","_relevanssi_related_not_related":"","_relevanssi_related_posts":"","_relevanssi_noindex_reason":"","footnotes":""},"categories":[11],"tags":[111],"class_list":["post-14869","post","type-post","status-publish","format-standard","has-post-thumbnail","hentry","category-vie-de-l-ecole","tag-sante"],"pp_statuses_selecting_workflow":false,"pp_workflow_action":"current","pp_status_selection":"publish","pp_force_visibility":null,"pp_subpost_visibility":null,"pp_inherited_force_visibility":null,"pp_inherited_subpost_visibility":null,"yoast_head":"<!-- This site is optimized with the Yoast SEO plugin v27.4 - https:\/\/yoast.com\/product\/yoast-seo-wordpress\/ -->\n<title>&quot;Imaginer le lit du futur !&quot; le projet en lice pour les D\u00e9fis d&#039;Or - Panoramines<\/title>\n<meta name=\"robots\" content=\"index, follow, max-snippet:-1, max-image-preview:large, max-video-preview:-1\" \/>\n<link rel=\"canonical\" href=\"https:\/\/www.mines-stetienne.fr\/panoramines\/2018\/11\/07\/imaginer-le-lit-du-futur-le-projet-en-lice-pour-les-defis-dor\/\" \/>\n<meta property=\"og:locale\" content=\"fr_FR\" \/>\n<meta property=\"og:type\" content=\"article\" \/>\n<meta property=\"og:title\" content=\"&quot;Imaginer le lit du futur !&quot; le projet en lice pour les D\u00e9fis d&#039;Or - Panoramines\" \/>\n<meta property=\"og:description\" content=\"EOVI ,Les Ateliers du Haut Forez et Mines Saint-\u00c9tienne se sont associ\u00e9s pour imaginer le lit du futur : le projet \u00e9tait pr\u00e9sent\u00e9 lors des 12\u00e8mes journ\u00e9es DEFI-Autonomie les 19 et 20 novembre. Mines Saint-\u00c9tienne et EOVI signeront le m\u00eame &hellip;\" \/>\n<meta property=\"og:url\" content=\"https:\/\/www.mines-stetienne.fr\/panoramines\/2018\/11\/07\/imaginer-le-lit-du-futur-le-projet-en-lice-pour-les-defis-dor\/\" \/>\n<meta property=\"og:site_name\" content=\"Panoramines\" \/>\n<meta property=\"article:published_time\" content=\"2018-11-07T16:06:43+00:00\" \/>\n<meta property=\"article:modified_time\" content=\"2024-03-07T15:44:29+00:00\" \/>\n<meta property=\"og:image\" content=\"https:\/\/www.mines-stetienne.fr\/panoramines\/wp-content\/uploads\/sites\/3\/2018\/11\/UneDefi.jpg\" \/>\n\t<meta property=\"og:image:width\" content=\"700\" \/>\n\t<meta property=\"og:image:height\" content=\"353\" \/>\n\t<meta property=\"og:image:type\" content=\"image\/jpeg\" \/>\n<meta name=\"author\" content=\"Nathalie\" \/>\n<meta name=\"twitter:card\" content=\"summary_large_image\" \/>\n<meta name=\"twitter:label1\" content=\"\u00c9crit par\" \/>\n\t<meta name=\"twitter:data1\" content=\" Nathalie\" \/>\n\t<meta name=\"twitter:label2\" content=\"Dur\u00e9e de lecture estim\u00e9e\" \/>\n\t<meta name=\"twitter:data2\" content=\"1 minute\" \/>\n<script type=\"application\/ld+json\" class=\"yoast-schema-graph\">{\"@context\":\"https:\\\/\\\/schema.org\",\"@graph\":[{\"@type\":\"Article\",\"@id\":\"https:\\\/\\\/www.mines-stetienne.fr\\\/panoramines\\\/2018\\\/11\\\/07\\\/imaginer-le-lit-du-futur-le-projet-en-lice-pour-les-defis-dor\\\/#article\",\"isPartOf\":{\"@id\":\"https:\\\/\\\/www.mines-stetienne.fr\\\/panoramines\\\/2018\\\/11\\\/07\\\/imaginer-le-lit-du-futur-le-projet-en-lice-pour-les-defis-dor\\\/\"},\"author\":{\"name\":\"Nathalie\",\"@id\":\"https:\\\/\\\/www.mines-stetienne.fr\\\/panoramines\\\/#\\\/schema\\\/person\\\/95e752e6dedac604ce4535123e0f8df7\"},\"headline\":\"\u00ab\u00a0Imaginer le lit du futur !\u00a0\u00bb le projet en lice pour les D\u00e9fis d&rsquo;Or\",\"datePublished\":\"2018-11-07T16:06:43+00:00\",\"dateModified\":\"2024-03-07T15:44:29+00:00\",\"mainEntityOfPage\":{\"@id\":\"https:\\\/\\\/www.mines-stetienne.fr\\\/panoramines\\\/2018\\\/11\\\/07\\\/imaginer-le-lit-du-futur-le-projet-en-lice-pour-les-defis-dor\\\/\"},\"wordCount\":211,\"image\":{\"@id\":\"https:\\\/\\\/www.mines-stetienne.fr\\\/panoramines\\\/2018\\\/11\\\/07\\\/imaginer-le-lit-du-futur-le-projet-en-lice-pour-les-defis-dor\\\/#primaryimage\"},\"thumbnailUrl\":\"https:\\\/\\\/www.mines-stetienne.fr\\\/panoramines\\\/wp-content\\\/uploads\\\/sites\\\/3\\\/2018\\\/11\\\/UneDefi.jpg\",\"keywords\":[\"Sant\u00e9\"],\"articleSection\":[\"Vie de l'\u00c9cole\"],\"inLanguage\":\"fr-FR\"},{\"@type\":\"WebPage\",\"@id\":\"https:\\\/\\\/www.mines-stetienne.fr\\\/panoramines\\\/2018\\\/11\\\/07\\\/imaginer-le-lit-du-futur-le-projet-en-lice-pour-les-defis-dor\\\/\",\"url\":\"https:\\\/\\\/www.mines-stetienne.fr\\\/panoramines\\\/2018\\\/11\\\/07\\\/imaginer-le-lit-du-futur-le-projet-en-lice-pour-les-defis-dor\\\/\",\"name\":\"\\\"Imaginer le lit du futur !\\\" le projet en lice pour les D\u00e9fis d'Or - Panoramines\",\"isPartOf\":{\"@id\":\"https:\\\/\\\/www.mines-stetienne.fr\\\/panoramines\\\/#website\"},\"primaryImageOfPage\":{\"@id\":\"https:\\\/\\\/www.mines-stetienne.fr\\\/panoramines\\\/2018\\\/11\\\/07\\\/imaginer-le-lit-du-futur-le-projet-en-lice-pour-les-defis-dor\\\/#primaryimage\"},\"image\":{\"@id\":\"https:\\\/\\\/www.mines-stetienne.fr\\\/panoramines\\\/2018\\\/11\\\/07\\\/imaginer-le-lit-du-futur-le-projet-en-lice-pour-les-defis-dor\\\/#primaryimage\"},\"thumbnailUrl\":\"https:\\\/\\\/www.mines-stetienne.fr\\\/panoramines\\\/wp-content\\\/uploads\\\/sites\\\/3\\\/2018\\\/11\\\/UneDefi.jpg\",\"datePublished\":\"2018-11-07T16:06:43+00:00\",\"dateModified\":\"2024-03-07T15:44:29+00:00\",\"author\":{\"@id\":\"https:\\\/\\\/www.mines-stetienne.fr\\\/panoramines\\\/#\\\/schema\\\/person\\\/95e752e6dedac604ce4535123e0f8df7\"},\"breadcrumb\":{\"@id\":\"https:\\\/\\\/www.mines-stetienne.fr\\\/panoramines\\\/2018\\\/11\\\/07\\\/imaginer-le-lit-du-futur-le-projet-en-lice-pour-les-defis-dor\\\/#breadcrumb\"},\"inLanguage\":\"fr-FR\",\"potentialAction\":[{\"@type\":\"ReadAction\",\"target\":[\"https:\\\/\\\/www.mines-stetienne.fr\\\/panoramines\\\/2018\\\/11\\\/07\\\/imaginer-le-lit-du-futur-le-projet-en-lice-pour-les-defis-dor\\\/\"]}]},{\"@type\":\"ImageObject\",\"inLanguage\":\"fr-FR\",\"@id\":\"https:\\\/\\\/www.mines-stetienne.fr\\\/panoramines\\\/2018\\\/11\\\/07\\\/imaginer-le-lit-du-futur-le-projet-en-lice-pour-les-defis-dor\\\/#primaryimage\",\"url\":\"https:\\\/\\\/www.mines-stetienne.fr\\\/panoramines\\\/wp-content\\\/uploads\\\/sites\\\/3\\\/2018\\\/11\\\/UneDefi.jpg\",\"contentUrl\":\"https:\\\/\\\/www.mines-stetienne.fr\\\/panoramines\\\/wp-content\\\/uploads\\\/sites\\\/3\\\/2018\\\/11\\\/UneDefi.jpg\",\"width\":700,\"height\":353},{\"@type\":\"BreadcrumbList\",\"@id\":\"https:\\\/\\\/www.mines-stetienne.fr\\\/panoramines\\\/2018\\\/11\\\/07\\\/imaginer-le-lit-du-futur-le-projet-en-lice-pour-les-defis-dor\\\/#breadcrumb\",\"itemListElement\":[{\"@type\":\"ListItem\",\"position\":1,\"name\":\"Accueil\",\"item\":\"https:\\\/\\\/www.mines-stetienne.fr\\\/panoramines\\\/\"},{\"@type\":\"ListItem\",\"position\":2,\"name\":\"\u00ab\u00a0Imaginer le lit du futur !\u00a0\u00bb le projet en lice pour les D\u00e9fis d&rsquo;Or\"}]},{\"@type\":\"WebSite\",\"@id\":\"https:\\\/\\\/www.mines-stetienne.fr\\\/panoramines\\\/#website\",\"url\":\"https:\\\/\\\/www.mines-stetienne.fr\\\/panoramines\\\/\",\"name\":\"Panoramines\",\"description\":\"Panoramines, l\u2019actualit\u00e9 de MINES Saint-\u00c9tienne\",\"potentialAction\":[{\"@type\":\"SearchAction\",\"target\":{\"@type\":\"EntryPoint\",\"urlTemplate\":\"https:\\\/\\\/www.mines-stetienne.fr\\\/panoramines\\\/?s={search_term_string}\"},\"query-input\":{\"@type\":\"PropertyValueSpecification\",\"valueRequired\":true,\"valueName\":\"search_term_string\"}}],\"inLanguage\":\"fr-FR\"},{\"@type\":\"Person\",\"@id\":\"https:\\\/\\\/www.mines-stetienne.fr\\\/panoramines\\\/#\\\/schema\\\/person\\\/95e752e6dedac604ce4535123e0f8df7\",\"name\":\"Nathalie\",\"image\":{\"@type\":\"ImageObject\",\"inLanguage\":\"fr-FR\",\"@id\":\"https:\\\/\\\/www.mines-stetienne.fr\\\/panoramines\\\/wp-content\\\/uploads\\\/sites\\\/3\\\/2021\\\/07\\\/logo-75x75-1.png\",\"url\":\"https:\\\/\\\/www.mines-stetienne.fr\\\/panoramines\\\/wp-content\\\/uploads\\\/sites\\\/3\\\/2021\\\/07\\\/logo-75x75-1.png\",\"contentUrl\":\"https:\\\/\\\/www.mines-stetienne.fr\\\/panoramines\\\/wp-content\\\/uploads\\\/sites\\\/3\\\/2021\\\/07\\\/logo-75x75-1.png\",\"caption\":\"Nathalie\"},\"url\":\"https:\\\/\\\/www.mines-stetienne.fr\\\/panoramines\\\/author\\\/nathalie\\\/\"}]}<\/script>\n<!-- \/ Yoast SEO plugin. -->","yoast_head_json":{"title":"\"Imaginer le lit du futur !\" le projet en lice pour les D\u00e9fis d'Or - Panoramines","robots":{"index":"index","follow":"follow","max-snippet":"max-snippet:-1","max-image-preview":"max-image-preview:large","max-video-preview":"max-video-preview:-1"},"canonical":"https:\/\/www.mines-stetienne.fr\/panoramines\/2018\/11\/07\/imaginer-le-lit-du-futur-le-projet-en-lice-pour-les-defis-dor\/","og_locale":"fr_FR","og_type":"article","og_title":"\"Imaginer le lit du futur !\" le projet en lice pour les D\u00e9fis d'Or - Panoramines","og_description":"EOVI ,Les Ateliers du Haut Forez et Mines Saint-\u00c9tienne se sont associ\u00e9s pour imaginer le lit du futur : le projet \u00e9tait pr\u00e9sent\u00e9 lors des 12\u00e8mes journ\u00e9es DEFI-Autonomie les 19 et 20 novembre. Mines Saint-\u00c9tienne et EOVI signeront le m\u00eame &hellip;","og_url":"https:\/\/www.mines-stetienne.fr\/panoramines\/2018\/11\/07\/imaginer-le-lit-du-futur-le-projet-en-lice-pour-les-defis-dor\/","og_site_name":"Panoramines","article_published_time":"2018-11-07T16:06:43+00:00","article_modified_time":"2024-03-07T15:44:29+00:00","og_image":[{"width":700,"height":353,"url":"https:\/\/www.mines-stetienne.fr\/panoramines\/wp-content\/uploads\/sites\/3\/2018\/11\/UneDefi.jpg","type":"image\/jpeg"}],"author":"Nathalie","twitter_card":"summary_large_image","twitter_misc":{"\u00c9crit par":" Nathalie","Dur\u00e9e de lecture estim\u00e9e":"1 minute"},"schema":{"@context":"https:\/\/schema.org","@graph":[{"@type":"Article","@id":"https:\/\/www.mines-stetienne.fr\/panoramines\/2018\/11\/07\/imaginer-le-lit-du-futur-le-projet-en-lice-pour-les-defis-dor\/#article","isPartOf":{"@id":"https:\/\/www.mines-stetienne.fr\/panoramines\/2018\/11\/07\/imaginer-le-lit-du-futur-le-projet-en-lice-pour-les-defis-dor\/"},"author":{"name":"Nathalie","@id":"https:\/\/www.mines-stetienne.fr\/panoramines\/#\/schema\/person\/95e752e6dedac604ce4535123e0f8df7"},"headline":"\u00ab\u00a0Imaginer le lit du futur !\u00a0\u00bb le projet en lice pour les D\u00e9fis d&rsquo;Or","datePublished":"2018-11-07T16:06:43+00:00","dateModified":"2024-03-07T15:44:29+00:00","mainEntityOfPage":{"@id":"https:\/\/www.mines-stetienne.fr\/panoramines\/2018\/11\/07\/imaginer-le-lit-du-futur-le-projet-en-lice-pour-les-defis-dor\/"},"wordCount":211,"image":{"@id":"https:\/\/www.mines-stetienne.fr\/panoramines\/2018\/11\/07\/imaginer-le-lit-du-futur-le-projet-en-lice-pour-les-defis-dor\/#primaryimage"},"thumbnailUrl":"https:\/\/www.mines-stetienne.fr\/panoramines\/wp-content\/uploads\/sites\/3\/2018\/11\/UneDefi.jpg","keywords":["Sant\u00e9"],"articleSection":["Vie de l'\u00c9cole"],"inLanguage":"fr-FR"},{"@type":"WebPage","@id":"https:\/\/www.mines-stetienne.fr\/panoramines\/2018\/11\/07\/imaginer-le-lit-du-futur-le-projet-en-lice-pour-les-defis-dor\/","url":"https:\/\/www.mines-stetienne.fr\/panoramines\/2018\/11\/07\/imaginer-le-lit-du-futur-le-projet-en-lice-pour-les-defis-dor\/","name":"\"Imaginer le lit du futur !\" le projet en lice pour les D\u00e9fis d'Or - Panoramines","isPartOf":{"@id":"https:\/\/www.mines-stetienne.fr\/panoramines\/#website"},"primaryImageOfPage":{"@id":"https:\/\/www.mines-stetienne.fr\/panoramines\/2018\/11\/07\/imaginer-le-lit-du-futur-le-projet-en-lice-pour-les-defis-dor\/#primaryimage"},"image":{"@id":"https:\/\/www.mines-stetienne.fr\/panoramines\/2018\/11\/07\/imaginer-le-lit-du-futur-le-projet-en-lice-pour-les-defis-dor\/#primaryimage"},"thumbnailUrl":"https:\/\/www.mines-stetienne.fr\/panoramines\/wp-content\/uploads\/sites\/3\/2018\/11\/UneDefi.jpg","datePublished":"2018-11-07T16:06:43+00:00","dateModified":"2024-03-07T15:44:29+00:00","author":{"@id":"https:\/\/www.mines-stetienne.fr\/panoramines\/#\/schema\/person\/95e752e6dedac604ce4535123e0f8df7"},"breadcrumb":{"@id":"https:\/\/www.mines-stetienne.fr\/panoramines\/2018\/11\/07\/imaginer-le-lit-du-futur-le-projet-en-lice-pour-les-defis-dor\/#breadcrumb"},"inLanguage":"fr-FR","potentialAction":[{"@type":"ReadAction","target":["https:\/\/www.mines-stetienne.fr\/panoramines\/2018\/11\/07\/imaginer-le-lit-du-futur-le-projet-en-lice-pour-les-defis-dor\/"]}]},{"@type":"ImageObject","inLanguage":"fr-FR","@id":"https:\/\/www.mines-stetienne.fr\/panoramines\/2018\/11\/07\/imaginer-le-lit-du-futur-le-projet-en-lice-pour-les-defis-dor\/#primaryimage","url":"https:\/\/www.mines-stetienne.fr\/panoramines\/wp-content\/uploads\/sites\/3\/2018\/11\/UneDefi.jpg","contentUrl":"https:\/\/www.mines-stetienne.fr\/panoramines\/wp-content\/uploads\/sites\/3\/2018\/11\/UneDefi.jpg","width":700,"height":353},{"@type":"BreadcrumbList","@id":"https:\/\/www.mines-stetienne.fr\/panoramines\/2018\/11\/07\/imaginer-le-lit-du-futur-le-projet-en-lice-pour-les-defis-dor\/#breadcrumb","itemListElement":[{"@type":"ListItem","position":1,"name":"Accueil","item":"https:\/\/www.mines-stetienne.fr\/panoramines\/"},{"@type":"ListItem","position":2,"name":"\u00ab\u00a0Imaginer le lit du futur !\u00a0\u00bb le projet en lice pour les D\u00e9fis d&rsquo;Or"}]},{"@type":"WebSite","@id":"https:\/\/www.mines-stetienne.fr\/panoramines\/#website","url":"https:\/\/www.mines-stetienne.fr\/panoramines\/","name":"Panoramines","description":"Panoramines, l\u2019actualit\u00e9 de MINES Saint-\u00c9tienne","potentialAction":[{"@type":"SearchAction","target":{"@type":"EntryPoint","urlTemplate":"https:\/\/www.mines-stetienne.fr\/panoramines\/?s={search_term_string}"},"query-input":{"@type":"PropertyValueSpecification","valueRequired":true,"valueName":"search_term_string"}}],"inLanguage":"fr-FR"},{"@type":"Person","@id":"https:\/\/www.mines-stetienne.fr\/panoramines\/#\/schema\/person\/95e752e6dedac604ce4535123e0f8df7","name":"Nathalie","image":{"@type":"ImageObject","inLanguage":"fr-FR","@id":"https:\/\/www.mines-stetienne.fr\/panoramines\/wp-content\/uploads\/sites\/3\/2021\/07\/logo-75x75-1.png","url":"https:\/\/www.mines-stetienne.fr\/panoramines\/wp-content\/uploads\/sites\/3\/2021\/07\/logo-75x75-1.png","contentUrl":"https:\/\/www.mines-stetienne.fr\/panoramines\/wp-content\/uploads\/sites\/3\/2021\/07\/logo-75x75-1.png","caption":"Nathalie"},"url":"https:\/\/www.mines-stetienne.fr\/panoramines\/author\/nathalie\/"}]}},"_links":{"self":[{"href":"https:\/\/www.mines-stetienne.fr\/panoramines\/wp-json\/wp\/v2\/posts\/14869","targetHints":{"allow":["GET"]}}],"collection":[{"href":"https:\/\/www.mines-stetienne.fr\/panoramines\/wp-json\/wp\/v2\/posts"}],"about":[{"href":"https:\/\/www.mines-stetienne.fr\/panoramines\/wp-json\/wp\/v2\/types\/post"}],"author":[{"embeddable":true,"href":"https:\/\/www.mines-stetienne.fr\/panoramines\/wp-json\/wp\/v2\/users\/3"}],"replies":[{"embeddable":true,"href":"https:\/\/www.mines-stetienne.fr\/panoramines\/wp-json\/wp\/v2\/comments?post=14869"}],"version-history":[{"count":17,"href":"https:\/\/www.mines-stetienne.fr\/panoramines\/wp-json\/wp\/v2\/posts\/14869\/revisions"}],"predecessor-version":[{"id":15141,"href":"https:\/\/www.mines-stetienne.fr\/panoramines\/wp-json\/wp\/v2\/posts\/14869\/revisions\/15141"}],"wp:featuredmedia":[{"embeddable":true,"href":"https:\/\/www.mines-stetienne.fr\/panoramines\/wp-json\/wp\/v2\/media\/14884"}],"wp:attachment":[{"href":"https:\/\/www.mines-stetienne.fr\/panoramines\/wp-json\/wp\/v2\/media?parent=14869"}],"wp:term":[{"taxonomy":"category","embeddable":true,"href":"https:\/\/www.mines-stetienne.fr\/panoramines\/wp-json\/wp\/v2\/categories?post=14869"},{"taxonomy":"post_tag","embeddable":true,"href":"https:\/\/www.mines-stetienne.fr\/panoramines\/wp-json\/wp\/v2\/tags?post=14869"}],"curies":[{"name":"wp","href":"https:\/\/api.w.org\/{rel}","templated":true}]}}