{"id":14831,"date":"2018-11-06T09:22:42","date_gmt":"2018-11-06T08:22:42","guid":{"rendered":"https:\/\/www.mines-stetienne.fr\/panoramines\/?p=14831"},"modified":"2024-03-07T16:39:55","modified_gmt":"2024-03-07T15:39:55","slug":"dynamo-days-2019-proposez-un-defi-a-nos-equipes","status":"publish","type":"post","link":"https:\/\/www.mines-stetienne.fr\/panoramines\/2018\/11\/06\/dynamo-days-2019-proposez-un-defi-a-nos-equipes\/","title":{"rendered":"Dynamo Days 2019 : proposez un d\u00e9fi \u00e0 nos \u00e9quipes !"},"content":{"rendered":"<h4>L\u2019\u00e9v\u00e8nement collaboratif et pluridisciplinaire de Mines de Saint-\u00c9tienne\u00a0Dynamo Days se d\u00e9roulera les 5 et 6 mars 2019. Il mettra \u00e0 contribution l&rsquo;ensemble des \u00e9l\u00e8ves Ing\u00e9nieurs Civils des Mines et le personnel de l&rsquo;\u00c9cole avec pour objectif de relever de nouveaux challenges innovants cette ann\u00e9e sur le th\u00e8me de la sant\u00e9.<\/h4>\n<hr \/>\n<h6><em>\u00ab\u00a0Sont envisag\u00e9s des sujets <\/em><em>li\u00e9s aux innovations technologiques au profit de la sant\u00e9, des sujets traitant de la <\/em><em>place des usagers dans notre soci\u00e9t\u00e9, <\/em><em> de l\u2019interg\u00e9n\u00e9rationnel, des soins \u00e0 la personne, des personnes d\u00e9munies\u00a0 &#8230;.\u00a0\u00bb<\/em><\/h6>\n<p>Vous avez une probl\u00e9matique \u00e0 r\u00e9soudre au sein de votre structure ? Vous identifiez un sujet porteur dans le domaine de la sant\u00e9 ?<\/p>\n<blockquote><p>Que vous soyez une entreprise, une startup, une collectivit\u00e9 ou une association de la r\u00e9gion Auvergne Rh\u00f4ne-Alpes, <strong>soumettez votre d\u00e9fi <a href=\"https:\/\/airtable.com\/shriCcYWXM3Ega1Vu\" target=\"_blank\" rel=\"noopener\">via ce lien<\/a> avant le 15 d\u00e9cembre 2018.<\/strong><\/p><\/blockquote>\n<p>Les \u00e9quipes constitu\u00e9es de 8 \u00e0 10 \u00e9l\u00e8ves et personnels devront d\u00e9passer le concept et\u00a0 produire un \u00ab objet \u00bb ou un document de synth\u00e8se, selon la demande \u00e9nonc\u00e9e d\u00e8s le d\u00e9part dans le d\u00e9fi.<br \/>\n<strong>Le principe<\/strong> : une d\u00e9marche co-cr\u00e9ative et dynamique, dans un format p\u00e9dagogique innovant (s\u00e9ances de cr\u00e9ativit\u00e9, prototypage) et qui donne un aper\u00e7u des m\u00e9thodes de travail pr\u00e9sentes dans bien d\u2019autres challenges de type hackathon.<\/p>\n<p>L\u2019objectif est de faire prendre conscience des enjeux de notre soci\u00e9t\u00e9 et de proposer des solutions concr\u00e8tes de proximit\u00e9, appuy\u00e9es sur une d\u00e9marche scientifique.<\/p>\n<p><a href=\"https:\/\/www.mines-stetienne.fr\/panoramines\/wp-content\/uploads\/sites\/3\/2016\/03\/Ddays.jpg\"><img loading=\"lazy\" decoding=\"async\" class=\"alignleft wp-image-14816\" src=\"https:\/\/www.mines-stetienne.fr\/panoramines\/wp-content\/uploads\/sites\/3\/2016\/03\/Ddays-213x300.jpg\" alt=\"\" width=\"130\" height=\"183\" srcset=\"https:\/\/www.mines-stetienne.fr\/panoramines\/wp-content\/uploads\/sites\/3\/2016\/03\/Ddays-213x300.jpg 213w, https:\/\/www.mines-stetienne.fr\/panoramines\/wp-content\/uploads\/sites\/3\/2016\/03\/Ddays.jpg 299w\" sizes=\"auto, (max-width: 130px) 100vw, 130px\" \/><\/a>\u2022 Une m\u00e9thode inspir\u00e9e du \u00ab\u00a0design thinking\u00a0\u00bb, mais \u00e9galement des keynotes, des moments de convivialit\u00e9.<br \/>\n\u2022 Des coachs qui ont un r\u00f4le d\u2019animateurs et de facilitateurs sur la m\u00e9thode.<br \/>\n\u2022 Des coachs techniques qui sont experts dans les th\u00e9matiques abord\u00e9es.<\/p>\n<p><a href=\"https:\/\/bit.ly\/2CDVv9n\" target=\"_blank\" rel=\"noopener\"><strong>En savoir + sur ces journ\u00e9es<\/strong><\/a><strong> organis\u00e9es en partenariat avec <a href=\"http:\/\/www.laclavette.fr\/fr\/home\/\" target=\"_blank\" rel=\"noopener\">La Clavette<\/a> et <a href=\"https:\/\/www.lowpital.com\/\" target=\"_blank\" rel=\"noopener\">Lowpital<\/a> les 5 et 6 mars prochains.<\/strong><\/p>\n<blockquote><p>Vous h\u00e9sitez encore ? Visionnez l\u2019\u00e9v\u00e8nement 2018 : <a href=\"https:\/\/dynamodays.wp.imt.fr\/\" target=\"_blank\" rel=\"noopener\"><strong>le blog<\/strong><\/a> et\u00a0<strong> <a href=\"https:\/\/www.emse.fr\/DF\/fr\/xx272-2018-1.php\" target=\"_blank\" rel=\"noopener\">les d\u00e9fis<\/a> <\/strong>propos\u00e9s aux \u00e9l\u00e8ves.<\/p><\/blockquote>\n<p>Contacter l&rsquo;\u00e9quipe Dynamo Days : <a href=\"&#x6d;&#x61;&#x69;&#x6c;&#x74;&#x6f;&#x3a;&#x64;&#x79;&#x6e;&#x61;&#x6d;&#x6f;&#x64;&#x61;&#x79;&#x73;&#x40;&#x65;&#x6d;&#x73;&#x65;&#x2e;&#x66;&#x72;\">dynamodays&#64;e&#109;&#115;&#101;&#46;&#102;&#114;<\/a><\/p>\n<hr \/>\n<p>&nbsp;<\/p>\n","protected":false},"excerpt":{"rendered":"<p>L\u2019\u00e9v\u00e8nement collaboratif et pluridisciplinaire de Mines de Saint-\u00c9tienne\u00a0Dynamo Days se d\u00e9roulera les 5 et 6 mars 2019. Il mettra \u00e0 contribution l&rsquo;ensemble des \u00e9l\u00e8ves Ing\u00e9nieurs Civils des Mines et le personnel de l&rsquo;\u00c9cole avec pour objectif de relever de nouveaux &hellip;<\/p>\n","protected":false},"author":3,"featured_media":14836,"comment_status":"closed","ping_status":"open","sticky":false,"template":"","format":"standard","meta":{"_relevanssi_hide_post":"","_relevanssi_hide_content":"","_relevanssi_pin_for_all":"","_relevanssi_pin_keywords":"","_relevanssi_unpin_keywords":"","_relevanssi_related_keywords":"","_relevanssi_related_include_ids":"","_relevanssi_related_exclude_ids":"","_relevanssi_related_no_append":"","_relevanssi_related_not_related":"","_relevanssi_related_posts":"","_relevanssi_noindex_reason":"","footnotes":""},"categories":[6],"tags":[37,23,111],"class_list":["post-14831","post","type-post","status-publish","format-standard","has-post-thumbnail","hentry","category-formation","tag-icm","tag-innovation-pedagogique","tag-sante"],"pp_statuses_selecting_workflow":false,"pp_workflow_action":"current","pp_status_selection":"publish","pp_force_visibility":null,"pp_subpost_visibility":null,"pp_inherited_force_visibility":null,"pp_inherited_subpost_visibility":null,"yoast_head":"<!-- This site is optimized with the Yoast SEO plugin v27.4 - https:\/\/yoast.com\/product\/yoast-seo-wordpress\/ -->\n<title>Dynamo Days 2019 : proposez un d\u00e9fi \u00e0 nos \u00e9quipes ! - Panoramines<\/title>\n<meta name=\"robots\" content=\"index, follow, max-snippet:-1, max-image-preview:large, max-video-preview:-1\" \/>\n<link rel=\"canonical\" href=\"https:\/\/www.mines-stetienne.fr\/panoramines\/2018\/11\/06\/dynamo-days-2019-proposez-un-defi-a-nos-equipes\/\" \/>\n<meta property=\"og:locale\" content=\"fr_FR\" \/>\n<meta property=\"og:type\" content=\"article\" \/>\n<meta property=\"og:title\" content=\"Dynamo Days 2019 : proposez un d\u00e9fi \u00e0 nos \u00e9quipes ! - Panoramines\" \/>\n<meta property=\"og:description\" content=\"L\u2019\u00e9v\u00e8nement collaboratif et pluridisciplinaire de Mines de Saint-\u00c9tienne\u00a0Dynamo Days se d\u00e9roulera les 5 et 6 mars 2019. Il mettra \u00e0 contribution l&rsquo;ensemble des \u00e9l\u00e8ves Ing\u00e9nieurs Civils des Mines et le personnel de l&rsquo;\u00c9cole avec pour objectif de relever de nouveaux &hellip;\" \/>\n<meta property=\"og:url\" content=\"https:\/\/www.mines-stetienne.fr\/panoramines\/2018\/11\/06\/dynamo-days-2019-proposez-un-defi-a-nos-equipes\/\" \/>\n<meta property=\"og:site_name\" content=\"Panoramines\" \/>\n<meta property=\"article:published_time\" content=\"2018-11-06T08:22:42+00:00\" \/>\n<meta property=\"article:modified_time\" content=\"2024-03-07T15:39:55+00:00\" \/>\n<meta property=\"og:image\" content=\"https:\/\/www.mines-stetienne.fr\/panoramines\/wp-content\/uploads\/sites\/3\/2018\/11\/UneDDays19.jpg\" \/>\n\t<meta property=\"og:image:width\" content=\"700\" \/>\n\t<meta property=\"og:image:height\" content=\"298\" \/>\n\t<meta property=\"og:image:type\" content=\"image\/jpeg\" \/>\n<meta name=\"author\" content=\"Nathalie\" \/>\n<meta name=\"twitter:card\" content=\"summary_large_image\" \/>\n<meta name=\"twitter:label1\" content=\"\u00c9crit par\" \/>\n\t<meta name=\"twitter:data1\" content=\" Nathalie\" \/>\n\t<meta name=\"twitter:label2\" content=\"Dur\u00e9e de lecture estim\u00e9e\" \/>\n\t<meta name=\"twitter:data2\" content=\"2 minutes\" \/>\n<script type=\"application\/ld+json\" class=\"yoast-schema-graph\">{\"@context\":\"https:\\\/\\\/schema.org\",\"@graph\":[{\"@type\":\"Article\",\"@id\":\"https:\\\/\\\/www.mines-stetienne.fr\\\/panoramines\\\/2018\\\/11\\\/06\\\/dynamo-days-2019-proposez-un-defi-a-nos-equipes\\\/#article\",\"isPartOf\":{\"@id\":\"https:\\\/\\\/www.mines-stetienne.fr\\\/panoramines\\\/2018\\\/11\\\/06\\\/dynamo-days-2019-proposez-un-defi-a-nos-equipes\\\/\"},\"author\":{\"name\":\"Nathalie\",\"@id\":\"https:\\\/\\\/www.mines-stetienne.fr\\\/panoramines\\\/#\\\/schema\\\/person\\\/95e752e6dedac604ce4535123e0f8df7\"},\"headline\":\"Dynamo Days 2019 : proposez un d\u00e9fi \u00e0 nos \u00e9quipes !\",\"datePublished\":\"2018-11-06T08:22:42+00:00\",\"dateModified\":\"2024-03-07T15:39:55+00:00\",\"mainEntityOfPage\":{\"@id\":\"https:\\\/\\\/www.mines-stetienne.fr\\\/panoramines\\\/2018\\\/11\\\/06\\\/dynamo-days-2019-proposez-un-defi-a-nos-equipes\\\/\"},\"wordCount\":357,\"image\":{\"@id\":\"https:\\\/\\\/www.mines-stetienne.fr\\\/panoramines\\\/2018\\\/11\\\/06\\\/dynamo-days-2019-proposez-un-defi-a-nos-equipes\\\/#primaryimage\"},\"thumbnailUrl\":\"https:\\\/\\\/www.mines-stetienne.fr\\\/panoramines\\\/wp-content\\\/uploads\\\/sites\\\/3\\\/2018\\\/11\\\/UneDDays19.jpg\",\"keywords\":[\"ICM\",\"Innovation p\u00e9dagogique\",\"Sant\u00e9\"],\"articleSection\":[\"Formation\"],\"inLanguage\":\"fr-FR\"},{\"@type\":\"WebPage\",\"@id\":\"https:\\\/\\\/www.mines-stetienne.fr\\\/panoramines\\\/2018\\\/11\\\/06\\\/dynamo-days-2019-proposez-un-defi-a-nos-equipes\\\/\",\"url\":\"https:\\\/\\\/www.mines-stetienne.fr\\\/panoramines\\\/2018\\\/11\\\/06\\\/dynamo-days-2019-proposez-un-defi-a-nos-equipes\\\/\",\"name\":\"Dynamo Days 2019 : proposez un d\u00e9fi \u00e0 nos \u00e9quipes ! - Panoramines\",\"isPartOf\":{\"@id\":\"https:\\\/\\\/www.mines-stetienne.fr\\\/panoramines\\\/#website\"},\"primaryImageOfPage\":{\"@id\":\"https:\\\/\\\/www.mines-stetienne.fr\\\/panoramines\\\/2018\\\/11\\\/06\\\/dynamo-days-2019-proposez-un-defi-a-nos-equipes\\\/#primaryimage\"},\"image\":{\"@id\":\"https:\\\/\\\/www.mines-stetienne.fr\\\/panoramines\\\/2018\\\/11\\\/06\\\/dynamo-days-2019-proposez-un-defi-a-nos-equipes\\\/#primaryimage\"},\"thumbnailUrl\":\"https:\\\/\\\/www.mines-stetienne.fr\\\/panoramines\\\/wp-content\\\/uploads\\\/sites\\\/3\\\/2018\\\/11\\\/UneDDays19.jpg\",\"datePublished\":\"2018-11-06T08:22:42+00:00\",\"dateModified\":\"2024-03-07T15:39:55+00:00\",\"author\":{\"@id\":\"https:\\\/\\\/www.mines-stetienne.fr\\\/panoramines\\\/#\\\/schema\\\/person\\\/95e752e6dedac604ce4535123e0f8df7\"},\"breadcrumb\":{\"@id\":\"https:\\\/\\\/www.mines-stetienne.fr\\\/panoramines\\\/2018\\\/11\\\/06\\\/dynamo-days-2019-proposez-un-defi-a-nos-equipes\\\/#breadcrumb\"},\"inLanguage\":\"fr-FR\",\"potentialAction\":[{\"@type\":\"ReadAction\",\"target\":[\"https:\\\/\\\/www.mines-stetienne.fr\\\/panoramines\\\/2018\\\/11\\\/06\\\/dynamo-days-2019-proposez-un-defi-a-nos-equipes\\\/\"]}]},{\"@type\":\"ImageObject\",\"inLanguage\":\"fr-FR\",\"@id\":\"https:\\\/\\\/www.mines-stetienne.fr\\\/panoramines\\\/2018\\\/11\\\/06\\\/dynamo-days-2019-proposez-un-defi-a-nos-equipes\\\/#primaryimage\",\"url\":\"https:\\\/\\\/www.mines-stetienne.fr\\\/panoramines\\\/wp-content\\\/uploads\\\/sites\\\/3\\\/2018\\\/11\\\/UneDDays19.jpg\",\"contentUrl\":\"https:\\\/\\\/www.mines-stetienne.fr\\\/panoramines\\\/wp-content\\\/uploads\\\/sites\\\/3\\\/2018\\\/11\\\/UneDDays19.jpg\",\"width\":700,\"height\":298},{\"@type\":\"BreadcrumbList\",\"@id\":\"https:\\\/\\\/www.mines-stetienne.fr\\\/panoramines\\\/2018\\\/11\\\/06\\\/dynamo-days-2019-proposez-un-defi-a-nos-equipes\\\/#breadcrumb\",\"itemListElement\":[{\"@type\":\"ListItem\",\"position\":1,\"name\":\"Accueil\",\"item\":\"https:\\\/\\\/www.mines-stetienne.fr\\\/panoramines\\\/\"},{\"@type\":\"ListItem\",\"position\":2,\"name\":\"Dynamo Days 2019 : proposez un d\u00e9fi \u00e0 nos \u00e9quipes !\"}]},{\"@type\":\"WebSite\",\"@id\":\"https:\\\/\\\/www.mines-stetienne.fr\\\/panoramines\\\/#website\",\"url\":\"https:\\\/\\\/www.mines-stetienne.fr\\\/panoramines\\\/\",\"name\":\"Panoramines\",\"description\":\"Panoramines, l\u2019actualit\u00e9 de MINES Saint-\u00c9tienne\",\"potentialAction\":[{\"@type\":\"SearchAction\",\"target\":{\"@type\":\"EntryPoint\",\"urlTemplate\":\"https:\\\/\\\/www.mines-stetienne.fr\\\/panoramines\\\/?s={search_term_string}\"},\"query-input\":{\"@type\":\"PropertyValueSpecification\",\"valueRequired\":true,\"valueName\":\"search_term_string\"}}],\"inLanguage\":\"fr-FR\"},{\"@type\":\"Person\",\"@id\":\"https:\\\/\\\/www.mines-stetienne.fr\\\/panoramines\\\/#\\\/schema\\\/person\\\/95e752e6dedac604ce4535123e0f8df7\",\"name\":\"Nathalie\",\"image\":{\"@type\":\"ImageObject\",\"inLanguage\":\"fr-FR\",\"@id\":\"https:\\\/\\\/www.mines-stetienne.fr\\\/panoramines\\\/wp-content\\\/uploads\\\/sites\\\/3\\\/2021\\\/07\\\/logo-75x75-1.png\",\"url\":\"https:\\\/\\\/www.mines-stetienne.fr\\\/panoramines\\\/wp-content\\\/uploads\\\/sites\\\/3\\\/2021\\\/07\\\/logo-75x75-1.png\",\"contentUrl\":\"https:\\\/\\\/www.mines-stetienne.fr\\\/panoramines\\\/wp-content\\\/uploads\\\/sites\\\/3\\\/2021\\\/07\\\/logo-75x75-1.png\",\"caption\":\"Nathalie\"},\"url\":\"https:\\\/\\\/www.mines-stetienne.fr\\\/panoramines\\\/author\\\/nathalie\\\/\"}]}<\/script>\n<!-- \/ Yoast SEO plugin. -->","yoast_head_json":{"title":"Dynamo Days 2019 : proposez un d\u00e9fi \u00e0 nos \u00e9quipes ! - Panoramines","robots":{"index":"index","follow":"follow","max-snippet":"max-snippet:-1","max-image-preview":"max-image-preview:large","max-video-preview":"max-video-preview:-1"},"canonical":"https:\/\/www.mines-stetienne.fr\/panoramines\/2018\/11\/06\/dynamo-days-2019-proposez-un-defi-a-nos-equipes\/","og_locale":"fr_FR","og_type":"article","og_title":"Dynamo Days 2019 : proposez un d\u00e9fi \u00e0 nos \u00e9quipes ! - Panoramines","og_description":"L\u2019\u00e9v\u00e8nement collaboratif et pluridisciplinaire de Mines de Saint-\u00c9tienne\u00a0Dynamo Days se d\u00e9roulera les 5 et 6 mars 2019. Il mettra \u00e0 contribution l&rsquo;ensemble des \u00e9l\u00e8ves Ing\u00e9nieurs Civils des Mines et le personnel de l&rsquo;\u00c9cole avec pour objectif de relever de nouveaux &hellip;","og_url":"https:\/\/www.mines-stetienne.fr\/panoramines\/2018\/11\/06\/dynamo-days-2019-proposez-un-defi-a-nos-equipes\/","og_site_name":"Panoramines","article_published_time":"2018-11-06T08:22:42+00:00","article_modified_time":"2024-03-07T15:39:55+00:00","og_image":[{"width":700,"height":298,"url":"https:\/\/www.mines-stetienne.fr\/panoramines\/wp-content\/uploads\/sites\/3\/2018\/11\/UneDDays19.jpg","type":"image\/jpeg"}],"author":"Nathalie","twitter_card":"summary_large_image","twitter_misc":{"\u00c9crit par":" Nathalie","Dur\u00e9e de lecture estim\u00e9e":"2 minutes"},"schema":{"@context":"https:\/\/schema.org","@graph":[{"@type":"Article","@id":"https:\/\/www.mines-stetienne.fr\/panoramines\/2018\/11\/06\/dynamo-days-2019-proposez-un-defi-a-nos-equipes\/#article","isPartOf":{"@id":"https:\/\/www.mines-stetienne.fr\/panoramines\/2018\/11\/06\/dynamo-days-2019-proposez-un-defi-a-nos-equipes\/"},"author":{"name":"Nathalie","@id":"https:\/\/www.mines-stetienne.fr\/panoramines\/#\/schema\/person\/95e752e6dedac604ce4535123e0f8df7"},"headline":"Dynamo Days 2019 : proposez un d\u00e9fi \u00e0 nos \u00e9quipes !","datePublished":"2018-11-06T08:22:42+00:00","dateModified":"2024-03-07T15:39:55+00:00","mainEntityOfPage":{"@id":"https:\/\/www.mines-stetienne.fr\/panoramines\/2018\/11\/06\/dynamo-days-2019-proposez-un-defi-a-nos-equipes\/"},"wordCount":357,"image":{"@id":"https:\/\/www.mines-stetienne.fr\/panoramines\/2018\/11\/06\/dynamo-days-2019-proposez-un-defi-a-nos-equipes\/#primaryimage"},"thumbnailUrl":"https:\/\/www.mines-stetienne.fr\/panoramines\/wp-content\/uploads\/sites\/3\/2018\/11\/UneDDays19.jpg","keywords":["ICM","Innovation p\u00e9dagogique","Sant\u00e9"],"articleSection":["Formation"],"inLanguage":"fr-FR"},{"@type":"WebPage","@id":"https:\/\/www.mines-stetienne.fr\/panoramines\/2018\/11\/06\/dynamo-days-2019-proposez-un-defi-a-nos-equipes\/","url":"https:\/\/www.mines-stetienne.fr\/panoramines\/2018\/11\/06\/dynamo-days-2019-proposez-un-defi-a-nos-equipes\/","name":"Dynamo Days 2019 : proposez un d\u00e9fi \u00e0 nos \u00e9quipes ! - Panoramines","isPartOf":{"@id":"https:\/\/www.mines-stetienne.fr\/panoramines\/#website"},"primaryImageOfPage":{"@id":"https:\/\/www.mines-stetienne.fr\/panoramines\/2018\/11\/06\/dynamo-days-2019-proposez-un-defi-a-nos-equipes\/#primaryimage"},"image":{"@id":"https:\/\/www.mines-stetienne.fr\/panoramines\/2018\/11\/06\/dynamo-days-2019-proposez-un-defi-a-nos-equipes\/#primaryimage"},"thumbnailUrl":"https:\/\/www.mines-stetienne.fr\/panoramines\/wp-content\/uploads\/sites\/3\/2018\/11\/UneDDays19.jpg","datePublished":"2018-11-06T08:22:42+00:00","dateModified":"2024-03-07T15:39:55+00:00","author":{"@id":"https:\/\/www.mines-stetienne.fr\/panoramines\/#\/schema\/person\/95e752e6dedac604ce4535123e0f8df7"},"breadcrumb":{"@id":"https:\/\/www.mines-stetienne.fr\/panoramines\/2018\/11\/06\/dynamo-days-2019-proposez-un-defi-a-nos-equipes\/#breadcrumb"},"inLanguage":"fr-FR","potentialAction":[{"@type":"ReadAction","target":["https:\/\/www.mines-stetienne.fr\/panoramines\/2018\/11\/06\/dynamo-days-2019-proposez-un-defi-a-nos-equipes\/"]}]},{"@type":"ImageObject","inLanguage":"fr-FR","@id":"https:\/\/www.mines-stetienne.fr\/panoramines\/2018\/11\/06\/dynamo-days-2019-proposez-un-defi-a-nos-equipes\/#primaryimage","url":"https:\/\/www.mines-stetienne.fr\/panoramines\/wp-content\/uploads\/sites\/3\/2018\/11\/UneDDays19.jpg","contentUrl":"https:\/\/www.mines-stetienne.fr\/panoramines\/wp-content\/uploads\/sites\/3\/2018\/11\/UneDDays19.jpg","width":700,"height":298},{"@type":"BreadcrumbList","@id":"https:\/\/www.mines-stetienne.fr\/panoramines\/2018\/11\/06\/dynamo-days-2019-proposez-un-defi-a-nos-equipes\/#breadcrumb","itemListElement":[{"@type":"ListItem","position":1,"name":"Accueil","item":"https:\/\/www.mines-stetienne.fr\/panoramines\/"},{"@type":"ListItem","position":2,"name":"Dynamo Days 2019 : proposez un d\u00e9fi \u00e0 nos \u00e9quipes !"}]},{"@type":"WebSite","@id":"https:\/\/www.mines-stetienne.fr\/panoramines\/#website","url":"https:\/\/www.mines-stetienne.fr\/panoramines\/","name":"Panoramines","description":"Panoramines, l\u2019actualit\u00e9 de MINES Saint-\u00c9tienne","potentialAction":[{"@type":"SearchAction","target":{"@type":"EntryPoint","urlTemplate":"https:\/\/www.mines-stetienne.fr\/panoramines\/?s={search_term_string}"},"query-input":{"@type":"PropertyValueSpecification","valueRequired":true,"valueName":"search_term_string"}}],"inLanguage":"fr-FR"},{"@type":"Person","@id":"https:\/\/www.mines-stetienne.fr\/panoramines\/#\/schema\/person\/95e752e6dedac604ce4535123e0f8df7","name":"Nathalie","image":{"@type":"ImageObject","inLanguage":"fr-FR","@id":"https:\/\/www.mines-stetienne.fr\/panoramines\/wp-content\/uploads\/sites\/3\/2021\/07\/logo-75x75-1.png","url":"https:\/\/www.mines-stetienne.fr\/panoramines\/wp-content\/uploads\/sites\/3\/2021\/07\/logo-75x75-1.png","contentUrl":"https:\/\/www.mines-stetienne.fr\/panoramines\/wp-content\/uploads\/sites\/3\/2021\/07\/logo-75x75-1.png","caption":"Nathalie"},"url":"https:\/\/www.mines-stetienne.fr\/panoramines\/author\/nathalie\/"}]}},"_links":{"self":[{"href":"https:\/\/www.mines-stetienne.fr\/panoramines\/wp-json\/wp\/v2\/posts\/14831","targetHints":{"allow":["GET"]}}],"collection":[{"href":"https:\/\/www.mines-stetienne.fr\/panoramines\/wp-json\/wp\/v2\/posts"}],"about":[{"href":"https:\/\/www.mines-stetienne.fr\/panoramines\/wp-json\/wp\/v2\/types\/post"}],"author":[{"embeddable":true,"href":"https:\/\/www.mines-stetienne.fr\/panoramines\/wp-json\/wp\/v2\/users\/3"}],"replies":[{"embeddable":true,"href":"https:\/\/www.mines-stetienne.fr\/panoramines\/wp-json\/wp\/v2\/comments?post=14831"}],"version-history":[{"count":13,"href":"https:\/\/www.mines-stetienne.fr\/panoramines\/wp-json\/wp\/v2\/posts\/14831\/revisions"}],"predecessor-version":[{"id":14857,"href":"https:\/\/www.mines-stetienne.fr\/panoramines\/wp-json\/wp\/v2\/posts\/14831\/revisions\/14857"}],"wp:featuredmedia":[{"embeddable":true,"href":"https:\/\/www.mines-stetienne.fr\/panoramines\/wp-json\/wp\/v2\/media\/14836"}],"wp:attachment":[{"href":"https:\/\/www.mines-stetienne.fr\/panoramines\/wp-json\/wp\/v2\/media?parent=14831"}],"wp:term":[{"taxonomy":"category","embeddable":true,"href":"https:\/\/www.mines-stetienne.fr\/panoramines\/wp-json\/wp\/v2\/categories?post=14831"},{"taxonomy":"post_tag","embeddable":true,"href":"https:\/\/www.mines-stetienne.fr\/panoramines\/wp-json\/wp\/v2\/tags?post=14831"}],"curies":[{"name":"wp","href":"https:\/\/api.w.org\/{rel}","templated":true}]}}