{"id":14799,"date":"2018-11-20T10:00:27","date_gmt":"2018-11-20T09:00:27","guid":{"rendered":"https:\/\/www.mines-stetienne.fr\/panoramines\/?p=14799"},"modified":"2024-03-07T16:38:42","modified_gmt":"2024-03-07T15:38:42","slug":"succes-du-hackathon-smartcity-zen-2018-de-liot-au-big-data","status":"publish","type":"post","link":"https:\/\/www.mines-stetienne.fr\/panoramines\/2018\/11\/20\/succes-du-hackathon-smartcity-zen-2018-de-liot-au-big-data\/","title":{"rendered":"Succ\u00e8s du hackathon SmartCity ZEN 2018 &#8211; de l&rsquo;IoT au Big Data"},"content":{"rendered":"<h4>L&rsquo;\u00e9v\u00e9nement accueilli sur le Campus Georges Charpak Provence les 9 et 10 novembre a connu un fort succ\u00e8s avec 70 inscrits, dont une forte mobilisation des \u00e9l\u00e8ves-ing\u00e9nieurs ISMIN et 10 \u00e9quipes qui ont su adresser les probl\u00e8mes de la m\u00e9tropole avec ing\u00e9niosit\u00e9\u00a0!<br \/>\nOrganis\u00e9 par Nodya Group, le COOLab de STMicroelectronics, le FabLab d\u2019Aix-en-Provence, la plateforme ID-Fab de Mines Saint-\u00c9tienne, la R\u00e9gion Sud Paca et la M\u00e9tropole Aix-Marseille, il portait sur des enjeux du territoire : mobilit\u00e9, environnement et mieux-vivre des citoyens.<\/h4>\n<p><strong>Partage, innovation\u00a0 cr\u00e9ation, prototypage, les participants ont confront\u00e9 th\u00e9orie et pratique<\/strong>, <strong>travailler en \u00e9quipe sur des th\u00e8mes li\u00e9s \u00e0 la Smart City<\/strong>.<br \/>\nIls ont prototyp\u00e9 durant 24h pour trouver des solutions gr\u00e2ce aux outils mis \u00e0 leur disposition : objets connect\u00e9s pour mesurer et produire des donn\u00e9es, plateforme ou jeux de donn\u00e9es.<br \/>\nInternet des objets, Big Data, Open Data ou Smart City \u00e9taient en effet <a href=\"http:\/\/smartcityzen.fr\/\" target=\"_blank\" rel=\"noopener\">au c\u0153ur de ce hackathon<\/a> \u00e9galement rythm\u00e9 par des ateliers et des conf\u00e9rences.<br \/>\nAu final, <strong>les prototypes produits en moins de 24h sont tous d\u2019une grande qualit\u00e9<\/strong> et m\u00e9riteraient d\u2019\u00eatre poursuivis\u00a0!<\/p>\n<div id='gallery-1' class='gallery galleryid-14799 gallery-columns-3 gallery-size-thumbnail'><dl class='gallery-item'>\n\t\t\t<dt class='gallery-icon landscape'>\n\t\t\t\t<a href='https:\/\/www.mines-stetienne.fr\/panoramines\/wp-content\/uploads\/sites\/3\/2018\/11\/smartcityZen_2.jpg'><img loading=\"lazy\" decoding=\"async\" width=\"150\" height=\"150\" src=\"https:\/\/www.mines-stetienne.fr\/panoramines\/wp-content\/uploads\/sites\/3\/2018\/11\/smartcityZen_2-150x150.jpg\" class=\"attachment-thumbnail size-thumbnail\" alt=\"\" srcset=\"https:\/\/www.mines-stetienne.fr\/panoramines\/wp-content\/uploads\/sites\/3\/2018\/11\/smartcityZen_2-150x150.jpg 150w, https:\/\/www.mines-stetienne.fr\/panoramines\/wp-content\/uploads\/sites\/3\/2018\/11\/smartcityZen_2-75x75.jpg 75w, https:\/\/www.mines-stetienne.fr\/panoramines\/wp-content\/uploads\/sites\/3\/2018\/11\/smartcityZen_2-360x360.jpg 360w\" sizes=\"auto, (max-width: 150px) 100vw, 150px\" \/><\/a>\n\t\t\t<\/dt><\/dl><dl class='gallery-item'>\n\t\t\t<dt class='gallery-icon landscape'>\n\t\t\t\t<a href='https:\/\/www.mines-stetienne.fr\/panoramines\/wp-content\/uploads\/sites\/3\/2018\/11\/smartcityZen_4.jpg'><img loading=\"lazy\" decoding=\"async\" width=\"150\" height=\"150\" src=\"https:\/\/www.mines-stetienne.fr\/panoramines\/wp-content\/uploads\/sites\/3\/2018\/11\/smartcityZen_4-150x150.jpg\" class=\"attachment-thumbnail size-thumbnail\" alt=\"\" srcset=\"https:\/\/www.mines-stetienne.fr\/panoramines\/wp-content\/uploads\/sites\/3\/2018\/11\/smartcityZen_4-150x150.jpg 150w, https:\/\/www.mines-stetienne.fr\/panoramines\/wp-content\/uploads\/sites\/3\/2018\/11\/smartcityZen_4-75x75.jpg 75w, https:\/\/www.mines-stetienne.fr\/panoramines\/wp-content\/uploads\/sites\/3\/2018\/11\/smartcityZen_4-360x360.jpg 360w\" sizes=\"auto, (max-width: 150px) 100vw, 150px\" \/><\/a>\n\t\t\t<\/dt><\/dl><dl class='gallery-item'>\n\t\t\t<dt class='gallery-icon landscape'>\n\t\t\t\t<a href='https:\/\/www.mines-stetienne.fr\/panoramines\/wp-content\/uploads\/sites\/3\/2018\/11\/smartcityZen_7.jpg'><img loading=\"lazy\" decoding=\"async\" width=\"150\" height=\"150\" src=\"https:\/\/www.mines-stetienne.fr\/panoramines\/wp-content\/uploads\/sites\/3\/2018\/11\/smartcityZen_7-150x150.jpg\" class=\"attachment-thumbnail size-thumbnail\" alt=\"\" srcset=\"https:\/\/www.mines-stetienne.fr\/panoramines\/wp-content\/uploads\/sites\/3\/2018\/11\/smartcityZen_7-150x150.jpg 150w, https:\/\/www.mines-stetienne.fr\/panoramines\/wp-content\/uploads\/sites\/3\/2018\/11\/smartcityZen_7-75x75.jpg 75w, https:\/\/www.mines-stetienne.fr\/panoramines\/wp-content\/uploads\/sites\/3\/2018\/11\/smartcityZen_7-360x360.jpg 360w\" sizes=\"auto, (max-width: 150px) 100vw, 150px\" \/><\/a>\n\t\t\t<\/dt><\/dl><br style=\"clear: both\" \/><dl class='gallery-item'>\n\t\t\t<dt class='gallery-icon landscape'>\n\t\t\t\t<a href='https:\/\/www.mines-stetienne.fr\/panoramines\/wp-content\/uploads\/sites\/3\/2018\/11\/smartcityZen_11.jpg'><img loading=\"lazy\" decoding=\"async\" width=\"150\" height=\"150\" src=\"https:\/\/www.mines-stetienne.fr\/panoramines\/wp-content\/uploads\/sites\/3\/2018\/11\/smartcityZen_11-150x150.jpg\" class=\"attachment-thumbnail size-thumbnail\" alt=\"\" srcset=\"https:\/\/www.mines-stetienne.fr\/panoramines\/wp-content\/uploads\/sites\/3\/2018\/11\/smartcityZen_11-150x150.jpg 150w, https:\/\/www.mines-stetienne.fr\/panoramines\/wp-content\/uploads\/sites\/3\/2018\/11\/smartcityZen_11-75x75.jpg 75w, https:\/\/www.mines-stetienne.fr\/panoramines\/wp-content\/uploads\/sites\/3\/2018\/11\/smartcityZen_11-360x360.jpg 360w\" sizes=\"auto, (max-width: 150px) 100vw, 150px\" \/><\/a>\n\t\t\t<\/dt><\/dl><dl class='gallery-item'>\n\t\t\t<dt class='gallery-icon landscape'>\n\t\t\t\t<a href='https:\/\/www.mines-stetienne.fr\/panoramines\/wp-content\/uploads\/sites\/3\/2018\/11\/smartcityZen_5.jpg'><img loading=\"lazy\" decoding=\"async\" width=\"150\" height=\"150\" src=\"https:\/\/www.mines-stetienne.fr\/panoramines\/wp-content\/uploads\/sites\/3\/2018\/11\/smartcityZen_5-150x150.jpg\" class=\"attachment-thumbnail size-thumbnail\" alt=\"\" srcset=\"https:\/\/www.mines-stetienne.fr\/panoramines\/wp-content\/uploads\/sites\/3\/2018\/11\/smartcityZen_5-150x150.jpg 150w, https:\/\/www.mines-stetienne.fr\/panoramines\/wp-content\/uploads\/sites\/3\/2018\/11\/smartcityZen_5-75x75.jpg 75w, https:\/\/www.mines-stetienne.fr\/panoramines\/wp-content\/uploads\/sites\/3\/2018\/11\/smartcityZen_5-360x360.jpg 360w\" sizes=\"auto, (max-width: 150px) 100vw, 150px\" \/><\/a>\n\t\t\t<\/dt><\/dl><dl class='gallery-item'>\n\t\t\t<dt class='gallery-icon landscape'>\n\t\t\t\t<a href='https:\/\/www.mines-stetienne.fr\/panoramines\/wp-content\/uploads\/sites\/3\/2018\/11\/smartcityZen_6.jpg'><img loading=\"lazy\" decoding=\"async\" width=\"150\" height=\"150\" src=\"https:\/\/www.mines-stetienne.fr\/panoramines\/wp-content\/uploads\/sites\/3\/2018\/11\/smartcityZen_6-150x150.jpg\" class=\"attachment-thumbnail size-thumbnail\" alt=\"\" srcset=\"https:\/\/www.mines-stetienne.fr\/panoramines\/wp-content\/uploads\/sites\/3\/2018\/11\/smartcityZen_6-150x150.jpg 150w, https:\/\/www.mines-stetienne.fr\/panoramines\/wp-content\/uploads\/sites\/3\/2018\/11\/smartcityZen_6-75x75.jpg 75w, https:\/\/www.mines-stetienne.fr\/panoramines\/wp-content\/uploads\/sites\/3\/2018\/11\/smartcityZen_6-360x360.jpg 360w\" sizes=\"auto, (max-width: 150px) 100vw, 150px\" \/><\/a>\n\t\t\t<\/dt><\/dl><br style=\"clear: both\" \/><dl class='gallery-item'>\n\t\t\t<dt class='gallery-icon landscape'>\n\t\t\t\t<a href='https:\/\/www.mines-stetienne.fr\/panoramines\/wp-content\/uploads\/sites\/3\/2018\/11\/smartcityZen_8.jpg'><img loading=\"lazy\" decoding=\"async\" width=\"150\" height=\"150\" src=\"https:\/\/www.mines-stetienne.fr\/panoramines\/wp-content\/uploads\/sites\/3\/2018\/11\/smartcityZen_8-150x150.jpg\" class=\"attachment-thumbnail size-thumbnail\" alt=\"\" srcset=\"https:\/\/www.mines-stetienne.fr\/panoramines\/wp-content\/uploads\/sites\/3\/2018\/11\/smartcityZen_8-150x150.jpg 150w, https:\/\/www.mines-stetienne.fr\/panoramines\/wp-content\/uploads\/sites\/3\/2018\/11\/smartcityZen_8-75x75.jpg 75w, https:\/\/www.mines-stetienne.fr\/panoramines\/wp-content\/uploads\/sites\/3\/2018\/11\/smartcityZen_8-360x360.jpg 360w\" sizes=\"auto, (max-width: 150px) 100vw, 150px\" \/><\/a>\n\t\t\t<\/dt><\/dl><dl class='gallery-item'>\n\t\t\t<dt class='gallery-icon landscape'>\n\t\t\t\t<a href='https:\/\/www.mines-stetienne.fr\/panoramines\/wp-content\/uploads\/sites\/3\/2018\/11\/smartcityZen_9.jpg'><img loading=\"lazy\" decoding=\"async\" width=\"150\" height=\"150\" src=\"https:\/\/www.mines-stetienne.fr\/panoramines\/wp-content\/uploads\/sites\/3\/2018\/11\/smartcityZen_9-150x150.jpg\" class=\"attachment-thumbnail size-thumbnail\" alt=\"\" srcset=\"https:\/\/www.mines-stetienne.fr\/panoramines\/wp-content\/uploads\/sites\/3\/2018\/11\/smartcityZen_9-150x150.jpg 150w, https:\/\/www.mines-stetienne.fr\/panoramines\/wp-content\/uploads\/sites\/3\/2018\/11\/smartcityZen_9-75x75.jpg 75w, https:\/\/www.mines-stetienne.fr\/panoramines\/wp-content\/uploads\/sites\/3\/2018\/11\/smartcityZen_9-360x360.jpg 360w\" sizes=\"auto, (max-width: 150px) 100vw, 150px\" \/><\/a>\n\t\t\t<\/dt><\/dl><dl class='gallery-item'>\n\t\t\t<dt class='gallery-icon landscape'>\n\t\t\t\t<a href='https:\/\/www.mines-stetienne.fr\/panoramines\/wp-content\/uploads\/sites\/3\/2018\/11\/smartcityZen_10.jpg'><img loading=\"lazy\" decoding=\"async\" width=\"150\" height=\"150\" src=\"https:\/\/www.mines-stetienne.fr\/panoramines\/wp-content\/uploads\/sites\/3\/2018\/11\/smartcityZen_10-150x150.jpg\" class=\"attachment-thumbnail size-thumbnail\" alt=\"\" srcset=\"https:\/\/www.mines-stetienne.fr\/panoramines\/wp-content\/uploads\/sites\/3\/2018\/11\/smartcityZen_10-150x150.jpg 150w, https:\/\/www.mines-stetienne.fr\/panoramines\/wp-content\/uploads\/sites\/3\/2018\/11\/smartcityZen_10-75x75.jpg 75w, https:\/\/www.mines-stetienne.fr\/panoramines\/wp-content\/uploads\/sites\/3\/2018\/11\/smartcityZen_10-360x360.jpg 360w\" sizes=\"auto, (max-width: 150px) 100vw, 150px\" \/><\/a>\n\t\t\t<\/dt><\/dl><br style=\"clear: both\" \/>\n\t\t<\/div>\n\n<blockquote><p>De vives f\u00e9licitations et remerciements sont adress\u00e9s aux organisateurs et aux participants :<\/p><\/blockquote>\n<p><strong>&#8211; aux membres organisateurs<\/strong> : <a href=\"https:\/\/nodya-group.com\/\" target=\"_blank\" rel=\"noopener\">Nodya Group<\/a>, <a href=\"https:\/\/www.st.com\/content\/st_com\/frhtml\" target=\"_blank\" rel=\"noopener\">COOLab de STMicroelectronics<\/a>, <a href=\"https:\/\/labaixbidouille.com\/\" target=\"_blank\" rel=\"noopener\">LAB, FabLab d\u2019Aix-en-Provence<\/a>, <a href=\"https:\/\/www.mines-stetienne.fr\/\" target=\"_blank\" rel=\"noopener\">Mines Saint-\u00c9tienne,<\/a>\u00a0\u00e0 travers sa plateforme ID-Fab (#minessaintetiennetech), ainsi qu\u2019aux repr\u00e9sentants des collectivit\u00e9s, <a href=\"https:\/\/www.maregionsud.fr\/\" target=\"_blank\" rel=\"noopener\">R\u00e9gion Sud Provence Alpes C\u00f4tes d&rsquo;Azur<\/a> et <a href=\"https:\/\/www.ampmetropole.fr\/\" target=\"_blank\" rel=\"noopener\">M\u00e9tropole Aix-Marseille<\/a>, qui ont fourni les cas d\u2019usage et sont rest\u00e9s tr\u00e8s pr\u00e9sents et disponibles durant ces journ\u00e9es.<\/p>\n<p><strong>&#8211; aux participants qui ont su relever ce d\u00e9fi avec brio<\/strong>, une mention particuli\u00e8re aux 32 \u00e9l\u00e8ves ISMIN pour leur forte mobilisation et \u00e0 Nathan Rolando, \u00e9l\u00e8ve ISMIN pour la r\u00e9alisation et le partage du <a href=\"https:\/\/www.youtube.com\/watch?v=7o7_6wCyRyA&amp;feature=share\" target=\"_blank\" rel=\"noopener\"><em>Timelapse<\/em> de l\u2019\u00e9v\u00e9nement<\/a>.<\/p>\n<p>En amont de l&rsquo;\u00e9v\u00e9nement, plusieurs Meetups C-In d\u2019Aix-en-Provence ont permis de pr\u00e9senter aux participants les diff\u00e9rentes probl\u00e9matiques et les plateformes IoT (STMicroelectronics, Lab d\u2019Aix, Nodya group&#8230;) mises en place lors du <strong><a href=\"http:\/\/smartcityzen.fr\/\" target=\"_blank\" rel=\"noopener\">Hackathon Smart City Zen<\/a><\/strong> les 9 et 10 novembre sur le campus Georges Charpak Provence.<\/p>\n<p>Contacts : <a href=\"&#x6d;a&#x69;&#108;&#x74;&#111;&#x3a;&#x72;o&#x67;&#101;&#x72;&#46;&#x64;&#101;l&#x61;&#116;&#x74;&#114;&#x65;&#64;e&#x6d;&#115;&#x65;&#46;&#x66;&#114;\">Roger Delattre<\/a>, <a href=\"mai&#108;&#116;&#111;&#58;&#x6d;&#x61;&#x72;&#x63;&#x2e;&#x68;&#x61;man&#100;&#64;&#101;&#109;&#115;&#x65;&#x2e;&#x66;&#x72;\">Marc Hamand<\/a>, <a href=\"&#109;a&#x69;l&#x74;o&#x3a;b&#x6c;a&#x79;a&#x63;&#64;&#x65;&#109;&#x73;&#101;&#x2e;&#102;&#x72;\">Sylvain Blayac<\/a>, Centre Micro\u00e9lectronique de Provence\/ Plateforme ID-Fab<\/p>\n<hr \/>\n<p>&nbsp;<\/p>\n","protected":false},"excerpt":{"rendered":"<p>L&rsquo;\u00e9v\u00e9nement accueilli sur le Campus Georges Charpak Provence les 9 et 10 novembre a connu un fort succ\u00e8s avec 70 inscrits, dont une forte mobilisation des \u00e9l\u00e8ves-ing\u00e9nieurs ISMIN et 10 \u00e9quipes qui ont su adresser les probl\u00e8mes de la m\u00e9tropole &hellip;<\/p>\n","protected":false},"author":3,"featured_media":15153,"comment_status":"closed","ping_status":"open","sticky":false,"template":"","format":"standard","meta":{"_relevanssi_hide_post":"","_relevanssi_hide_content":"","_relevanssi_pin_for_all":"","_relevanssi_pin_keywords":"","_relevanssi_unpin_keywords":"","_relevanssi_related_keywords":"","_relevanssi_related_include_ids":"","_relevanssi_related_exclude_ids":"","_relevanssi_related_no_append":"","_relevanssi_related_not_related":"","_relevanssi_related_posts":"","_relevanssi_noindex_reason":"","footnotes":""},"categories":[8],"tags":[370,318,222,42,411,405],"class_list":["post-14799","post","type-post","status-publish","format-standard","has-post-thumbnail","hentry","category-vie-etudiante","tag-campus-gc-provence","tag-hackathon","tag-id-fab","tag-ismin","tag-region-sud-paca","tag-smart-city"],"pp_statuses_selecting_workflow":false,"pp_workflow_action":"current","pp_status_selection":"publish","pp_force_visibility":null,"pp_subpost_visibility":null,"pp_inherited_force_visibility":null,"pp_inherited_subpost_visibility":null,"yoast_head":"<!-- This site is optimized with the Yoast SEO plugin v27.4 - https:\/\/yoast.com\/product\/yoast-seo-wordpress\/ -->\n<title>Succ\u00e8s du hackathon SmartCity ZEN 2018 - de l&#039;IoT au Big Data - Panoramines<\/title>\n<meta name=\"robots\" content=\"index, follow, max-snippet:-1, max-image-preview:large, max-video-preview:-1\" \/>\n<link rel=\"canonical\" href=\"https:\/\/www.mines-stetienne.fr\/panoramines\/2018\/11\/20\/succes-du-hackathon-smartcity-zen-2018-de-liot-au-big-data\/\" \/>\n<meta property=\"og:locale\" content=\"fr_FR\" \/>\n<meta property=\"og:type\" content=\"article\" \/>\n<meta property=\"og:title\" content=\"Succ\u00e8s du hackathon SmartCity ZEN 2018 - de l&#039;IoT au Big Data - Panoramines\" \/>\n<meta property=\"og:description\" content=\"L&rsquo;\u00e9v\u00e9nement accueilli sur le Campus Georges Charpak Provence les 9 et 10 novembre a connu un fort succ\u00e8s avec 70 inscrits, dont une forte mobilisation des \u00e9l\u00e8ves-ing\u00e9nieurs ISMIN et 10 \u00e9quipes qui ont su adresser les probl\u00e8mes de la m\u00e9tropole &hellip;\" \/>\n<meta property=\"og:url\" content=\"https:\/\/www.mines-stetienne.fr\/panoramines\/2018\/11\/20\/succes-du-hackathon-smartcity-zen-2018-de-liot-au-big-data\/\" \/>\n<meta property=\"og:site_name\" content=\"Panoramines\" \/>\n<meta property=\"article:published_time\" content=\"2018-11-20T09:00:27+00:00\" \/>\n<meta property=\"article:modified_time\" content=\"2024-03-07T15:38:42+00:00\" \/>\n<meta property=\"og:image\" content=\"https:\/\/www.mines-stetienne.fr\/panoramines\/wp-content\/uploads\/sites\/3\/2018\/11\/UneSmartCityZen.jpg\" \/>\n\t<meta property=\"og:image:width\" content=\"700\" \/>\n\t<meta property=\"og:image:height\" content=\"354\" \/>\n\t<meta property=\"og:image:type\" content=\"image\/jpeg\" \/>\n<meta name=\"author\" content=\"Nathalie\" \/>\n<meta name=\"twitter:card\" content=\"summary_large_image\" \/>\n<meta name=\"twitter:label1\" content=\"\u00c9crit par\" \/>\n\t<meta name=\"twitter:data1\" content=\" Nathalie\" \/>\n\t<meta name=\"twitter:label2\" content=\"Dur\u00e9e de lecture estim\u00e9e\" \/>\n\t<meta name=\"twitter:data2\" content=\"2 minutes\" \/>\n<script type=\"application\/ld+json\" class=\"yoast-schema-graph\">{\"@context\":\"https:\\\/\\\/schema.org\",\"@graph\":[{\"@type\":\"Article\",\"@id\":\"https:\\\/\\\/www.mines-stetienne.fr\\\/panoramines\\\/2018\\\/11\\\/20\\\/succes-du-hackathon-smartcity-zen-2018-de-liot-au-big-data\\\/#article\",\"isPartOf\":{\"@id\":\"https:\\\/\\\/www.mines-stetienne.fr\\\/panoramines\\\/2018\\\/11\\\/20\\\/succes-du-hackathon-smartcity-zen-2018-de-liot-au-big-data\\\/\"},\"author\":{\"name\":\"Nathalie\",\"@id\":\"https:\\\/\\\/www.mines-stetienne.fr\\\/panoramines\\\/#\\\/schema\\\/person\\\/95e752e6dedac604ce4535123e0f8df7\"},\"headline\":\"Succ\u00e8s du hackathon SmartCity ZEN 2018 &#8211; de l&rsquo;IoT au Big Data\",\"datePublished\":\"2018-11-20T09:00:27+00:00\",\"dateModified\":\"2024-03-07T15:38:42+00:00\",\"mainEntityOfPage\":{\"@id\":\"https:\\\/\\\/www.mines-stetienne.fr\\\/panoramines\\\/2018\\\/11\\\/20\\\/succes-du-hackathon-smartcity-zen-2018-de-liot-au-big-data\\\/\"},\"wordCount\":395,\"image\":{\"@id\":\"https:\\\/\\\/www.mines-stetienne.fr\\\/panoramines\\\/2018\\\/11\\\/20\\\/succes-du-hackathon-smartcity-zen-2018-de-liot-au-big-data\\\/#primaryimage\"},\"thumbnailUrl\":\"https:\\\/\\\/www.mines-stetienne.fr\\\/panoramines\\\/wp-content\\\/uploads\\\/sites\\\/3\\\/2018\\\/11\\\/UneSmartCityZen.jpg\",\"keywords\":[\"Campus GC Provence\",\"Hackathon\",\"ID-Fab\",\"ISMIN\",\"R\u00e9gion Sud-PACA\",\"Smart city\"],\"articleSection\":[\"Vie \u00e9tudiante\"],\"inLanguage\":\"fr-FR\"},{\"@type\":\"WebPage\",\"@id\":\"https:\\\/\\\/www.mines-stetienne.fr\\\/panoramines\\\/2018\\\/11\\\/20\\\/succes-du-hackathon-smartcity-zen-2018-de-liot-au-big-data\\\/\",\"url\":\"https:\\\/\\\/www.mines-stetienne.fr\\\/panoramines\\\/2018\\\/11\\\/20\\\/succes-du-hackathon-smartcity-zen-2018-de-liot-au-big-data\\\/\",\"name\":\"Succ\u00e8s du hackathon SmartCity ZEN 2018 - de l'IoT au Big Data - Panoramines\",\"isPartOf\":{\"@id\":\"https:\\\/\\\/www.mines-stetienne.fr\\\/panoramines\\\/#website\"},\"primaryImageOfPage\":{\"@id\":\"https:\\\/\\\/www.mines-stetienne.fr\\\/panoramines\\\/2018\\\/11\\\/20\\\/succes-du-hackathon-smartcity-zen-2018-de-liot-au-big-data\\\/#primaryimage\"},\"image\":{\"@id\":\"https:\\\/\\\/www.mines-stetienne.fr\\\/panoramines\\\/2018\\\/11\\\/20\\\/succes-du-hackathon-smartcity-zen-2018-de-liot-au-big-data\\\/#primaryimage\"},\"thumbnailUrl\":\"https:\\\/\\\/www.mines-stetienne.fr\\\/panoramines\\\/wp-content\\\/uploads\\\/sites\\\/3\\\/2018\\\/11\\\/UneSmartCityZen.jpg\",\"datePublished\":\"2018-11-20T09:00:27+00:00\",\"dateModified\":\"2024-03-07T15:38:42+00:00\",\"author\":{\"@id\":\"https:\\\/\\\/www.mines-stetienne.fr\\\/panoramines\\\/#\\\/schema\\\/person\\\/95e752e6dedac604ce4535123e0f8df7\"},\"breadcrumb\":{\"@id\":\"https:\\\/\\\/www.mines-stetienne.fr\\\/panoramines\\\/2018\\\/11\\\/20\\\/succes-du-hackathon-smartcity-zen-2018-de-liot-au-big-data\\\/#breadcrumb\"},\"inLanguage\":\"fr-FR\",\"potentialAction\":[{\"@type\":\"ReadAction\",\"target\":[\"https:\\\/\\\/www.mines-stetienne.fr\\\/panoramines\\\/2018\\\/11\\\/20\\\/succes-du-hackathon-smartcity-zen-2018-de-liot-au-big-data\\\/\"]}]},{\"@type\":\"ImageObject\",\"inLanguage\":\"fr-FR\",\"@id\":\"https:\\\/\\\/www.mines-stetienne.fr\\\/panoramines\\\/2018\\\/11\\\/20\\\/succes-du-hackathon-smartcity-zen-2018-de-liot-au-big-data\\\/#primaryimage\",\"url\":\"https:\\\/\\\/www.mines-stetienne.fr\\\/panoramines\\\/wp-content\\\/uploads\\\/sites\\\/3\\\/2018\\\/11\\\/UneSmartCityZen.jpg\",\"contentUrl\":\"https:\\\/\\\/www.mines-stetienne.fr\\\/panoramines\\\/wp-content\\\/uploads\\\/sites\\\/3\\\/2018\\\/11\\\/UneSmartCityZen.jpg\",\"width\":700,\"height\":354},{\"@type\":\"BreadcrumbList\",\"@id\":\"https:\\\/\\\/www.mines-stetienne.fr\\\/panoramines\\\/2018\\\/11\\\/20\\\/succes-du-hackathon-smartcity-zen-2018-de-liot-au-big-data\\\/#breadcrumb\",\"itemListElement\":[{\"@type\":\"ListItem\",\"position\":1,\"name\":\"Accueil\",\"item\":\"https:\\\/\\\/www.mines-stetienne.fr\\\/panoramines\\\/\"},{\"@type\":\"ListItem\",\"position\":2,\"name\":\"Succ\u00e8s du hackathon SmartCity ZEN 2018 &#8211; de l&rsquo;IoT au Big Data\"}]},{\"@type\":\"WebSite\",\"@id\":\"https:\\\/\\\/www.mines-stetienne.fr\\\/panoramines\\\/#website\",\"url\":\"https:\\\/\\\/www.mines-stetienne.fr\\\/panoramines\\\/\",\"name\":\"Panoramines\",\"description\":\"Panoramines, l\u2019actualit\u00e9 de MINES Saint-\u00c9tienne\",\"potentialAction\":[{\"@type\":\"SearchAction\",\"target\":{\"@type\":\"EntryPoint\",\"urlTemplate\":\"https:\\\/\\\/www.mines-stetienne.fr\\\/panoramines\\\/?s={search_term_string}\"},\"query-input\":{\"@type\":\"PropertyValueSpecification\",\"valueRequired\":true,\"valueName\":\"search_term_string\"}}],\"inLanguage\":\"fr-FR\"},{\"@type\":\"Person\",\"@id\":\"https:\\\/\\\/www.mines-stetienne.fr\\\/panoramines\\\/#\\\/schema\\\/person\\\/95e752e6dedac604ce4535123e0f8df7\",\"name\":\"Nathalie\",\"image\":{\"@type\":\"ImageObject\",\"inLanguage\":\"fr-FR\",\"@id\":\"https:\\\/\\\/www.mines-stetienne.fr\\\/panoramines\\\/wp-content\\\/uploads\\\/sites\\\/3\\\/2021\\\/07\\\/logo-75x75-1.png\",\"url\":\"https:\\\/\\\/www.mines-stetienne.fr\\\/panoramines\\\/wp-content\\\/uploads\\\/sites\\\/3\\\/2021\\\/07\\\/logo-75x75-1.png\",\"contentUrl\":\"https:\\\/\\\/www.mines-stetienne.fr\\\/panoramines\\\/wp-content\\\/uploads\\\/sites\\\/3\\\/2021\\\/07\\\/logo-75x75-1.png\",\"caption\":\"Nathalie\"},\"url\":\"https:\\\/\\\/www.mines-stetienne.fr\\\/panoramines\\\/author\\\/nathalie\\\/\"}]}<\/script>\n<!-- \/ Yoast SEO plugin. -->","yoast_head_json":{"title":"Succ\u00e8s du hackathon SmartCity ZEN 2018 - de l'IoT au Big Data - Panoramines","robots":{"index":"index","follow":"follow","max-snippet":"max-snippet:-1","max-image-preview":"max-image-preview:large","max-video-preview":"max-video-preview:-1"},"canonical":"https:\/\/www.mines-stetienne.fr\/panoramines\/2018\/11\/20\/succes-du-hackathon-smartcity-zen-2018-de-liot-au-big-data\/","og_locale":"fr_FR","og_type":"article","og_title":"Succ\u00e8s du hackathon SmartCity ZEN 2018 - de l'IoT au Big Data - Panoramines","og_description":"L&rsquo;\u00e9v\u00e9nement accueilli sur le Campus Georges Charpak Provence les 9 et 10 novembre a connu un fort succ\u00e8s avec 70 inscrits, dont une forte mobilisation des \u00e9l\u00e8ves-ing\u00e9nieurs ISMIN et 10 \u00e9quipes qui ont su adresser les probl\u00e8mes de la m\u00e9tropole &hellip;","og_url":"https:\/\/www.mines-stetienne.fr\/panoramines\/2018\/11\/20\/succes-du-hackathon-smartcity-zen-2018-de-liot-au-big-data\/","og_site_name":"Panoramines","article_published_time":"2018-11-20T09:00:27+00:00","article_modified_time":"2024-03-07T15:38:42+00:00","og_image":[{"width":700,"height":354,"url":"https:\/\/www.mines-stetienne.fr\/panoramines\/wp-content\/uploads\/sites\/3\/2018\/11\/UneSmartCityZen.jpg","type":"image\/jpeg"}],"author":"Nathalie","twitter_card":"summary_large_image","twitter_misc":{"\u00c9crit par":" Nathalie","Dur\u00e9e de lecture estim\u00e9e":"2 minutes"},"schema":{"@context":"https:\/\/schema.org","@graph":[{"@type":"Article","@id":"https:\/\/www.mines-stetienne.fr\/panoramines\/2018\/11\/20\/succes-du-hackathon-smartcity-zen-2018-de-liot-au-big-data\/#article","isPartOf":{"@id":"https:\/\/www.mines-stetienne.fr\/panoramines\/2018\/11\/20\/succes-du-hackathon-smartcity-zen-2018-de-liot-au-big-data\/"},"author":{"name":"Nathalie","@id":"https:\/\/www.mines-stetienne.fr\/panoramines\/#\/schema\/person\/95e752e6dedac604ce4535123e0f8df7"},"headline":"Succ\u00e8s du hackathon SmartCity ZEN 2018 &#8211; de l&rsquo;IoT au Big Data","datePublished":"2018-11-20T09:00:27+00:00","dateModified":"2024-03-07T15:38:42+00:00","mainEntityOfPage":{"@id":"https:\/\/www.mines-stetienne.fr\/panoramines\/2018\/11\/20\/succes-du-hackathon-smartcity-zen-2018-de-liot-au-big-data\/"},"wordCount":395,"image":{"@id":"https:\/\/www.mines-stetienne.fr\/panoramines\/2018\/11\/20\/succes-du-hackathon-smartcity-zen-2018-de-liot-au-big-data\/#primaryimage"},"thumbnailUrl":"https:\/\/www.mines-stetienne.fr\/panoramines\/wp-content\/uploads\/sites\/3\/2018\/11\/UneSmartCityZen.jpg","keywords":["Campus GC Provence","Hackathon","ID-Fab","ISMIN","R\u00e9gion Sud-PACA","Smart city"],"articleSection":["Vie \u00e9tudiante"],"inLanguage":"fr-FR"},{"@type":"WebPage","@id":"https:\/\/www.mines-stetienne.fr\/panoramines\/2018\/11\/20\/succes-du-hackathon-smartcity-zen-2018-de-liot-au-big-data\/","url":"https:\/\/www.mines-stetienne.fr\/panoramines\/2018\/11\/20\/succes-du-hackathon-smartcity-zen-2018-de-liot-au-big-data\/","name":"Succ\u00e8s du hackathon SmartCity ZEN 2018 - de l'IoT au Big Data - Panoramines","isPartOf":{"@id":"https:\/\/www.mines-stetienne.fr\/panoramines\/#website"},"primaryImageOfPage":{"@id":"https:\/\/www.mines-stetienne.fr\/panoramines\/2018\/11\/20\/succes-du-hackathon-smartcity-zen-2018-de-liot-au-big-data\/#primaryimage"},"image":{"@id":"https:\/\/www.mines-stetienne.fr\/panoramines\/2018\/11\/20\/succes-du-hackathon-smartcity-zen-2018-de-liot-au-big-data\/#primaryimage"},"thumbnailUrl":"https:\/\/www.mines-stetienne.fr\/panoramines\/wp-content\/uploads\/sites\/3\/2018\/11\/UneSmartCityZen.jpg","datePublished":"2018-11-20T09:00:27+00:00","dateModified":"2024-03-07T15:38:42+00:00","author":{"@id":"https:\/\/www.mines-stetienne.fr\/panoramines\/#\/schema\/person\/95e752e6dedac604ce4535123e0f8df7"},"breadcrumb":{"@id":"https:\/\/www.mines-stetienne.fr\/panoramines\/2018\/11\/20\/succes-du-hackathon-smartcity-zen-2018-de-liot-au-big-data\/#breadcrumb"},"inLanguage":"fr-FR","potentialAction":[{"@type":"ReadAction","target":["https:\/\/www.mines-stetienne.fr\/panoramines\/2018\/11\/20\/succes-du-hackathon-smartcity-zen-2018-de-liot-au-big-data\/"]}]},{"@type":"ImageObject","inLanguage":"fr-FR","@id":"https:\/\/www.mines-stetienne.fr\/panoramines\/2018\/11\/20\/succes-du-hackathon-smartcity-zen-2018-de-liot-au-big-data\/#primaryimage","url":"https:\/\/www.mines-stetienne.fr\/panoramines\/wp-content\/uploads\/sites\/3\/2018\/11\/UneSmartCityZen.jpg","contentUrl":"https:\/\/www.mines-stetienne.fr\/panoramines\/wp-content\/uploads\/sites\/3\/2018\/11\/UneSmartCityZen.jpg","width":700,"height":354},{"@type":"BreadcrumbList","@id":"https:\/\/www.mines-stetienne.fr\/panoramines\/2018\/11\/20\/succes-du-hackathon-smartcity-zen-2018-de-liot-au-big-data\/#breadcrumb","itemListElement":[{"@type":"ListItem","position":1,"name":"Accueil","item":"https:\/\/www.mines-stetienne.fr\/panoramines\/"},{"@type":"ListItem","position":2,"name":"Succ\u00e8s du hackathon SmartCity ZEN 2018 &#8211; de l&rsquo;IoT au Big Data"}]},{"@type":"WebSite","@id":"https:\/\/www.mines-stetienne.fr\/panoramines\/#website","url":"https:\/\/www.mines-stetienne.fr\/panoramines\/","name":"Panoramines","description":"Panoramines, l\u2019actualit\u00e9 de MINES Saint-\u00c9tienne","potentialAction":[{"@type":"SearchAction","target":{"@type":"EntryPoint","urlTemplate":"https:\/\/www.mines-stetienne.fr\/panoramines\/?s={search_term_string}"},"query-input":{"@type":"PropertyValueSpecification","valueRequired":true,"valueName":"search_term_string"}}],"inLanguage":"fr-FR"},{"@type":"Person","@id":"https:\/\/www.mines-stetienne.fr\/panoramines\/#\/schema\/person\/95e752e6dedac604ce4535123e0f8df7","name":"Nathalie","image":{"@type":"ImageObject","inLanguage":"fr-FR","@id":"https:\/\/www.mines-stetienne.fr\/panoramines\/wp-content\/uploads\/sites\/3\/2021\/07\/logo-75x75-1.png","url":"https:\/\/www.mines-stetienne.fr\/panoramines\/wp-content\/uploads\/sites\/3\/2021\/07\/logo-75x75-1.png","contentUrl":"https:\/\/www.mines-stetienne.fr\/panoramines\/wp-content\/uploads\/sites\/3\/2021\/07\/logo-75x75-1.png","caption":"Nathalie"},"url":"https:\/\/www.mines-stetienne.fr\/panoramines\/author\/nathalie\/"}]}},"_links":{"self":[{"href":"https:\/\/www.mines-stetienne.fr\/panoramines\/wp-json\/wp\/v2\/posts\/14799","targetHints":{"allow":["GET"]}}],"collection":[{"href":"https:\/\/www.mines-stetienne.fr\/panoramines\/wp-json\/wp\/v2\/posts"}],"about":[{"href":"https:\/\/www.mines-stetienne.fr\/panoramines\/wp-json\/wp\/v2\/types\/post"}],"author":[{"embeddable":true,"href":"https:\/\/www.mines-stetienne.fr\/panoramines\/wp-json\/wp\/v2\/users\/3"}],"replies":[{"embeddable":true,"href":"https:\/\/www.mines-stetienne.fr\/panoramines\/wp-json\/wp\/v2\/comments?post=14799"}],"version-history":[{"count":24,"href":"https:\/\/www.mines-stetienne.fr\/panoramines\/wp-json\/wp\/v2\/posts\/14799\/revisions"}],"predecessor-version":[{"id":15270,"href":"https:\/\/www.mines-stetienne.fr\/panoramines\/wp-json\/wp\/v2\/posts\/14799\/revisions\/15270"}],"wp:featuredmedia":[{"embeddable":true,"href":"https:\/\/www.mines-stetienne.fr\/panoramines\/wp-json\/wp\/v2\/media\/15153"}],"wp:attachment":[{"href":"https:\/\/www.mines-stetienne.fr\/panoramines\/wp-json\/wp\/v2\/media?parent=14799"}],"wp:term":[{"taxonomy":"category","embeddable":true,"href":"https:\/\/www.mines-stetienne.fr\/panoramines\/wp-json\/wp\/v2\/categories?post=14799"},{"taxonomy":"post_tag","embeddable":true,"href":"https:\/\/www.mines-stetienne.fr\/panoramines\/wp-json\/wp\/v2\/tags?post=14799"}],"curies":[{"name":"wp","href":"https:\/\/api.w.org\/{rel}","templated":true}]}}