{"id":14491,"date":"2018-10-12T08:31:09","date_gmt":"2018-10-12T06:31:09","guid":{"rendered":"https:\/\/www.mines-stetienne.fr\/panoramines\/?p=14491"},"modified":"2024-03-07T17:01:16","modified_gmt":"2024-03-07T16:01:16","slug":"mines-saint-etienne-sassocie-a-loperation-erasmus-days-2018","status":"publish","type":"post","link":"https:\/\/www.mines-stetienne.fr\/panoramines\/2018\/10\/12\/mines-saint-etienne-sassocie-a-loperation-erasmus-days-2018\/","title":{"rendered":"Mines Saint-\u00c9tienne s&rsquo;associe \u00e0 l&rsquo;op\u00e9ration Erasmus Days 2018 !"},"content":{"rendered":"<h5>Pr\u00e8s de 80 \u00e9l\u00e8ves ing\u00e9nieurs des cursus ICM et ISMIN sont actuellement en \u00e9change ERASMUS en mobilit\u00e9 entrantes et sortantes, en 2e ou 3e ann\u00e9e au sein d&rsquo;une universit\u00e9 partenaire europ\u00e9enne ou \u00e0 Mines Saint-\u00c9tienne, nos internationaux partagent leur exp\u00e9rience <a href=\"https:\/\/www.generation-erasmus.fr\/erasmusdays2018\/\" target=\"_blank\" rel=\"noopener\">\u00e0 l&rsquo;occasion des #ErasmusDays 2018<\/a>.<\/h5>\n<p><img loading=\"lazy\" decoding=\"async\" class=\"alignnone wp-image-14492\" src=\"https:\/\/www.mines-stetienne.fr\/panoramines\/wp-content\/uploads\/sites\/3\/2018\/10\/irlandeweb.jpg\" alt=\"\" width=\"650\" height=\"392\" srcset=\"https:\/\/www.mines-stetienne.fr\/panoramines\/wp-content\/uploads\/sites\/3\/2018\/10\/irlandeweb.jpg 700w, https:\/\/www.mines-stetienne.fr\/panoramines\/wp-content\/uploads\/sites\/3\/2018\/10\/irlandeweb-300x181.jpg 300w\" sizes=\"auto, (max-width: 650px) 100vw, 650px\" \/><br \/>\nRandonn\u00e9e en Irlande avec les \u00e9tudiants Erasmus et non Erasmus (Espagne, Allemagne, USA, Turquie,\u00a0Inde, France et suisse). <strong>Alexandra Fillon et Thibault Ancey<\/strong>, \u00e0 <a href=\"https:\/\/www.ucd.ie\/\" target=\"_blank\" rel=\"noopener\">University College Dublin<\/a><\/p>\n<p><img loading=\"lazy\" decoding=\"async\" class=\"alignnone wp-image-14493 size-full\" src=\"https:\/\/www.mines-stetienne.fr\/panoramines\/wp-content\/uploads\/sites\/3\/2018\/10\/NorvegeTrolltunga.jpeg\" alt=\"\" width=\"640\" height=\"387\" srcset=\"https:\/\/www.mines-stetienne.fr\/panoramines\/wp-content\/uploads\/sites\/3\/2018\/10\/NorvegeTrolltunga.jpeg 640w, https:\/\/www.mines-stetienne.fr\/panoramines\/wp-content\/uploads\/sites\/3\/2018\/10\/NorvegeTrolltunga-300x181.jpeg 300w\" sizes=\"auto, (max-width: 640px) 100vw, 640px\" \/><br \/>\n<strong>Natacha Perez et Olivier Panico<\/strong> : exp\u00e9rience norv\u00e9gienne \u00e0\u00a0 l<a href=\"https:\/\/www.uio.no\/\" target=\"_blank\" rel=\"noopener\">&lsquo;Universit\u00e9 d&rsquo;Oslo<\/a><br \/>\n27km de marche, 1100m de d\u00e9nivel\u00e9, pour cette vue \u00e0 couper le souffle au sommet de Trolltunga, une des randonn\u00e9es les plus r\u00e9put\u00e9es de Norv\u00e8ge. Mais ne vous fiez pas \u00e0 la photo, il a tout de m\u00eame fallu faire 1h30 d&rsquo;attente pour m\u00e9riter ce clich\u00e9 !<\/p>\n<p><img loading=\"lazy\" decoding=\"async\" class=\"alignnone wp-image-14495\" src=\"https:\/\/www.mines-stetienne.fr\/panoramines\/wp-content\/uploads\/sites\/3\/2018\/10\/Finlandeweb.jpg\" alt=\"\" width=\"640\" height=\"401\" srcset=\"https:\/\/www.mines-stetienne.fr\/panoramines\/wp-content\/uploads\/sites\/3\/2018\/10\/Finlandeweb.jpg 700w, https:\/\/www.mines-stetienne.fr\/panoramines\/wp-content\/uploads\/sites\/3\/2018\/10\/Finlandeweb-300x188.jpg 300w\" sizes=\"auto, (max-width: 640px) 100vw, 640px\" \/><br \/>\nUn voyage en automne avec les \u00e9tudiants de l&rsquo;<a href=\"http:\/\/www.uef.fi\/en\/etusivu\" target=\"_blank\" rel=\"noopener\">University of Eastern Finland<\/a> et <a href=\"http:\/\/www.karelia.fi\/fi\/\" target=\"_blank\" rel=\"noopener\">Karelia<\/a> pour d\u00e9couvrir le parc national de Koli. \u00ab\u00a0La vue magnifique et la convivialit\u00e9 nous font oublier le vent froid\u00a0\u00bb. <strong>Hadrien Devaine<\/strong>, ICM 2A<\/p>\n<p><img loading=\"lazy\" decoding=\"async\" class=\"alignnone wp-image-14507\" src=\"https:\/\/www.mines-stetienne.fr\/panoramines\/wp-content\/uploads\/sites\/3\/2018\/10\/2MEBristolMadrid.jpg\" alt=\"\" width=\"670\" height=\"437\" srcset=\"https:\/\/www.mines-stetienne.fr\/panoramines\/wp-content\/uploads\/sites\/3\/2018\/10\/2MEBristolMadrid.jpg 700w, https:\/\/www.mines-stetienne.fr\/panoramines\/wp-content\/uploads\/sites\/3\/2018\/10\/2MEBristolMadrid-300x196.jpg 300w\" sizes=\"auto, (max-width: 670px) 100vw, 670px\" \/><br \/>\nApr\u00e8s un mois d&rsquo;exp\u00e9rience en France avec mes coll\u00e8gues d&rsquo;\u00e9tage \u00e0 la Maison des \u00e9leves, Saint-Etienne, France !<br \/>\n<strong>Michel El-Khoury Favilla de Paula<\/strong>, <a href=\"http:\/\/www.upm.es\/\" target=\"_blank\" rel=\"noopener\">Universidad Politecnica de Madrid<\/a> et <strong>Alice Obrien<\/strong>, de l&rsquo;<a href=\"http:\/\/www.bristol.ac.uk\/\" target=\"_blank\" rel=\"noopener\">University of Bristol<\/a>.<\/p>\n<blockquote><p><a href=\"https:\/\/www.generation-erasmus.fr\/agenda\/erasmusdays-2018\/\" target=\"_blank\" rel=\"noopener\">\u00ab\u00a0L\u2019ambition des #Erasmusdays<\/a> est d\u2019essaimer \u00e0 travers toute l\u2019Europe et dans les 201 pays \u00e9ligibles au programme Erasmus +\u00a0\u00bb<\/p><\/blockquote>\n<hr \/>\n<p>&nbsp;<\/p>\n","protected":false},"excerpt":{"rendered":"<p>Pr\u00e8s de 80 \u00e9l\u00e8ves ing\u00e9nieurs des cursus ICM et ISMIN sont actuellement en \u00e9change ERASMUS en mobilit\u00e9 entrantes et sortantes, en 2e ou 3e ann\u00e9e au sein d&rsquo;une universit\u00e9 partenaire europ\u00e9enne ou \u00e0 Mines Saint-\u00c9tienne, nos internationaux partagent leur exp\u00e9rience &hellip;<\/p>\n","protected":false},"author":3,"featured_media":14512,"comment_status":"closed","ping_status":"open","sticky":false,"template":"","format":"standard","meta":{"_relevanssi_hide_post":"","_relevanssi_hide_content":"","_relevanssi_pin_for_all":"","_relevanssi_pin_keywords":"","_relevanssi_unpin_keywords":"","_relevanssi_related_keywords":"","_relevanssi_related_include_ids":"","_relevanssi_related_exclude_ids":"","_relevanssi_related_no_append":"","_relevanssi_related_not_related":"","_relevanssi_related_posts":"","_relevanssi_noindex_reason":"","footnotes":""},"categories":[1018],"tags":[230,159,205,37,42],"class_list":["post-14491","post","type-post","status-publish","format-standard","has-post-thumbnail","hentry","category-international","tag-erasmus","tag-etudiants-internationaux","tag-europe","tag-icm","tag-ismin"],"pp_statuses_selecting_workflow":false,"pp_workflow_action":"current","pp_status_selection":"publish","pp_force_visibility":null,"pp_subpost_visibility":null,"pp_inherited_force_visibility":null,"pp_inherited_subpost_visibility":null,"yoast_head":"<!-- This site is optimized with the Yoast SEO plugin v27.5 - https:\/\/yoast.com\/product\/yoast-seo-wordpress\/ -->\n<title>Mines Saint-\u00c9tienne s&#039;associe \u00e0 l&#039;op\u00e9ration Erasmus Days 2018 ! - Panoramines<\/title>\n<meta name=\"robots\" content=\"index, follow, max-snippet:-1, max-image-preview:large, max-video-preview:-1\" \/>\n<link rel=\"canonical\" href=\"https:\/\/www.mines-stetienne.fr\/panoramines\/2018\/10\/12\/mines-saint-etienne-sassocie-a-loperation-erasmus-days-2018\/\" \/>\n<meta property=\"og:locale\" content=\"fr_FR\" \/>\n<meta property=\"og:type\" content=\"article\" \/>\n<meta property=\"og:title\" content=\"Mines Saint-\u00c9tienne s&#039;associe \u00e0 l&#039;op\u00e9ration Erasmus Days 2018 ! - Panoramines\" \/>\n<meta property=\"og:description\" content=\"Pr\u00e8s de 80 \u00e9l\u00e8ves ing\u00e9nieurs des cursus ICM et ISMIN sont actuellement en \u00e9change ERASMUS en mobilit\u00e9 entrantes et sortantes, en 2e ou 3e ann\u00e9e au sein d&rsquo;une universit\u00e9 partenaire europ\u00e9enne ou \u00e0 Mines Saint-\u00c9tienne, nos internationaux partagent leur exp\u00e9rience &hellip;\" \/>\n<meta property=\"og:url\" content=\"https:\/\/www.mines-stetienne.fr\/panoramines\/2018\/10\/12\/mines-saint-etienne-sassocie-a-loperation-erasmus-days-2018\/\" \/>\n<meta property=\"og:site_name\" content=\"Panoramines\" \/>\n<meta property=\"article:published_time\" content=\"2018-10-12T06:31:09+00:00\" \/>\n<meta property=\"article:modified_time\" content=\"2024-03-07T16:01:16+00:00\" \/>\n<meta property=\"og:image\" content=\"https:\/\/www.mines-stetienne.fr\/panoramines\/wp-content\/uploads\/sites\/3\/2018\/10\/UneErasmus.jpg\" \/>\n\t<meta property=\"og:image:width\" content=\"640\" \/>\n\t<meta property=\"og:image:height\" content=\"234\" \/>\n\t<meta property=\"og:image:type\" content=\"image\/jpeg\" \/>\n<meta name=\"author\" content=\"Nathalie\" \/>\n<meta name=\"twitter:card\" content=\"summary_large_image\" \/>\n<meta name=\"twitter:label1\" content=\"\u00c9crit par\" \/>\n\t<meta name=\"twitter:data1\" content=\" Nathalie\" \/>\n\t<meta name=\"twitter:label2\" content=\"Dur\u00e9e de lecture estim\u00e9e\" \/>\n\t<meta name=\"twitter:data2\" content=\"1 minute\" \/>\n<script type=\"application\/ld+json\" class=\"yoast-schema-graph\">{\"@context\":\"https:\\\/\\\/schema.org\",\"@graph\":[{\"@type\":\"Article\",\"@id\":\"https:\\\/\\\/www.mines-stetienne.fr\\\/panoramines\\\/2018\\\/10\\\/12\\\/mines-saint-etienne-sassocie-a-loperation-erasmus-days-2018\\\/#article\",\"isPartOf\":{\"@id\":\"https:\\\/\\\/www.mines-stetienne.fr\\\/panoramines\\\/2018\\\/10\\\/12\\\/mines-saint-etienne-sassocie-a-loperation-erasmus-days-2018\\\/\"},\"author\":{\"name\":\"Nathalie\",\"@id\":\"https:\\\/\\\/www.mines-stetienne.fr\\\/panoramines\\\/#\\\/schema\\\/person\\\/95e752e6dedac604ce4535123e0f8df7\"},\"headline\":\"Mines Saint-\u00c9tienne s&rsquo;associe \u00e0 l&rsquo;op\u00e9ration Erasmus Days 2018 !\",\"datePublished\":\"2018-10-12T06:31:09+00:00\",\"dateModified\":\"2024-03-07T16:01:16+00:00\",\"mainEntityOfPage\":{\"@id\":\"https:\\\/\\\/www.mines-stetienne.fr\\\/panoramines\\\/2018\\\/10\\\/12\\\/mines-saint-etienne-sassocie-a-loperation-erasmus-days-2018\\\/\"},\"wordCount\":239,\"image\":{\"@id\":\"https:\\\/\\\/www.mines-stetienne.fr\\\/panoramines\\\/2018\\\/10\\\/12\\\/mines-saint-etienne-sassocie-a-loperation-erasmus-days-2018\\\/#primaryimage\"},\"thumbnailUrl\":\"https:\\\/\\\/www.mines-stetienne.fr\\\/panoramines\\\/wp-content\\\/uploads\\\/sites\\\/3\\\/2018\\\/10\\\/UneErasmus.jpg\",\"keywords\":[\"Erasmus+\",\"\u00c9tudiants internationaux\",\"Europe\",\"ICM\",\"ISMIN\"],\"articleSection\":[\"International\"],\"inLanguage\":\"fr-FR\"},{\"@type\":\"WebPage\",\"@id\":\"https:\\\/\\\/www.mines-stetienne.fr\\\/panoramines\\\/2018\\\/10\\\/12\\\/mines-saint-etienne-sassocie-a-loperation-erasmus-days-2018\\\/\",\"url\":\"https:\\\/\\\/www.mines-stetienne.fr\\\/panoramines\\\/2018\\\/10\\\/12\\\/mines-saint-etienne-sassocie-a-loperation-erasmus-days-2018\\\/\",\"name\":\"Mines Saint-\u00c9tienne s'associe \u00e0 l'op\u00e9ration Erasmus Days 2018 ! - Panoramines\",\"isPartOf\":{\"@id\":\"https:\\\/\\\/www.mines-stetienne.fr\\\/panoramines\\\/#website\"},\"primaryImageOfPage\":{\"@id\":\"https:\\\/\\\/www.mines-stetienne.fr\\\/panoramines\\\/2018\\\/10\\\/12\\\/mines-saint-etienne-sassocie-a-loperation-erasmus-days-2018\\\/#primaryimage\"},\"image\":{\"@id\":\"https:\\\/\\\/www.mines-stetienne.fr\\\/panoramines\\\/2018\\\/10\\\/12\\\/mines-saint-etienne-sassocie-a-loperation-erasmus-days-2018\\\/#primaryimage\"},\"thumbnailUrl\":\"https:\\\/\\\/www.mines-stetienne.fr\\\/panoramines\\\/wp-content\\\/uploads\\\/sites\\\/3\\\/2018\\\/10\\\/UneErasmus.jpg\",\"datePublished\":\"2018-10-12T06:31:09+00:00\",\"dateModified\":\"2024-03-07T16:01:16+00:00\",\"author\":{\"@id\":\"https:\\\/\\\/www.mines-stetienne.fr\\\/panoramines\\\/#\\\/schema\\\/person\\\/95e752e6dedac604ce4535123e0f8df7\"},\"breadcrumb\":{\"@id\":\"https:\\\/\\\/www.mines-stetienne.fr\\\/panoramines\\\/2018\\\/10\\\/12\\\/mines-saint-etienne-sassocie-a-loperation-erasmus-days-2018\\\/#breadcrumb\"},\"inLanguage\":\"fr-FR\",\"potentialAction\":[{\"@type\":\"ReadAction\",\"target\":[\"https:\\\/\\\/www.mines-stetienne.fr\\\/panoramines\\\/2018\\\/10\\\/12\\\/mines-saint-etienne-sassocie-a-loperation-erasmus-days-2018\\\/\"]}]},{\"@type\":\"ImageObject\",\"inLanguage\":\"fr-FR\",\"@id\":\"https:\\\/\\\/www.mines-stetienne.fr\\\/panoramines\\\/2018\\\/10\\\/12\\\/mines-saint-etienne-sassocie-a-loperation-erasmus-days-2018\\\/#primaryimage\",\"url\":\"https:\\\/\\\/www.mines-stetienne.fr\\\/panoramines\\\/wp-content\\\/uploads\\\/sites\\\/3\\\/2018\\\/10\\\/UneErasmus.jpg\",\"contentUrl\":\"https:\\\/\\\/www.mines-stetienne.fr\\\/panoramines\\\/wp-content\\\/uploads\\\/sites\\\/3\\\/2018\\\/10\\\/UneErasmus.jpg\",\"width\":640,\"height\":234},{\"@type\":\"BreadcrumbList\",\"@id\":\"https:\\\/\\\/www.mines-stetienne.fr\\\/panoramines\\\/2018\\\/10\\\/12\\\/mines-saint-etienne-sassocie-a-loperation-erasmus-days-2018\\\/#breadcrumb\",\"itemListElement\":[{\"@type\":\"ListItem\",\"position\":1,\"name\":\"Accueil\",\"item\":\"https:\\\/\\\/www.mines-stetienne.fr\\\/panoramines\\\/\"},{\"@type\":\"ListItem\",\"position\":2,\"name\":\"Mines Saint-\u00c9tienne s&rsquo;associe \u00e0 l&rsquo;op\u00e9ration Erasmus Days 2018 !\"}]},{\"@type\":\"WebSite\",\"@id\":\"https:\\\/\\\/www.mines-stetienne.fr\\\/panoramines\\\/#website\",\"url\":\"https:\\\/\\\/www.mines-stetienne.fr\\\/panoramines\\\/\",\"name\":\"Panoramines\",\"description\":\"Panoramines, l\u2019actualit\u00e9 de MINES Saint-\u00c9tienne\",\"potentialAction\":[{\"@type\":\"SearchAction\",\"target\":{\"@type\":\"EntryPoint\",\"urlTemplate\":\"https:\\\/\\\/www.mines-stetienne.fr\\\/panoramines\\\/?s={search_term_string}\"},\"query-input\":{\"@type\":\"PropertyValueSpecification\",\"valueRequired\":true,\"valueName\":\"search_term_string\"}}],\"inLanguage\":\"fr-FR\"},{\"@type\":\"Person\",\"@id\":\"https:\\\/\\\/www.mines-stetienne.fr\\\/panoramines\\\/#\\\/schema\\\/person\\\/95e752e6dedac604ce4535123e0f8df7\",\"name\":\"Nathalie\",\"image\":{\"@type\":\"ImageObject\",\"inLanguage\":\"fr-FR\",\"@id\":\"https:\\\/\\\/www.mines-stetienne.fr\\\/panoramines\\\/wp-content\\\/uploads\\\/sites\\\/3\\\/2021\\\/07\\\/logo-75x75-1.png\",\"url\":\"https:\\\/\\\/www.mines-stetienne.fr\\\/panoramines\\\/wp-content\\\/uploads\\\/sites\\\/3\\\/2021\\\/07\\\/logo-75x75-1.png\",\"contentUrl\":\"https:\\\/\\\/www.mines-stetienne.fr\\\/panoramines\\\/wp-content\\\/uploads\\\/sites\\\/3\\\/2021\\\/07\\\/logo-75x75-1.png\",\"caption\":\"Nathalie\"},\"url\":\"https:\\\/\\\/www.mines-stetienne.fr\\\/panoramines\\\/author\\\/nathalie\\\/\"}]}<\/script>\n<!-- \/ Yoast SEO plugin. -->","yoast_head_json":{"title":"Mines Saint-\u00c9tienne s'associe \u00e0 l'op\u00e9ration Erasmus Days 2018 ! - Panoramines","robots":{"index":"index","follow":"follow","max-snippet":"max-snippet:-1","max-image-preview":"max-image-preview:large","max-video-preview":"max-video-preview:-1"},"canonical":"https:\/\/www.mines-stetienne.fr\/panoramines\/2018\/10\/12\/mines-saint-etienne-sassocie-a-loperation-erasmus-days-2018\/","og_locale":"fr_FR","og_type":"article","og_title":"Mines Saint-\u00c9tienne s'associe \u00e0 l'op\u00e9ration Erasmus Days 2018 ! - Panoramines","og_description":"Pr\u00e8s de 80 \u00e9l\u00e8ves ing\u00e9nieurs des cursus ICM et ISMIN sont actuellement en \u00e9change ERASMUS en mobilit\u00e9 entrantes et sortantes, en 2e ou 3e ann\u00e9e au sein d&rsquo;une universit\u00e9 partenaire europ\u00e9enne ou \u00e0 Mines Saint-\u00c9tienne, nos internationaux partagent leur exp\u00e9rience &hellip;","og_url":"https:\/\/www.mines-stetienne.fr\/panoramines\/2018\/10\/12\/mines-saint-etienne-sassocie-a-loperation-erasmus-days-2018\/","og_site_name":"Panoramines","article_published_time":"2018-10-12T06:31:09+00:00","article_modified_time":"2024-03-07T16:01:16+00:00","og_image":[{"width":640,"height":234,"url":"https:\/\/www.mines-stetienne.fr\/panoramines\/wp-content\/uploads\/sites\/3\/2018\/10\/UneErasmus.jpg","type":"image\/jpeg"}],"author":"Nathalie","twitter_card":"summary_large_image","twitter_misc":{"\u00c9crit par":" Nathalie","Dur\u00e9e de lecture estim\u00e9e":"1 minute"},"schema":{"@context":"https:\/\/schema.org","@graph":[{"@type":"Article","@id":"https:\/\/www.mines-stetienne.fr\/panoramines\/2018\/10\/12\/mines-saint-etienne-sassocie-a-loperation-erasmus-days-2018\/#article","isPartOf":{"@id":"https:\/\/www.mines-stetienne.fr\/panoramines\/2018\/10\/12\/mines-saint-etienne-sassocie-a-loperation-erasmus-days-2018\/"},"author":{"name":"Nathalie","@id":"https:\/\/www.mines-stetienne.fr\/panoramines\/#\/schema\/person\/95e752e6dedac604ce4535123e0f8df7"},"headline":"Mines Saint-\u00c9tienne s&rsquo;associe \u00e0 l&rsquo;op\u00e9ration Erasmus Days 2018 !","datePublished":"2018-10-12T06:31:09+00:00","dateModified":"2024-03-07T16:01:16+00:00","mainEntityOfPage":{"@id":"https:\/\/www.mines-stetienne.fr\/panoramines\/2018\/10\/12\/mines-saint-etienne-sassocie-a-loperation-erasmus-days-2018\/"},"wordCount":239,"image":{"@id":"https:\/\/www.mines-stetienne.fr\/panoramines\/2018\/10\/12\/mines-saint-etienne-sassocie-a-loperation-erasmus-days-2018\/#primaryimage"},"thumbnailUrl":"https:\/\/www.mines-stetienne.fr\/panoramines\/wp-content\/uploads\/sites\/3\/2018\/10\/UneErasmus.jpg","keywords":["Erasmus+","\u00c9tudiants internationaux","Europe","ICM","ISMIN"],"articleSection":["International"],"inLanguage":"fr-FR"},{"@type":"WebPage","@id":"https:\/\/www.mines-stetienne.fr\/panoramines\/2018\/10\/12\/mines-saint-etienne-sassocie-a-loperation-erasmus-days-2018\/","url":"https:\/\/www.mines-stetienne.fr\/panoramines\/2018\/10\/12\/mines-saint-etienne-sassocie-a-loperation-erasmus-days-2018\/","name":"Mines Saint-\u00c9tienne s'associe \u00e0 l'op\u00e9ration Erasmus Days 2018 ! - Panoramines","isPartOf":{"@id":"https:\/\/www.mines-stetienne.fr\/panoramines\/#website"},"primaryImageOfPage":{"@id":"https:\/\/www.mines-stetienne.fr\/panoramines\/2018\/10\/12\/mines-saint-etienne-sassocie-a-loperation-erasmus-days-2018\/#primaryimage"},"image":{"@id":"https:\/\/www.mines-stetienne.fr\/panoramines\/2018\/10\/12\/mines-saint-etienne-sassocie-a-loperation-erasmus-days-2018\/#primaryimage"},"thumbnailUrl":"https:\/\/www.mines-stetienne.fr\/panoramines\/wp-content\/uploads\/sites\/3\/2018\/10\/UneErasmus.jpg","datePublished":"2018-10-12T06:31:09+00:00","dateModified":"2024-03-07T16:01:16+00:00","author":{"@id":"https:\/\/www.mines-stetienne.fr\/panoramines\/#\/schema\/person\/95e752e6dedac604ce4535123e0f8df7"},"breadcrumb":{"@id":"https:\/\/www.mines-stetienne.fr\/panoramines\/2018\/10\/12\/mines-saint-etienne-sassocie-a-loperation-erasmus-days-2018\/#breadcrumb"},"inLanguage":"fr-FR","potentialAction":[{"@type":"ReadAction","target":["https:\/\/www.mines-stetienne.fr\/panoramines\/2018\/10\/12\/mines-saint-etienne-sassocie-a-loperation-erasmus-days-2018\/"]}]},{"@type":"ImageObject","inLanguage":"fr-FR","@id":"https:\/\/www.mines-stetienne.fr\/panoramines\/2018\/10\/12\/mines-saint-etienne-sassocie-a-loperation-erasmus-days-2018\/#primaryimage","url":"https:\/\/www.mines-stetienne.fr\/panoramines\/wp-content\/uploads\/sites\/3\/2018\/10\/UneErasmus.jpg","contentUrl":"https:\/\/www.mines-stetienne.fr\/panoramines\/wp-content\/uploads\/sites\/3\/2018\/10\/UneErasmus.jpg","width":640,"height":234},{"@type":"BreadcrumbList","@id":"https:\/\/www.mines-stetienne.fr\/panoramines\/2018\/10\/12\/mines-saint-etienne-sassocie-a-loperation-erasmus-days-2018\/#breadcrumb","itemListElement":[{"@type":"ListItem","position":1,"name":"Accueil","item":"https:\/\/www.mines-stetienne.fr\/panoramines\/"},{"@type":"ListItem","position":2,"name":"Mines Saint-\u00c9tienne s&rsquo;associe \u00e0 l&rsquo;op\u00e9ration Erasmus Days 2018 !"}]},{"@type":"WebSite","@id":"https:\/\/www.mines-stetienne.fr\/panoramines\/#website","url":"https:\/\/www.mines-stetienne.fr\/panoramines\/","name":"Panoramines","description":"Panoramines, l\u2019actualit\u00e9 de MINES Saint-\u00c9tienne","potentialAction":[{"@type":"SearchAction","target":{"@type":"EntryPoint","urlTemplate":"https:\/\/www.mines-stetienne.fr\/panoramines\/?s={search_term_string}"},"query-input":{"@type":"PropertyValueSpecification","valueRequired":true,"valueName":"search_term_string"}}],"inLanguage":"fr-FR"},{"@type":"Person","@id":"https:\/\/www.mines-stetienne.fr\/panoramines\/#\/schema\/person\/95e752e6dedac604ce4535123e0f8df7","name":"Nathalie","image":{"@type":"ImageObject","inLanguage":"fr-FR","@id":"https:\/\/www.mines-stetienne.fr\/panoramines\/wp-content\/uploads\/sites\/3\/2021\/07\/logo-75x75-1.png","url":"https:\/\/www.mines-stetienne.fr\/panoramines\/wp-content\/uploads\/sites\/3\/2021\/07\/logo-75x75-1.png","contentUrl":"https:\/\/www.mines-stetienne.fr\/panoramines\/wp-content\/uploads\/sites\/3\/2021\/07\/logo-75x75-1.png","caption":"Nathalie"},"url":"https:\/\/www.mines-stetienne.fr\/panoramines\/author\/nathalie\/"}]}},"_links":{"self":[{"href":"https:\/\/www.mines-stetienne.fr\/panoramines\/wp-json\/wp\/v2\/posts\/14491","targetHints":{"allow":["GET"]}}],"collection":[{"href":"https:\/\/www.mines-stetienne.fr\/panoramines\/wp-json\/wp\/v2\/posts"}],"about":[{"href":"https:\/\/www.mines-stetienne.fr\/panoramines\/wp-json\/wp\/v2\/types\/post"}],"author":[{"embeddable":true,"href":"https:\/\/www.mines-stetienne.fr\/panoramines\/wp-json\/wp\/v2\/users\/3"}],"replies":[{"embeddable":true,"href":"https:\/\/www.mines-stetienne.fr\/panoramines\/wp-json\/wp\/v2\/comments?post=14491"}],"version-history":[{"count":12,"href":"https:\/\/www.mines-stetienne.fr\/panoramines\/wp-json\/wp\/v2\/posts\/14491\/revisions"}],"predecessor-version":[{"id":14516,"href":"https:\/\/www.mines-stetienne.fr\/panoramines\/wp-json\/wp\/v2\/posts\/14491\/revisions\/14516"}],"wp:featuredmedia":[{"embeddable":true,"href":"https:\/\/www.mines-stetienne.fr\/panoramines\/wp-json\/wp\/v2\/media\/14512"}],"wp:attachment":[{"href":"https:\/\/www.mines-stetienne.fr\/panoramines\/wp-json\/wp\/v2\/media?parent=14491"}],"wp:term":[{"taxonomy":"category","embeddable":true,"href":"https:\/\/www.mines-stetienne.fr\/panoramines\/wp-json\/wp\/v2\/categories?post=14491"},{"taxonomy":"post_tag","embeddable":true,"href":"https:\/\/www.mines-stetienne.fr\/panoramines\/wp-json\/wp\/v2\/tags?post=14491"}],"curies":[{"name":"wp","href":"https:\/\/api.w.org\/{rel}","templated":true}]}}