{"id":14333,"date":"2018-11-07T16:54:40","date_gmt":"2018-11-07T15:54:40","guid":{"rendered":"https:\/\/www.mines-stetienne.fr\/panoramines\/?p=14333"},"modified":"2018-11-14T16:25:45","modified_gmt":"2018-11-14T15:25:45","slug":"success-story-swap-rejoint-station-f","status":"publish","type":"post","link":"https:\/\/www.mines-stetienne.fr\/panoramines\/2018\/11\/07\/success-story-swap-rejoint-station-f\/","title":{"rendered":"Success Story ! SWAP rejoint Station F"},"content":{"rendered":"<h5>La start-up SWAP a d\u00e9velopp\u00e9 le boitier connect\u00e9 \u00ab\u00a0Swap M\u00e9dical\u00a0\u00bb, une solution innovante con\u00e7ue avec le Professeur Philippe Robert de l\u2019Institut Claude Pompidou en collaboration avec des experts du Centre Micro\u00e9lectronique du campus G. Charpak Provence. Son fondateur, Guillaume Eberwein, ing\u00e9nieur ISMIN, accompagn\u00e9 par Team@Mines Saint-\u00c9tienne, vient d&rsquo;int\u00e9grer le plus grand incubateur de startups au monde : Station F cr\u00e9\u00e9 par Xavier Niel.<\/h5>\n<p>Le Swap M\u00e9dical (<a href=\"http:\/\/www.swap-assistance.fr\/\">www.swap-assistance.fr<\/a>) est commercialis\u00e9 depuis cette ann\u00e9e aupr\u00e8s du grand public et des professionnels de sant\u00e9 (maisons de retraites, EHPAD, maisons m\u00e9dicalis\u00e9es, cliniques, r\u00e9sidences services). <strong>Il permet une g\u00e9olocalisation \u00e0 l\u2019ext\u00e9rieur et \u00e0 l\u2019int\u00e9rieur d\u2019un b\u00e2timent<\/strong> pour retrouver les malades d\u2019Alzheimer qui se perdent.<br \/>\nIl s\u2019adapte sous la forme d\u2019un porte-cl\u00e9 en d\u00e9but de maladie puis ensuite en clips \u00e0 la ceinture et enfin en bracelet de montre via un syst\u00e8me d\u2019attache int\u00e9gr\u00e9e.<\/p>\n<h5><span style=\"color: #800080\">Prim\u00e9 \u00e0 22 reprises<\/span><\/h5>\n<p><a href=\"http:\/\/www.swap-assistance.fr\" target=\"_blank\" rel=\"noopener\">Swap<\/a> est accompagn\u00e9e depuis sa cr\u00e9ation en 2015 par le <a href=\"https:\/\/www.mines-stetienne.fr\/entreprise\/entrepreneuriat\/\">dispositif de maturation TEAM@Mines Saint-\u00c9tienne<\/a> sur le Campus Georges Charpak Provence, en lien avec les comp\u00e9tences du <a href=\"https:\/\/www.mines-stetienne.fr\/recherche\/5-centres-de-formation-et-de-recherche\/centre-microelectronique-de-provence\/\">Centre Micro\u00e9lectronique de Provence<\/a> pour le d\u00e9veloppement R&amp;D.<br \/>\nLa start-up a re\u00e7u de <strong>nombreuses distinctions<\/strong> r\u00e9gionales et nationales depuis trois ans et b\u00e9n\u00e9ficie d\u00e9sormais d&rsquo;une visibilit\u00e9 accrue en particulier depuis <a href=\"https:\/\/www.mines-stetienne.fr\/panoramines\/2018\/01\/25\/swap-assist-a-lhonneur\/\">sa participation au CES de Las Vegas.<\/a><br \/>\n<strong>\u00a0\u00ab\u00a0<em>Deux ann\u00e9e de R&amp;D ont \u00e9t\u00e9 n\u00e9cessaires pour mettre au point des innovations de rupture pour la mise en place d\u2019une solution r\u00e9volutionnaire nomm\u00e9e Swap M\u00e9dical\u00a0\u00bb.<\/em><\/strong><br \/>\nIl s\u2019agit d\u2019un dispositif brevet\u00e9, enti\u00e8rement con\u00e7u et fabriqu\u00e9 en France, qui a \u00e9t\u00e9 r\u00e9compens\u00e9 par une vingtaine de concours \u00e0 travers le monde.<br \/>\nVia l\u2019application gratuite Mon Swap, les aidants suivent en permanence leurs proches et seront imm\u00e9diatement pr\u00e9venus en cas de d\u00e9passement d\u2019une zone d\u00e9finie.<\/p>\n<h5><span style=\"color: #800080\">\u00ab\u00a0Partager mon exp\u00e9rience de start-uper\u00a0\u00bb<\/span><\/h5>\n<div dir=\"ltr\">\n<div class=\"moz-forward-container\">\n<div id=\"divtagdefaultwrapper\" dir=\"ltr\">\n<div>\n<div>\n<div id=\"divtagdefaultwrapper\" dir=\"ltr\">\n<p><strong>Guillaume Eberwein<\/strong>,\u00a0ing\u00e9nieur ISMIN dipl\u00f4m\u00e9 de Mines Saint-\u00c9tienne, re\u00e7oit de plus en plus de demandes d&rsquo;\u00e9tudiants sur le sujet de l&rsquo;entrepreneuriat.<br \/>\nIl a soutenu fin 2017 un groupe d&rsquo;\u00e9l\u00e8ves-ing\u00e9nieurs du <a href=\"https:\/\/www.mines-stetienne.fr\/formation\/ismin\/\">cursus ISMIN<\/a> participant au <strong>hackathon ON[e]Life<\/strong> : <a href=\"https:\/\/www.mines-stetienne.fr\/panoramines\/2017\/11\/07\/quatre-eleves-ismin-terminent-2e-hackathon-onelife\/\" target=\"_blank\" rel=\"noopener\">ils se sont class\u00e9s \u00e0 la 2e place<\/a>.<br \/>\nIl a \u00e9galement coach\u00e9 en septembre dernier 4 \u00e9l\u00e8ves-ing\u00e9nieurs en f<a href=\"https:\/\/www.mines-stetienne.fr\/formation\/ingenieur-systemes-electroniques-embarques\/\">ormation de sp\u00e9cialit\u00e9 Syst\u00e8mes \u00e9lectroniques embarqu\u00e9s<\/a> pour la finale du <strong><a href=\"http:\/\/avenir-ingenierie.fr\/2018\/04\/11\/prix-inge-candidats\/\" target=\"_blank\" rel=\"noopener\">Prix de l&rsquo;Ing\u00e9nierie du Futur<\/a> 2018<\/strong> : <strong>Antal Bike<\/strong>, leur projet de v\u00e9lo intelligent, vient de <a href=\"https:\/\/www.facebook.com\/ISTPOfficiel\/posts\/2017860238276183\" target=\"_blank\" rel=\"noopener\">remporter le \u00ab\u00a0Prix Espoirs\u00a0\u00bb du concours !<\/a><\/p>\n<\/div>\n<\/div>\n<\/div>\n<\/div>\n<\/div>\n<\/div>\n<h5><span style=\"color: #800080\">Un parcours entrepreneurial salu\u00e9 par la presse<\/span><\/h5>\n<p>La r\u00e9ussite et la croissance de la jeune entreprise ont fait l&rsquo;objet de plusieurs articles r\u00e9gionaux et nationaux, en particulier <strong>Le Monde Campus<\/strong> le 3 novembre : <a href=\"https:\/\/www.lemonde.fr\/concours\/article\/2018\/11\/03\/ingenieur-manageur-une-double-casquette-pour-booster-sa-carriere_5378362_4617932.html?fbclid=IwAR3U1Ve_aJ_yapiDJKWwrX2X6R22C8t-ozs_DqVUPLXeLcDwwVutTfv2pTE\" target=\"_blank\" rel=\"noopener\"><em>\u00ab\u00a0Ing\u00e9nieur-manageur, une double casquette pour booster sa carri\u00e8re\u00a0\u00bb<\/em><\/a> .<br \/>\nLe double dipl\u00f4me ing\u00e9nieur-manageur de Mines Saint-\u00c9tienne et le brillant parcours entrepreneurial de <strong>Guillaume Eberwein<\/strong> sont cit\u00e9s en exemple.<\/p>\n<p><strong>Swap devrait prochainement op\u00e9rer une lev\u00e9e de fonds<\/strong> pour poursuivre son d\u00e9veloppement. Tous nos v\u0153ux de r\u00e9ussite l&rsquo;accompagnent !<\/p>\n<blockquote><p>En savoir +\u00a0 <a href=\"http:\/\/www.swap-assistance.fr\/\">www.swap-assistance.fr<\/a><br \/>\n<a href=\"&#x6d;&#97;i&#x6c;&#116;o&#x3a;&#99;o&#x6e;&#116;a&#x63;&#116;&#64;&#x73;&#x77;a&#x70;&#x2d;&#97;&#x73;&#x73;&#105;&#x73;&#x74;&#46;f&#x72;\">Contact<\/a><\/p><\/blockquote>\n<p><em>\u00c0 lire aussi<\/em>\u00a0 <a href=\"https:\/\/www.mines-stetienne.fr\/panoramines\/2018\/01\/25\/swap-assist-a-lhonneur\/\">\u00ab\u00a0L&rsquo;ann\u00e9e 2018 a plut\u00f4t bien commenc\u00e9 bien pour Guillaume Eberwein et son<\/a><br \/>\n<a href=\"https:\/\/www.mines-stetienne.fr\/panoramines\/2018\/01\/25\/swap-assist-a-lhonneur\/\">bo\u00eetier anti-chute connect\u00e9\u00a0\u00bb<\/a><\/p>\n<hr \/>\n<p>&nbsp;<\/p>\n","protected":false},"excerpt":{"rendered":"<p>La start-up SWAP a d\u00e9velopp\u00e9 le boitier connect\u00e9 \u00ab\u00a0Swap M\u00e9dical\u00a0\u00bb, une solution innovante con\u00e7ue avec le Professeur Philippe Robert de l\u2019Institut Claude Pompidou en collaboration avec des experts du Centre Micro\u00e9lectronique du campus G. Charpak Provence. Son fondateur, Guillaume Eberwein, &hellip;<\/p>\n","protected":false},"author":3,"featured_media":14846,"comment_status":"closed","ping_status":"open","sticky":false,"template":"","format":"standard","meta":{"_relevanssi_hide_post":"","_relevanssi_hide_content":"","_relevanssi_pin_for_all":"","_relevanssi_pin_keywords":"","_relevanssi_unpin_keywords":"","_relevanssi_related_keywords":"","_relevanssi_related_include_ids":"","_relevanssi_related_exclude_ids":"","_relevanssi_related_no_append":"","_relevanssi_related_not_related":"","_relevanssi_related_posts":"","_relevanssi_noindex_reason":"","footnotes":""},"categories":[19],"tags":[370,167,42,411,456,140],"class_list":["post-14333","post","type-post","status-publish","format-standard","has-post-thumbnail","hentry","category-entreprise","tag-campus-gc-provence","tag-cmp","tag-ismin","tag-region-sud-paca","tag-swap","tag-team"],"pp_statuses_selecting_workflow":false,"pp_workflow_action":"current","pp_status_selection":"publish","pp_force_visibility":null,"pp_subpost_visibility":null,"pp_inherited_force_visibility":null,"pp_inherited_subpost_visibility":null,"yoast_head":"<!-- This site is optimized with the Yoast SEO plugin v27.5 - https:\/\/yoast.com\/product\/yoast-seo-wordpress\/ -->\n<title>Success Story ! SWAP rejoint Station F - Panoramines<\/title>\n<meta name=\"robots\" content=\"index, follow, max-snippet:-1, max-image-preview:large, max-video-preview:-1\" \/>\n<link rel=\"canonical\" href=\"https:\/\/www.mines-stetienne.fr\/panoramines\/2018\/11\/07\/success-story-swap-rejoint-station-f\/\" \/>\n<meta property=\"og:locale\" content=\"fr_FR\" \/>\n<meta property=\"og:type\" content=\"article\" \/>\n<meta property=\"og:title\" content=\"Success Story ! SWAP rejoint Station F - Panoramines\" \/>\n<meta property=\"og:description\" content=\"La start-up SWAP a d\u00e9velopp\u00e9 le boitier connect\u00e9 \u00ab\u00a0Swap M\u00e9dical\u00a0\u00bb, une solution innovante con\u00e7ue avec le Professeur Philippe Robert de l\u2019Institut Claude Pompidou en collaboration avec des experts du Centre Micro\u00e9lectronique du campus G. Charpak Provence. Son fondateur, Guillaume Eberwein, &hellip;\" \/>\n<meta property=\"og:url\" content=\"https:\/\/www.mines-stetienne.fr\/panoramines\/2018\/11\/07\/success-story-swap-rejoint-station-f\/\" \/>\n<meta property=\"og:site_name\" content=\"Panoramines\" \/>\n<meta property=\"article:published_time\" content=\"2018-11-07T15:54:40+00:00\" \/>\n<meta property=\"article:modified_time\" content=\"2018-11-14T15:25:45+00:00\" \/>\n<meta property=\"og:image\" content=\"https:\/\/www.mines-stetienne.fr\/panoramines\/wp-content\/uploads\/sites\/3\/2018\/11\/UneSwap.jpg\" \/>\n\t<meta property=\"og:image:width\" content=\"697\" \/>\n\t<meta property=\"og:image:height\" content=\"360\" \/>\n\t<meta property=\"og:image:type\" content=\"image\/jpeg\" \/>\n<meta name=\"author\" content=\"Nathalie\" \/>\n<meta name=\"twitter:card\" content=\"summary_large_image\" \/>\n<meta name=\"twitter:label1\" content=\"\u00c9crit par\" \/>\n\t<meta name=\"twitter:data1\" content=\" Nathalie\" \/>\n\t<meta name=\"twitter:label2\" content=\"Dur\u00e9e de lecture estim\u00e9e\" \/>\n\t<meta name=\"twitter:data2\" content=\"3 minutes\" \/>\n<script type=\"application\/ld+json\" class=\"yoast-schema-graph\">{\"@context\":\"https:\\\/\\\/schema.org\",\"@graph\":[{\"@type\":\"Article\",\"@id\":\"https:\\\/\\\/www.mines-stetienne.fr\\\/panoramines\\\/2018\\\/11\\\/07\\\/success-story-swap-rejoint-station-f\\\/#article\",\"isPartOf\":{\"@id\":\"https:\\\/\\\/www.mines-stetienne.fr\\\/panoramines\\\/2018\\\/11\\\/07\\\/success-story-swap-rejoint-station-f\\\/\"},\"author\":{\"name\":\"Nathalie\",\"@id\":\"https:\\\/\\\/www.mines-stetienne.fr\\\/panoramines\\\/#\\\/schema\\\/person\\\/95e752e6dedac604ce4535123e0f8df7\"},\"headline\":\"Success Story ! SWAP rejoint Station F\",\"datePublished\":\"2018-11-07T15:54:40+00:00\",\"dateModified\":\"2018-11-14T15:25:45+00:00\",\"mainEntityOfPage\":{\"@id\":\"https:\\\/\\\/www.mines-stetienne.fr\\\/panoramines\\\/2018\\\/11\\\/07\\\/success-story-swap-rejoint-station-f\\\/\"},\"wordCount\":563,\"image\":{\"@id\":\"https:\\\/\\\/www.mines-stetienne.fr\\\/panoramines\\\/2018\\\/11\\\/07\\\/success-story-swap-rejoint-station-f\\\/#primaryimage\"},\"thumbnailUrl\":\"https:\\\/\\\/www.mines-stetienne.fr\\\/panoramines\\\/wp-content\\\/uploads\\\/sites\\\/3\\\/2018\\\/11\\\/UneSwap.jpg\",\"keywords\":[\"Campus GC Provence\",\"CMP\",\"ISMIN\",\"R\u00e9gion Sud-PACA\",\"Swap\",\"TEAM\"],\"articleSection\":[\"Entreprise\"],\"inLanguage\":\"fr-FR\"},{\"@type\":\"WebPage\",\"@id\":\"https:\\\/\\\/www.mines-stetienne.fr\\\/panoramines\\\/2018\\\/11\\\/07\\\/success-story-swap-rejoint-station-f\\\/\",\"url\":\"https:\\\/\\\/www.mines-stetienne.fr\\\/panoramines\\\/2018\\\/11\\\/07\\\/success-story-swap-rejoint-station-f\\\/\",\"name\":\"Success Story ! SWAP rejoint Station F - Panoramines\",\"isPartOf\":{\"@id\":\"https:\\\/\\\/www.mines-stetienne.fr\\\/panoramines\\\/#website\"},\"primaryImageOfPage\":{\"@id\":\"https:\\\/\\\/www.mines-stetienne.fr\\\/panoramines\\\/2018\\\/11\\\/07\\\/success-story-swap-rejoint-station-f\\\/#primaryimage\"},\"image\":{\"@id\":\"https:\\\/\\\/www.mines-stetienne.fr\\\/panoramines\\\/2018\\\/11\\\/07\\\/success-story-swap-rejoint-station-f\\\/#primaryimage\"},\"thumbnailUrl\":\"https:\\\/\\\/www.mines-stetienne.fr\\\/panoramines\\\/wp-content\\\/uploads\\\/sites\\\/3\\\/2018\\\/11\\\/UneSwap.jpg\",\"datePublished\":\"2018-11-07T15:54:40+00:00\",\"dateModified\":\"2018-11-14T15:25:45+00:00\",\"author\":{\"@id\":\"https:\\\/\\\/www.mines-stetienne.fr\\\/panoramines\\\/#\\\/schema\\\/person\\\/95e752e6dedac604ce4535123e0f8df7\"},\"breadcrumb\":{\"@id\":\"https:\\\/\\\/www.mines-stetienne.fr\\\/panoramines\\\/2018\\\/11\\\/07\\\/success-story-swap-rejoint-station-f\\\/#breadcrumb\"},\"inLanguage\":\"fr-FR\",\"potentialAction\":[{\"@type\":\"ReadAction\",\"target\":[\"https:\\\/\\\/www.mines-stetienne.fr\\\/panoramines\\\/2018\\\/11\\\/07\\\/success-story-swap-rejoint-station-f\\\/\"]}]},{\"@type\":\"ImageObject\",\"inLanguage\":\"fr-FR\",\"@id\":\"https:\\\/\\\/www.mines-stetienne.fr\\\/panoramines\\\/2018\\\/11\\\/07\\\/success-story-swap-rejoint-station-f\\\/#primaryimage\",\"url\":\"https:\\\/\\\/www.mines-stetienne.fr\\\/panoramines\\\/wp-content\\\/uploads\\\/sites\\\/3\\\/2018\\\/11\\\/UneSwap.jpg\",\"contentUrl\":\"https:\\\/\\\/www.mines-stetienne.fr\\\/panoramines\\\/wp-content\\\/uploads\\\/sites\\\/3\\\/2018\\\/11\\\/UneSwap.jpg\",\"width\":697,\"height\":360},{\"@type\":\"BreadcrumbList\",\"@id\":\"https:\\\/\\\/www.mines-stetienne.fr\\\/panoramines\\\/2018\\\/11\\\/07\\\/success-story-swap-rejoint-station-f\\\/#breadcrumb\",\"itemListElement\":[{\"@type\":\"ListItem\",\"position\":1,\"name\":\"Accueil\",\"item\":\"https:\\\/\\\/www.mines-stetienne.fr\\\/panoramines\\\/\"},{\"@type\":\"ListItem\",\"position\":2,\"name\":\"Success Story ! SWAP rejoint Station F\"}]},{\"@type\":\"WebSite\",\"@id\":\"https:\\\/\\\/www.mines-stetienne.fr\\\/panoramines\\\/#website\",\"url\":\"https:\\\/\\\/www.mines-stetienne.fr\\\/panoramines\\\/\",\"name\":\"Panoramines\",\"description\":\"Panoramines, l\u2019actualit\u00e9 de MINES Saint-\u00c9tienne\",\"potentialAction\":[{\"@type\":\"SearchAction\",\"target\":{\"@type\":\"EntryPoint\",\"urlTemplate\":\"https:\\\/\\\/www.mines-stetienne.fr\\\/panoramines\\\/?s={search_term_string}\"},\"query-input\":{\"@type\":\"PropertyValueSpecification\",\"valueRequired\":true,\"valueName\":\"search_term_string\"}}],\"inLanguage\":\"fr-FR\"},{\"@type\":\"Person\",\"@id\":\"https:\\\/\\\/www.mines-stetienne.fr\\\/panoramines\\\/#\\\/schema\\\/person\\\/95e752e6dedac604ce4535123e0f8df7\",\"name\":\"Nathalie\",\"image\":{\"@type\":\"ImageObject\",\"inLanguage\":\"fr-FR\",\"@id\":\"https:\\\/\\\/www.mines-stetienne.fr\\\/panoramines\\\/wp-content\\\/uploads\\\/sites\\\/3\\\/2021\\\/07\\\/logo-75x75-1.png\",\"url\":\"https:\\\/\\\/www.mines-stetienne.fr\\\/panoramines\\\/wp-content\\\/uploads\\\/sites\\\/3\\\/2021\\\/07\\\/logo-75x75-1.png\",\"contentUrl\":\"https:\\\/\\\/www.mines-stetienne.fr\\\/panoramines\\\/wp-content\\\/uploads\\\/sites\\\/3\\\/2021\\\/07\\\/logo-75x75-1.png\",\"caption\":\"Nathalie\"},\"url\":\"https:\\\/\\\/www.mines-stetienne.fr\\\/panoramines\\\/author\\\/nathalie\\\/\"}]}<\/script>\n<!-- \/ Yoast SEO plugin. -->","yoast_head_json":{"title":"Success Story ! SWAP rejoint Station F - Panoramines","robots":{"index":"index","follow":"follow","max-snippet":"max-snippet:-1","max-image-preview":"max-image-preview:large","max-video-preview":"max-video-preview:-1"},"canonical":"https:\/\/www.mines-stetienne.fr\/panoramines\/2018\/11\/07\/success-story-swap-rejoint-station-f\/","og_locale":"fr_FR","og_type":"article","og_title":"Success Story ! SWAP rejoint Station F - Panoramines","og_description":"La start-up SWAP a d\u00e9velopp\u00e9 le boitier connect\u00e9 \u00ab\u00a0Swap M\u00e9dical\u00a0\u00bb, une solution innovante con\u00e7ue avec le Professeur Philippe Robert de l\u2019Institut Claude Pompidou en collaboration avec des experts du Centre Micro\u00e9lectronique du campus G. Charpak Provence. Son fondateur, Guillaume Eberwein, &hellip;","og_url":"https:\/\/www.mines-stetienne.fr\/panoramines\/2018\/11\/07\/success-story-swap-rejoint-station-f\/","og_site_name":"Panoramines","article_published_time":"2018-11-07T15:54:40+00:00","article_modified_time":"2018-11-14T15:25:45+00:00","og_image":[{"width":697,"height":360,"url":"https:\/\/www.mines-stetienne.fr\/panoramines\/wp-content\/uploads\/sites\/3\/2018\/11\/UneSwap.jpg","type":"image\/jpeg"}],"author":"Nathalie","twitter_card":"summary_large_image","twitter_misc":{"\u00c9crit par":" Nathalie","Dur\u00e9e de lecture estim\u00e9e":"3 minutes"},"schema":{"@context":"https:\/\/schema.org","@graph":[{"@type":"Article","@id":"https:\/\/www.mines-stetienne.fr\/panoramines\/2018\/11\/07\/success-story-swap-rejoint-station-f\/#article","isPartOf":{"@id":"https:\/\/www.mines-stetienne.fr\/panoramines\/2018\/11\/07\/success-story-swap-rejoint-station-f\/"},"author":{"name":"Nathalie","@id":"https:\/\/www.mines-stetienne.fr\/panoramines\/#\/schema\/person\/95e752e6dedac604ce4535123e0f8df7"},"headline":"Success Story ! SWAP rejoint Station F","datePublished":"2018-11-07T15:54:40+00:00","dateModified":"2018-11-14T15:25:45+00:00","mainEntityOfPage":{"@id":"https:\/\/www.mines-stetienne.fr\/panoramines\/2018\/11\/07\/success-story-swap-rejoint-station-f\/"},"wordCount":563,"image":{"@id":"https:\/\/www.mines-stetienne.fr\/panoramines\/2018\/11\/07\/success-story-swap-rejoint-station-f\/#primaryimage"},"thumbnailUrl":"https:\/\/www.mines-stetienne.fr\/panoramines\/wp-content\/uploads\/sites\/3\/2018\/11\/UneSwap.jpg","keywords":["Campus GC Provence","CMP","ISMIN","R\u00e9gion Sud-PACA","Swap","TEAM"],"articleSection":["Entreprise"],"inLanguage":"fr-FR"},{"@type":"WebPage","@id":"https:\/\/www.mines-stetienne.fr\/panoramines\/2018\/11\/07\/success-story-swap-rejoint-station-f\/","url":"https:\/\/www.mines-stetienne.fr\/panoramines\/2018\/11\/07\/success-story-swap-rejoint-station-f\/","name":"Success Story ! SWAP rejoint Station F - Panoramines","isPartOf":{"@id":"https:\/\/www.mines-stetienne.fr\/panoramines\/#website"},"primaryImageOfPage":{"@id":"https:\/\/www.mines-stetienne.fr\/panoramines\/2018\/11\/07\/success-story-swap-rejoint-station-f\/#primaryimage"},"image":{"@id":"https:\/\/www.mines-stetienne.fr\/panoramines\/2018\/11\/07\/success-story-swap-rejoint-station-f\/#primaryimage"},"thumbnailUrl":"https:\/\/www.mines-stetienne.fr\/panoramines\/wp-content\/uploads\/sites\/3\/2018\/11\/UneSwap.jpg","datePublished":"2018-11-07T15:54:40+00:00","dateModified":"2018-11-14T15:25:45+00:00","author":{"@id":"https:\/\/www.mines-stetienne.fr\/panoramines\/#\/schema\/person\/95e752e6dedac604ce4535123e0f8df7"},"breadcrumb":{"@id":"https:\/\/www.mines-stetienne.fr\/panoramines\/2018\/11\/07\/success-story-swap-rejoint-station-f\/#breadcrumb"},"inLanguage":"fr-FR","potentialAction":[{"@type":"ReadAction","target":["https:\/\/www.mines-stetienne.fr\/panoramines\/2018\/11\/07\/success-story-swap-rejoint-station-f\/"]}]},{"@type":"ImageObject","inLanguage":"fr-FR","@id":"https:\/\/www.mines-stetienne.fr\/panoramines\/2018\/11\/07\/success-story-swap-rejoint-station-f\/#primaryimage","url":"https:\/\/www.mines-stetienne.fr\/panoramines\/wp-content\/uploads\/sites\/3\/2018\/11\/UneSwap.jpg","contentUrl":"https:\/\/www.mines-stetienne.fr\/panoramines\/wp-content\/uploads\/sites\/3\/2018\/11\/UneSwap.jpg","width":697,"height":360},{"@type":"BreadcrumbList","@id":"https:\/\/www.mines-stetienne.fr\/panoramines\/2018\/11\/07\/success-story-swap-rejoint-station-f\/#breadcrumb","itemListElement":[{"@type":"ListItem","position":1,"name":"Accueil","item":"https:\/\/www.mines-stetienne.fr\/panoramines\/"},{"@type":"ListItem","position":2,"name":"Success Story ! SWAP rejoint Station F"}]},{"@type":"WebSite","@id":"https:\/\/www.mines-stetienne.fr\/panoramines\/#website","url":"https:\/\/www.mines-stetienne.fr\/panoramines\/","name":"Panoramines","description":"Panoramines, l\u2019actualit\u00e9 de MINES Saint-\u00c9tienne","potentialAction":[{"@type":"SearchAction","target":{"@type":"EntryPoint","urlTemplate":"https:\/\/www.mines-stetienne.fr\/panoramines\/?s={search_term_string}"},"query-input":{"@type":"PropertyValueSpecification","valueRequired":true,"valueName":"search_term_string"}}],"inLanguage":"fr-FR"},{"@type":"Person","@id":"https:\/\/www.mines-stetienne.fr\/panoramines\/#\/schema\/person\/95e752e6dedac604ce4535123e0f8df7","name":"Nathalie","image":{"@type":"ImageObject","inLanguage":"fr-FR","@id":"https:\/\/www.mines-stetienne.fr\/panoramines\/wp-content\/uploads\/sites\/3\/2021\/07\/logo-75x75-1.png","url":"https:\/\/www.mines-stetienne.fr\/panoramines\/wp-content\/uploads\/sites\/3\/2021\/07\/logo-75x75-1.png","contentUrl":"https:\/\/www.mines-stetienne.fr\/panoramines\/wp-content\/uploads\/sites\/3\/2021\/07\/logo-75x75-1.png","caption":"Nathalie"},"url":"https:\/\/www.mines-stetienne.fr\/panoramines\/author\/nathalie\/"}]}},"_links":{"self":[{"href":"https:\/\/www.mines-stetienne.fr\/panoramines\/wp-json\/wp\/v2\/posts\/14333","targetHints":{"allow":["GET"]}}],"collection":[{"href":"https:\/\/www.mines-stetienne.fr\/panoramines\/wp-json\/wp\/v2\/posts"}],"about":[{"href":"https:\/\/www.mines-stetienne.fr\/panoramines\/wp-json\/wp\/v2\/types\/post"}],"author":[{"embeddable":true,"href":"https:\/\/www.mines-stetienne.fr\/panoramines\/wp-json\/wp\/v2\/users\/3"}],"replies":[{"embeddable":true,"href":"https:\/\/www.mines-stetienne.fr\/panoramines\/wp-json\/wp\/v2\/comments?post=14333"}],"version-history":[{"count":19,"href":"https:\/\/www.mines-stetienne.fr\/panoramines\/wp-json\/wp\/v2\/posts\/14333\/revisions"}],"predecessor-version":[{"id":14972,"href":"https:\/\/www.mines-stetienne.fr\/panoramines\/wp-json\/wp\/v2\/posts\/14333\/revisions\/14972"}],"wp:featuredmedia":[{"embeddable":true,"href":"https:\/\/www.mines-stetienne.fr\/panoramines\/wp-json\/wp\/v2\/media\/14846"}],"wp:attachment":[{"href":"https:\/\/www.mines-stetienne.fr\/panoramines\/wp-json\/wp\/v2\/media?parent=14333"}],"wp:term":[{"taxonomy":"category","embeddable":true,"href":"https:\/\/www.mines-stetienne.fr\/panoramines\/wp-json\/wp\/v2\/categories?post=14333"},{"taxonomy":"post_tag","embeddable":true,"href":"https:\/\/www.mines-stetienne.fr\/panoramines\/wp-json\/wp\/v2\/tags?post=14333"}],"curies":[{"name":"wp","href":"https:\/\/api.w.org\/{rel}","templated":true}]}}