{"id":13847,"date":"2018-08-20T12:48:01","date_gmt":"2018-08-20T10:48:01","guid":{"rendered":"https:\/\/www.mines-stetienne.fr\/panoramines\/?p=13847"},"modified":"2024-03-07T16:40:31","modified_gmt":"2024-03-07T15:40:31","slug":"mines-saint-etienne-rejoint-le-chels","status":"publish","type":"post","link":"https:\/\/www.mines-stetienne.fr\/panoramines\/2018\/08\/20\/mines-saint-etienne-rejoint-le-chels\/","title":{"rendered":"Mines Saint-\u00c9tienne rejoint le CHEL[s]"},"content":{"rendered":"<h5>Pluridisciplinarit\u00e9, ouverture p\u00e9dagogique et g\u00e9ographique, acc\u00e8s privil\u00e9gi\u00e9 \u00e0 des grandes \u00e9coles lyonnaises : les \u00e9l\u00e8ves ICM pourront suivre des cours et modules partag\u00e9s d\u00e8s la rentr\u00e9e 2018 au sein du Coll\u00e8ge des Hautes \u00c9tudes Lyon Science[s].<\/h5>\n<p><strong><a href=\"http:\/\/www.chels.fr\/\" target=\"_blank\" rel=\"noopener\">Le Chel[s] <\/a><\/strong>regroupe depuis sa cr\u00e9ation cinq \u00e9tablissements lyonnais\u00a0 : VetAgro Sup, \u00c9cole Centrale de Lyon, \u00c9cole normale sup\u00e9rieure de Lyon, Sciences Po Lyon, Conservatoire National Sup\u00e9rieur Musique et Danse de Lyon : il permet aux \u00e9tudiants de ces \u00e9coles d\u2019enrichir leurs parcours et leurs exp\u00e9riences sur des champs pluridisciplinaires, en suivant une ou plusieurs \u00ab\u00a0briques\u00a0\u00bb de formation.<\/p>\n<blockquote><p><strong>Modules partag\u00e9s, cours communs, MOOC et labos Junior<\/strong> : l&rsquo;offre sera propos\u00e9e aux \u00e9l\u00e8ves ICM d\u00e8s la rentr\u00e9e de septembre, il s&rsquo;agit d&rsquo;une ouverture in\u00e9dite dans le cursus qui sera accompagn\u00e9e d\u00e8s la 1\u00e8re ann\u00e9e.<\/p><\/blockquote>\n<p><em>\u00ab\u00a0Apr\u00e8s 5 ans d\u2019existence et des r\u00e9sultats tr\u00e8s positifs, le CHEL[s] est heureux d\u2019accueillir en son sein l\u2019\u00c9cole des Mines de Saint-\u00c9tienne. L\u2019int\u00e9gration de cet \u00e9tablissement permet de b\u00e2tir une nouvelle passerelle au sein du Coll\u00e8ge \u00a0\u00bb<br \/>\n<\/em>Les \u00e9quipes du <a href=\"http:\/\/www.chels.fr\/\" target=\"_blank\" rel=\"noopener\">Coll\u00e8ge<\/a> approuve l&rsquo;arriv\u00e9e de ce nouveau partenaire !<\/p>\n<p>La signature officielle aura lieu le 23 novembre.<\/p>\n<p>Contact : <a href=\"&#x6d;&#x61;&#105;&#108;t&#x6f;&#x3a;&#x6f;&#108;&#97;g&#x6e;&#x65;&#x40;&#101;&#109;s&#x65;&#x2e;&#x66;&#114;\">Xavier Olagne<\/a>, directeur des formations Mines Saint-\u00c9tienne<\/p>\n<hr \/>\n<p>&nbsp;<\/p>\n","protected":false},"excerpt":{"rendered":"<p>Pluridisciplinarit\u00e9, ouverture p\u00e9dagogique et g\u00e9ographique, acc\u00e8s privil\u00e9gi\u00e9 \u00e0 des grandes \u00e9coles lyonnaises : les \u00e9l\u00e8ves ICM pourront suivre des cours et modules partag\u00e9s d\u00e8s la rentr\u00e9e 2018 au sein du Coll\u00e8ge des Hautes \u00c9tudes Lyon Science[s]. Le Chel[s] regroupe depuis &hellip;<\/p>\n","protected":false},"author":3,"featured_media":13833,"comment_status":"closed","ping_status":"open","sticky":false,"template":"","format":"standard","meta":{"_relevanssi_hide_post":"","_relevanssi_hide_content":"","_relevanssi_pin_for_all":"","_relevanssi_pin_keywords":"","_relevanssi_unpin_keywords":"","_relevanssi_related_keywords":"","_relevanssi_related_include_ids":"","_relevanssi_related_exclude_ids":"","_relevanssi_related_no_append":"","_relevanssi_related_not_related":"","_relevanssi_related_posts":"","_relevanssi_noindex_reason":"","footnotes":""},"categories":[8],"tags":[444,24,37,443],"class_list":["post-13847","post","type-post","status-publish","format-standard","has-post-thumbnail","hentry","category-vie-etudiante","tag-chels","tag-formation","tag-icm","tag-lyon"],"pp_statuses_selecting_workflow":false,"pp_workflow_action":"current","pp_status_selection":"publish","pp_force_visibility":null,"pp_subpost_visibility":null,"pp_inherited_force_visibility":null,"pp_inherited_subpost_visibility":null,"yoast_head":"<!-- This site is optimized with the Yoast SEO plugin v27.4 - https:\/\/yoast.com\/product\/yoast-seo-wordpress\/ -->\n<title>Mines Saint-\u00c9tienne rejoint le CHEL[s] - Panoramines<\/title>\n<meta name=\"robots\" content=\"index, follow, max-snippet:-1, max-image-preview:large, max-video-preview:-1\" \/>\n<link rel=\"canonical\" href=\"https:\/\/www.mines-stetienne.fr\/panoramines\/2018\/08\/20\/mines-saint-etienne-rejoint-le-chels\/\" \/>\n<meta property=\"og:locale\" content=\"fr_FR\" \/>\n<meta property=\"og:type\" content=\"article\" \/>\n<meta property=\"og:title\" content=\"Mines Saint-\u00c9tienne rejoint le CHEL[s] - Panoramines\" \/>\n<meta property=\"og:description\" content=\"Pluridisciplinarit\u00e9, ouverture p\u00e9dagogique et g\u00e9ographique, acc\u00e8s privil\u00e9gi\u00e9 \u00e0 des grandes \u00e9coles lyonnaises : les \u00e9l\u00e8ves ICM pourront suivre des cours et modules partag\u00e9s d\u00e8s la rentr\u00e9e 2018 au sein du Coll\u00e8ge des Hautes \u00c9tudes Lyon Science[s]. Le Chel[s] regroupe depuis &hellip;\" \/>\n<meta property=\"og:url\" content=\"https:\/\/www.mines-stetienne.fr\/panoramines\/2018\/08\/20\/mines-saint-etienne-rejoint-le-chels\/\" \/>\n<meta property=\"og:site_name\" content=\"Panoramines\" \/>\n<meta property=\"article:published_time\" content=\"2018-08-20T10:48:01+00:00\" \/>\n<meta property=\"article:modified_time\" content=\"2024-03-07T15:40:31+00:00\" \/>\n<meta property=\"og:image\" content=\"https:\/\/www.mines-stetienne.fr\/panoramines\/wp-content\/uploads\/sites\/3\/2018\/08\/UneUnvLaval.jpg\" \/>\n\t<meta property=\"og:image:width\" content=\"688\" \/>\n\t<meta property=\"og:image:height\" content=\"350\" \/>\n\t<meta property=\"og:image:type\" content=\"image\/jpeg\" \/>\n<meta name=\"author\" content=\"Nathalie\" \/>\n<meta name=\"twitter:card\" content=\"summary_large_image\" \/>\n<meta name=\"twitter:label1\" content=\"\u00c9crit par\" \/>\n\t<meta name=\"twitter:data1\" content=\" Nathalie\" \/>\n\t<meta name=\"twitter:label2\" content=\"Dur\u00e9e de lecture estim\u00e9e\" \/>\n\t<meta name=\"twitter:data2\" content=\"1 minute\" \/>\n<script type=\"application\/ld+json\" class=\"yoast-schema-graph\">{\"@context\":\"https:\\\/\\\/schema.org\",\"@graph\":[{\"@type\":\"Article\",\"@id\":\"https:\\\/\\\/www.mines-stetienne.fr\\\/panoramines\\\/2018\\\/08\\\/20\\\/mines-saint-etienne-rejoint-le-chels\\\/#article\",\"isPartOf\":{\"@id\":\"https:\\\/\\\/www.mines-stetienne.fr\\\/panoramines\\\/2018\\\/08\\\/20\\\/mines-saint-etienne-rejoint-le-chels\\\/\"},\"author\":{\"name\":\"Nathalie\",\"@id\":\"https:\\\/\\\/www.mines-stetienne.fr\\\/panoramines\\\/#\\\/schema\\\/person\\\/95e752e6dedac604ce4535123e0f8df7\"},\"headline\":\"Mines Saint-\u00c9tienne rejoint le CHEL[s]\",\"datePublished\":\"2018-08-20T10:48:01+00:00\",\"dateModified\":\"2024-03-07T15:40:31+00:00\",\"mainEntityOfPage\":{\"@id\":\"https:\\\/\\\/www.mines-stetienne.fr\\\/panoramines\\\/2018\\\/08\\\/20\\\/mines-saint-etienne-rejoint-le-chels\\\/\"},\"wordCount\":231,\"image\":{\"@id\":\"https:\\\/\\\/www.mines-stetienne.fr\\\/panoramines\\\/2018\\\/08\\\/20\\\/mines-saint-etienne-rejoint-le-chels\\\/#primaryimage\"},\"thumbnailUrl\":\"https:\\\/\\\/www.mines-stetienne.fr\\\/panoramines\\\/wp-content\\\/uploads\\\/sites\\\/3\\\/2018\\\/08\\\/UneUnvLaval.jpg\",\"keywords\":[\"CHEL[s]\",\"Formation\",\"ICM\",\"Lyon\"],\"articleSection\":[\"Vie \u00e9tudiante\"],\"inLanguage\":\"fr-FR\"},{\"@type\":\"WebPage\",\"@id\":\"https:\\\/\\\/www.mines-stetienne.fr\\\/panoramines\\\/2018\\\/08\\\/20\\\/mines-saint-etienne-rejoint-le-chels\\\/\",\"url\":\"https:\\\/\\\/www.mines-stetienne.fr\\\/panoramines\\\/2018\\\/08\\\/20\\\/mines-saint-etienne-rejoint-le-chels\\\/\",\"name\":\"Mines Saint-\u00c9tienne rejoint le CHEL[s] - Panoramines\",\"isPartOf\":{\"@id\":\"https:\\\/\\\/www.mines-stetienne.fr\\\/panoramines\\\/#website\"},\"primaryImageOfPage\":{\"@id\":\"https:\\\/\\\/www.mines-stetienne.fr\\\/panoramines\\\/2018\\\/08\\\/20\\\/mines-saint-etienne-rejoint-le-chels\\\/#primaryimage\"},\"image\":{\"@id\":\"https:\\\/\\\/www.mines-stetienne.fr\\\/panoramines\\\/2018\\\/08\\\/20\\\/mines-saint-etienne-rejoint-le-chels\\\/#primaryimage\"},\"thumbnailUrl\":\"https:\\\/\\\/www.mines-stetienne.fr\\\/panoramines\\\/wp-content\\\/uploads\\\/sites\\\/3\\\/2018\\\/08\\\/UneUnvLaval.jpg\",\"datePublished\":\"2018-08-20T10:48:01+00:00\",\"dateModified\":\"2024-03-07T15:40:31+00:00\",\"author\":{\"@id\":\"https:\\\/\\\/www.mines-stetienne.fr\\\/panoramines\\\/#\\\/schema\\\/person\\\/95e752e6dedac604ce4535123e0f8df7\"},\"breadcrumb\":{\"@id\":\"https:\\\/\\\/www.mines-stetienne.fr\\\/panoramines\\\/2018\\\/08\\\/20\\\/mines-saint-etienne-rejoint-le-chels\\\/#breadcrumb\"},\"inLanguage\":\"fr-FR\",\"potentialAction\":[{\"@type\":\"ReadAction\",\"target\":[\"https:\\\/\\\/www.mines-stetienne.fr\\\/panoramines\\\/2018\\\/08\\\/20\\\/mines-saint-etienne-rejoint-le-chels\\\/\"]}]},{\"@type\":\"ImageObject\",\"inLanguage\":\"fr-FR\",\"@id\":\"https:\\\/\\\/www.mines-stetienne.fr\\\/panoramines\\\/2018\\\/08\\\/20\\\/mines-saint-etienne-rejoint-le-chels\\\/#primaryimage\",\"url\":\"https:\\\/\\\/www.mines-stetienne.fr\\\/panoramines\\\/wp-content\\\/uploads\\\/sites\\\/3\\\/2018\\\/08\\\/UneUnvLaval.jpg\",\"contentUrl\":\"https:\\\/\\\/www.mines-stetienne.fr\\\/panoramines\\\/wp-content\\\/uploads\\\/sites\\\/3\\\/2018\\\/08\\\/UneUnvLaval.jpg\",\"width\":688,\"height\":350},{\"@type\":\"BreadcrumbList\",\"@id\":\"https:\\\/\\\/www.mines-stetienne.fr\\\/panoramines\\\/2018\\\/08\\\/20\\\/mines-saint-etienne-rejoint-le-chels\\\/#breadcrumb\",\"itemListElement\":[{\"@type\":\"ListItem\",\"position\":1,\"name\":\"Accueil\",\"item\":\"https:\\\/\\\/www.mines-stetienne.fr\\\/panoramines\\\/\"},{\"@type\":\"ListItem\",\"position\":2,\"name\":\"Mines Saint-\u00c9tienne rejoint le CHEL[s]\"}]},{\"@type\":\"WebSite\",\"@id\":\"https:\\\/\\\/www.mines-stetienne.fr\\\/panoramines\\\/#website\",\"url\":\"https:\\\/\\\/www.mines-stetienne.fr\\\/panoramines\\\/\",\"name\":\"Panoramines\",\"description\":\"Panoramines, l\u2019actualit\u00e9 de MINES Saint-\u00c9tienne\",\"potentialAction\":[{\"@type\":\"SearchAction\",\"target\":{\"@type\":\"EntryPoint\",\"urlTemplate\":\"https:\\\/\\\/www.mines-stetienne.fr\\\/panoramines\\\/?s={search_term_string}\"},\"query-input\":{\"@type\":\"PropertyValueSpecification\",\"valueRequired\":true,\"valueName\":\"search_term_string\"}}],\"inLanguage\":\"fr-FR\"},{\"@type\":\"Person\",\"@id\":\"https:\\\/\\\/www.mines-stetienne.fr\\\/panoramines\\\/#\\\/schema\\\/person\\\/95e752e6dedac604ce4535123e0f8df7\",\"name\":\"Nathalie\",\"image\":{\"@type\":\"ImageObject\",\"inLanguage\":\"fr-FR\",\"@id\":\"https:\\\/\\\/www.mines-stetienne.fr\\\/panoramines\\\/wp-content\\\/uploads\\\/sites\\\/3\\\/2021\\\/07\\\/logo-75x75-1.png\",\"url\":\"https:\\\/\\\/www.mines-stetienne.fr\\\/panoramines\\\/wp-content\\\/uploads\\\/sites\\\/3\\\/2021\\\/07\\\/logo-75x75-1.png\",\"contentUrl\":\"https:\\\/\\\/www.mines-stetienne.fr\\\/panoramines\\\/wp-content\\\/uploads\\\/sites\\\/3\\\/2021\\\/07\\\/logo-75x75-1.png\",\"caption\":\"Nathalie\"},\"url\":\"https:\\\/\\\/www.mines-stetienne.fr\\\/panoramines\\\/author\\\/nathalie\\\/\"}]}<\/script>\n<!-- \/ Yoast SEO plugin. -->","yoast_head_json":{"title":"Mines Saint-\u00c9tienne rejoint le CHEL[s] - Panoramines","robots":{"index":"index","follow":"follow","max-snippet":"max-snippet:-1","max-image-preview":"max-image-preview:large","max-video-preview":"max-video-preview:-1"},"canonical":"https:\/\/www.mines-stetienne.fr\/panoramines\/2018\/08\/20\/mines-saint-etienne-rejoint-le-chels\/","og_locale":"fr_FR","og_type":"article","og_title":"Mines Saint-\u00c9tienne rejoint le CHEL[s] - Panoramines","og_description":"Pluridisciplinarit\u00e9, ouverture p\u00e9dagogique et g\u00e9ographique, acc\u00e8s privil\u00e9gi\u00e9 \u00e0 des grandes \u00e9coles lyonnaises : les \u00e9l\u00e8ves ICM pourront suivre des cours et modules partag\u00e9s d\u00e8s la rentr\u00e9e 2018 au sein du Coll\u00e8ge des Hautes \u00c9tudes Lyon Science[s]. Le Chel[s] regroupe depuis &hellip;","og_url":"https:\/\/www.mines-stetienne.fr\/panoramines\/2018\/08\/20\/mines-saint-etienne-rejoint-le-chels\/","og_site_name":"Panoramines","article_published_time":"2018-08-20T10:48:01+00:00","article_modified_time":"2024-03-07T15:40:31+00:00","og_image":[{"width":688,"height":350,"url":"https:\/\/www.mines-stetienne.fr\/panoramines\/wp-content\/uploads\/sites\/3\/2018\/08\/UneUnvLaval.jpg","type":"image\/jpeg"}],"author":"Nathalie","twitter_card":"summary_large_image","twitter_misc":{"\u00c9crit par":" Nathalie","Dur\u00e9e de lecture estim\u00e9e":"1 minute"},"schema":{"@context":"https:\/\/schema.org","@graph":[{"@type":"Article","@id":"https:\/\/www.mines-stetienne.fr\/panoramines\/2018\/08\/20\/mines-saint-etienne-rejoint-le-chels\/#article","isPartOf":{"@id":"https:\/\/www.mines-stetienne.fr\/panoramines\/2018\/08\/20\/mines-saint-etienne-rejoint-le-chels\/"},"author":{"name":"Nathalie","@id":"https:\/\/www.mines-stetienne.fr\/panoramines\/#\/schema\/person\/95e752e6dedac604ce4535123e0f8df7"},"headline":"Mines Saint-\u00c9tienne rejoint le CHEL[s]","datePublished":"2018-08-20T10:48:01+00:00","dateModified":"2024-03-07T15:40:31+00:00","mainEntityOfPage":{"@id":"https:\/\/www.mines-stetienne.fr\/panoramines\/2018\/08\/20\/mines-saint-etienne-rejoint-le-chels\/"},"wordCount":231,"image":{"@id":"https:\/\/www.mines-stetienne.fr\/panoramines\/2018\/08\/20\/mines-saint-etienne-rejoint-le-chels\/#primaryimage"},"thumbnailUrl":"https:\/\/www.mines-stetienne.fr\/panoramines\/wp-content\/uploads\/sites\/3\/2018\/08\/UneUnvLaval.jpg","keywords":["CHEL[s]","Formation","ICM","Lyon"],"articleSection":["Vie \u00e9tudiante"],"inLanguage":"fr-FR"},{"@type":"WebPage","@id":"https:\/\/www.mines-stetienne.fr\/panoramines\/2018\/08\/20\/mines-saint-etienne-rejoint-le-chels\/","url":"https:\/\/www.mines-stetienne.fr\/panoramines\/2018\/08\/20\/mines-saint-etienne-rejoint-le-chels\/","name":"Mines Saint-\u00c9tienne rejoint le CHEL[s] - Panoramines","isPartOf":{"@id":"https:\/\/www.mines-stetienne.fr\/panoramines\/#website"},"primaryImageOfPage":{"@id":"https:\/\/www.mines-stetienne.fr\/panoramines\/2018\/08\/20\/mines-saint-etienne-rejoint-le-chels\/#primaryimage"},"image":{"@id":"https:\/\/www.mines-stetienne.fr\/panoramines\/2018\/08\/20\/mines-saint-etienne-rejoint-le-chels\/#primaryimage"},"thumbnailUrl":"https:\/\/www.mines-stetienne.fr\/panoramines\/wp-content\/uploads\/sites\/3\/2018\/08\/UneUnvLaval.jpg","datePublished":"2018-08-20T10:48:01+00:00","dateModified":"2024-03-07T15:40:31+00:00","author":{"@id":"https:\/\/www.mines-stetienne.fr\/panoramines\/#\/schema\/person\/95e752e6dedac604ce4535123e0f8df7"},"breadcrumb":{"@id":"https:\/\/www.mines-stetienne.fr\/panoramines\/2018\/08\/20\/mines-saint-etienne-rejoint-le-chels\/#breadcrumb"},"inLanguage":"fr-FR","potentialAction":[{"@type":"ReadAction","target":["https:\/\/www.mines-stetienne.fr\/panoramines\/2018\/08\/20\/mines-saint-etienne-rejoint-le-chels\/"]}]},{"@type":"ImageObject","inLanguage":"fr-FR","@id":"https:\/\/www.mines-stetienne.fr\/panoramines\/2018\/08\/20\/mines-saint-etienne-rejoint-le-chels\/#primaryimage","url":"https:\/\/www.mines-stetienne.fr\/panoramines\/wp-content\/uploads\/sites\/3\/2018\/08\/UneUnvLaval.jpg","contentUrl":"https:\/\/www.mines-stetienne.fr\/panoramines\/wp-content\/uploads\/sites\/3\/2018\/08\/UneUnvLaval.jpg","width":688,"height":350},{"@type":"BreadcrumbList","@id":"https:\/\/www.mines-stetienne.fr\/panoramines\/2018\/08\/20\/mines-saint-etienne-rejoint-le-chels\/#breadcrumb","itemListElement":[{"@type":"ListItem","position":1,"name":"Accueil","item":"https:\/\/www.mines-stetienne.fr\/panoramines\/"},{"@type":"ListItem","position":2,"name":"Mines Saint-\u00c9tienne rejoint le CHEL[s]"}]},{"@type":"WebSite","@id":"https:\/\/www.mines-stetienne.fr\/panoramines\/#website","url":"https:\/\/www.mines-stetienne.fr\/panoramines\/","name":"Panoramines","description":"Panoramines, l\u2019actualit\u00e9 de MINES Saint-\u00c9tienne","potentialAction":[{"@type":"SearchAction","target":{"@type":"EntryPoint","urlTemplate":"https:\/\/www.mines-stetienne.fr\/panoramines\/?s={search_term_string}"},"query-input":{"@type":"PropertyValueSpecification","valueRequired":true,"valueName":"search_term_string"}}],"inLanguage":"fr-FR"},{"@type":"Person","@id":"https:\/\/www.mines-stetienne.fr\/panoramines\/#\/schema\/person\/95e752e6dedac604ce4535123e0f8df7","name":"Nathalie","image":{"@type":"ImageObject","inLanguage":"fr-FR","@id":"https:\/\/www.mines-stetienne.fr\/panoramines\/wp-content\/uploads\/sites\/3\/2021\/07\/logo-75x75-1.png","url":"https:\/\/www.mines-stetienne.fr\/panoramines\/wp-content\/uploads\/sites\/3\/2021\/07\/logo-75x75-1.png","contentUrl":"https:\/\/www.mines-stetienne.fr\/panoramines\/wp-content\/uploads\/sites\/3\/2021\/07\/logo-75x75-1.png","caption":"Nathalie"},"url":"https:\/\/www.mines-stetienne.fr\/panoramines\/author\/nathalie\/"}]}},"_links":{"self":[{"href":"https:\/\/www.mines-stetienne.fr\/panoramines\/wp-json\/wp\/v2\/posts\/13847","targetHints":{"allow":["GET"]}}],"collection":[{"href":"https:\/\/www.mines-stetienne.fr\/panoramines\/wp-json\/wp\/v2\/posts"}],"about":[{"href":"https:\/\/www.mines-stetienne.fr\/panoramines\/wp-json\/wp\/v2\/types\/post"}],"author":[{"embeddable":true,"href":"https:\/\/www.mines-stetienne.fr\/panoramines\/wp-json\/wp\/v2\/users\/3"}],"replies":[{"embeddable":true,"href":"https:\/\/www.mines-stetienne.fr\/panoramines\/wp-json\/wp\/v2\/comments?post=13847"}],"version-history":[{"count":11,"href":"https:\/\/www.mines-stetienne.fr\/panoramines\/wp-json\/wp\/v2\/posts\/13847\/revisions"}],"predecessor-version":[{"id":13912,"href":"https:\/\/www.mines-stetienne.fr\/panoramines\/wp-json\/wp\/v2\/posts\/13847\/revisions\/13912"}],"wp:featuredmedia":[{"embeddable":true,"href":"https:\/\/www.mines-stetienne.fr\/panoramines\/wp-json\/wp\/v2\/media\/13833"}],"wp:attachment":[{"href":"https:\/\/www.mines-stetienne.fr\/panoramines\/wp-json\/wp\/v2\/media?parent=13847"}],"wp:term":[{"taxonomy":"category","embeddable":true,"href":"https:\/\/www.mines-stetienne.fr\/panoramines\/wp-json\/wp\/v2\/categories?post=13847"},{"taxonomy":"post_tag","embeddable":true,"href":"https:\/\/www.mines-stetienne.fr\/panoramines\/wp-json\/wp\/v2\/tags?post=13847"}],"curies":[{"name":"wp","href":"https:\/\/api.w.org\/{rel}","templated":true}]}}