{"id":13826,"date":"2018-09-03T17:28:42","date_gmt":"2018-09-03T15:28:42","guid":{"rendered":"https:\/\/www.mines-stetienne.fr\/panoramines\/?p=13826"},"modified":"2024-03-07T16:44:42","modified_gmt":"2024-03-07T15:44:42","slug":"de-lingenieur-au-designer-focus-sur-deux-parcours-pluridisciplinaires","status":"publish","type":"post","link":"https:\/\/www.mines-stetienne.fr\/panoramines\/2018\/09\/03\/de-lingenieur-au-designer-focus-sur-deux-parcours-pluridisciplinaires\/","title":{"rendered":"De l\u2019ing\u00e9nieur au designer : focus sur deux parcours pluridisciplinaires"},"content":{"rendered":"<h5><span style=\"color: #800080\">Dipl\u00f4m\u00e9 de Mines Saint-\u00c9tienne, Arthur Farre, ICM E08, est depuis novembre 2017 Directeur du Design et responsable du Design Studio de GA Smart Building, constructeur et promoteur immobilier, un groupe de 600 personnes. Son parcours pluridisciplinaire jalonn\u00e9 d\u2019exp\u00e9riences et de rencontres professionnelles l\u2019a conduit de nouveau \u00e0 Saint-\u00c9tienne o\u00f9 il vient de recruter un jeune dipl\u00f4m\u00e9 du Master Prospective Design, Lucas Marques Lima.<\/span><\/h5>\n<p><strong>1- Quelles sont les \u00e9tapes marquantes de votre cursus ?<br \/>\n<\/strong>Le Master Prospective Design n\u2019existait pas en 2008 mais j\u2019ai suivi d\u00e8s la 2<sup>e<\/sup> ann\u00e9e de mon cursus ICM le parcours design et ing\u00e9nierie et l\u2019axe \u00c9l\u00e9ments finis puis l\u2019option management de projet et innovation en 3<sup>e<\/sup> ann\u00e9e. J\u2019ai r\u00e9alis\u00e9 mon stage de 2<sup>e<\/sup> ann\u00e9e en tant que chef de projet MOA (construction de logements sociaux \u00e0 La R\u00e9union) et mon TFE au sein du laboratoire en neurosciences cognitives Brams au Qu\u00e9bec <em>(<\/em><em>Laboratoire<\/em><em> international de recherche sur le cerveau, la musique et le son)<\/em><em>.<br \/>\n<\/em>Je souhaitais \u00e0 la fois m\u2019orienter vers la recherche, l\u2019architecture, l\u2019ing\u00e9nierie et le design, poursuivre un cursus pluridisciplinaire mais avec une dominante cr\u00e9ative\u00a0!<\/p>\n<p><strong>2- Un profil g\u00e9n\u00e9raliste, une vision \u00e0 la fois technique, innovante et transverse, c\u2019est une d\u00e9finition de l\u2019ing\u00e9nieur-designer\u00a0?<br \/>\n<\/strong>Ma formation m\u2019a donn\u00e9 cette vision transverse, \u00e0 mon sens, tr\u00e8s compl\u00e9mentaire de celle du designer, qui apporte en plus une dimension sociologique (de la conception, du choix des mat\u00e9riaux au regard de l\u2019utilisateur et \u00e0 la prise en compte de ses attentes), un croisement de comp\u00e9tences, de curiosit\u00e9, de cr\u00e9ativit\u00e9 o\u00f9 l\u2019interaction est essentielle pour faire appel aux diff\u00e9rentes expertises et nourrir des projets.<br \/>\nC\u2019est pourquoi, apr\u00e8s mon poste au sein du Cabinet de Conseil Oresys, j\u2019ai d\u00e9cid\u00e9 de suivre le mast\u00e8re sp\u00e9cialis\u00e9 \u00ab Innovation By Design \u00bb de l\u2019ENSCI, les ateliers. Il m\u2019a permis d\u2019acqu\u00e9rir une r\u00e9elle exp\u00e9rience en design industriel compl\u00e9t\u00e9e par un stage de design et un poste de senior designer chez Eliumstudio, reconnu pour ses r\u00e9alisations dans le secteur des objets connect\u00e9s.<\/p>\n<p><strong>Vous venez d\u2019embaucher un jeune dipl\u00f4m\u00e9 de Mines Saint-\u00c9tienne, comment s\u2019est fait cette rencontre\u00a0?<br \/>\n<\/strong>Depuis l\u2019ann\u00e9e 2016-2017, j&rsquo;interviens dans le cursus ICM et au sein du workshop Design du Master PRODE que suivait Lucas.<br \/>\nSes comp\u00e9tences en design num\u00e9rique et son parcours pluridisciplinaire s\u2019inscrivent pleinement dans la vision globale de notre entreprise \u00e0 savoir \u00ab\u00a0la r\u00e9alisation de b\u00e2timents connect\u00e9s, toujours plus intelligents, confortables et agr\u00e9ables \u00e0 vivre\u00bb.<br \/>\nJ\u2019ai aujourd\u2019hui pour mission de piloter et de constituer un centre d\u2019expertise et d\u2019innovation en mati\u00e8re de design au sein du groupe. Cette d\u00e9marche collaborative se fera avec une \u00e9quipe de designers.<\/p>\n<hr \/>\n<h5><span style=\"color: #800080\">Apr\u00e8s avoir r\u00e9alis\u00e9 un stage de 6 mois au sein du groupe GA Smart Building, Lucas Marques Lima travaille en tant que designer responsable de l&rsquo;interface utilisateur et de l&rsquo;exp\u00e9rience des produits num\u00e9riques du groupe.<\/span><\/h5>\n<p><strong>1- Que vous a apport\u00e9 concr\u00e8tement le Master Prospective Design ?<br \/>\n<\/strong>Pour moi, le design est une discipline d&rsquo;interm\u00e9diation : un interm\u00e9diaire entre subjectif et objectif, entre concret et abstrait, entre forme et contenu. C&rsquo;est en partie pourquoi la formation interdisciplinaire offerte par le Master Prospective Design a \u00e9t\u00e9 extr\u00eamement int\u00e9ressante et utile : \u00e0 travers divers projets, elle favorise l\u2019\u00e9change et la collaboration d\u2019\u00e9tudiants d\u2019horizons diff\u00e9rents. Ce m\u00e9lange de visions a \u00e9t\u00e9 essentiel dans mon d\u00e9veloppement en tant que concepteur d&rsquo;interaction car il m&rsquo;a pr\u00e9par\u00e9 \u00e0 la r\u00e9alit\u00e9 du march\u00e9 du travail, de l&rsquo;industrie et au d\u00e9veloppement de projets de conception.<br \/>\nJ&rsquo;ai profit\u00e9 de ce cursus pour participer \u00e0 plusieurs concours. J&rsquo;ai \u00e9t\u00e9 laur\u00e9at du concours \u00ab Un Tramway Nomm\u00e9 Design \u00bb, promu par STAS et la Biennale du Design de Saint-\u00c9tienne en 2017 et ai remport\u00e9 la troisi\u00e8me place dans la comp\u00e9tition technologique internationale et de l&rsquo;innovation TechINK, tenue en 2017 \u00e0 Shanghai avec Yang Meng de la m\u00eame promotion !<\/p>\n<p><strong>2 &#8211; Pourquoi conseiller cette formation \u00e0 des \u00e9tudiants\u00a0?<br \/>\n<\/strong>Je crois qu&rsquo;une vision interdisciplinaire est imp\u00e9rative pour tout \u00e9tudiant, \u00e9l\u00e8ve-ing\u00e9nieur ou professionnel int\u00e9ress\u00e9 par l&rsquo;innovation. Comprendre et aborder la vue des diff\u00e9rents professionnels impliqu\u00e9s dans des projets de d\u00e9veloppement de produits, services, applications num\u00e9riques, entre autres, est essentiel dans le d\u00e9veloppement de projets \u00e0 long ou \u00e0 court terme. En ce sens, cette ma\u00eetrise est une opportunit\u00e9 unique de travailler dans des projets multidisciplinaires et de collaborer avec des \u00e9tudiants et des professionnels d&rsquo;horizons et d&rsquo;attentes diff\u00e9rents.<\/p>\n<p><strong>3 &#8211; Quel a \u00e9t\u00e9 votre parcours avant d&rsquo;\u00e9tudier en France ?<br \/>\n<\/strong>Je suis un designer d&rsquo;interaction br\u00e9silien, n\u00e9 et \u00e9lev\u00e9 dans la ville de Rio de Janeiro. J&rsquo;ai \u00e9tudi\u00e9 le design produit et graphique \u00e0 l&rsquo;\u00e9cole sup\u00e9rieure de design industriel, la premi\u00e8re \u00e9cole de design en Am\u00e9rique latine. Apr\u00e8s avoir obtenu mon dipl\u00f4me, j&rsquo;ai fond\u00e9 une start-up num\u00e9rique appel\u00e9 Weddup, avec trois autres partenaires et j&rsquo;ai commenc\u00e9 \u00e0 travailler en tant que designer d&rsquo;interaction ind\u00e9pendant \u00e0 Rio de Janeiro jusqu&rsquo;en ao\u00fbt 2016, avant d&rsquo;int\u00e9grer le Master Prospective Design \u00e0 Saint-\u00c9tienne.<\/p>\n<div id=\"attachment_13955\" style=\"width: 479px\" class=\"wp-caption alignnone\"><img loading=\"lazy\" decoding=\"async\" aria-describedby=\"caption-attachment-13955\" class=\"wp-image-13955\" src=\"https:\/\/www.mines-stetienne.fr\/panoramines\/wp-content\/uploads\/sites\/3\/2018\/08\/GAdesignstudio_2Designers-300x174.jpg\" alt=\"\" width=\"469\" height=\"271\" srcset=\"https:\/\/www.mines-stetienne.fr\/panoramines\/wp-content\/uploads\/sites\/3\/2018\/08\/GAdesignstudio_2Designers-300x174.jpg 300w, https:\/\/www.mines-stetienne.fr\/panoramines\/wp-content\/uploads\/sites\/3\/2018\/08\/GAdesignstudio_2Designers.jpg 700w\" sizes=\"auto, (max-width: 469px) 100vw, 469px\" \/><p id=\"caption-attachment-13955\" class=\"wp-caption-text\">Lucas Marques Lima et Arthur Farre<\/p><\/div>\n<hr \/>\n<p><a href=\"https:\/\/www.mines-stetienne.fr\/formation\/master-prospective-design-prode\/\" target=\"_blank\" rel=\"noopener\">&gt; En savoir + sur <strong>le Master Prospective Design<\/strong><\/a> (PRODE), formation pluridisciplinaire unique en France conjointement pilot\u00e9e par l\u2019Institut d\u2019administration des entreprises (IAE) de l\u2019Universit\u00e9 Jean-Monnet, Mines\u00a0 Saint-\u00c9tienne et l\u2019\u00c9cole sup\u00e9rieure d\u2019art de design de Saint-\u00c9tienne (ESADSE).<\/p>\n<p><a href=\"https:\/\/www.ga.fr\/ga-smart-building\" target=\"_blank\" rel=\"noopener\"><strong>&gt; Le Groupe GA Smart Building<\/strong><\/a> \u00ab\u00a0r\u00e9alise des smartbuildings et propose des solutions smart, design et connect\u00e9es.\u00a0\u00bb<\/p>\n<hr \/>\n","protected":false},"excerpt":{"rendered":"<p>Dipl\u00f4m\u00e9 de Mines Saint-\u00c9tienne, Arthur Farre, ICM E08, est depuis novembre 2017 Directeur du Design et responsable du Design Studio de GA Smart Building, constructeur et promoteur immobilier, un groupe de 600 personnes. Son parcours pluridisciplinaire jalonn\u00e9 d\u2019exp\u00e9riences et de &hellip;<\/p>\n","protected":false},"author":3,"featured_media":13981,"comment_status":"closed","ping_status":"open","sticky":false,"template":"","format":"standard","meta":{"_relevanssi_hide_post":"","_relevanssi_hide_content":"","_relevanssi_pin_for_all":"","_relevanssi_pin_keywords":"","_relevanssi_unpin_keywords":"","_relevanssi_related_keywords":"","_relevanssi_related_include_ids":"","_relevanssi_related_exclude_ids":"","_relevanssi_related_no_append":"","_relevanssi_related_not_related":"","_relevanssi_related_posts":"","_relevanssi_noindex_reason":"","footnotes":""},"categories":[6],"tags":[32,24,37,40,69],"class_list":["post-13826","post","type-post","status-publish","format-standard","has-post-thumbnail","hentry","category-formation","tag-design","tag-formation","tag-icm","tag-innovation","tag-master"],"pp_statuses_selecting_workflow":false,"pp_workflow_action":"current","pp_status_selection":"publish","pp_force_visibility":null,"pp_subpost_visibility":null,"pp_inherited_force_visibility":null,"pp_inherited_subpost_visibility":null,"yoast_head":"<!-- This site is optimized with the Yoast SEO plugin v27.5 - https:\/\/yoast.com\/product\/yoast-seo-wordpress\/ -->\n<title>De l\u2019ing\u00e9nieur au designer : focus sur deux parcours pluridisciplinaires - Panoramines<\/title>\n<meta name=\"robots\" content=\"index, follow, max-snippet:-1, max-image-preview:large, max-video-preview:-1\" \/>\n<link rel=\"canonical\" href=\"https:\/\/www.mines-stetienne.fr\/panoramines\/2018\/09\/03\/de-lingenieur-au-designer-focus-sur-deux-parcours-pluridisciplinaires\/\" \/>\n<meta property=\"og:locale\" content=\"fr_FR\" \/>\n<meta property=\"og:type\" content=\"article\" \/>\n<meta property=\"og:title\" content=\"De l\u2019ing\u00e9nieur au designer : focus sur deux parcours pluridisciplinaires - Panoramines\" \/>\n<meta property=\"og:description\" content=\"Dipl\u00f4m\u00e9 de Mines Saint-\u00c9tienne, Arthur Farre, ICM E08, est depuis novembre 2017 Directeur du Design et responsable du Design Studio de GA Smart Building, constructeur et promoteur immobilier, un groupe de 600 personnes. Son parcours pluridisciplinaire jalonn\u00e9 d\u2019exp\u00e9riences et de &hellip;\" \/>\n<meta property=\"og:url\" content=\"https:\/\/www.mines-stetienne.fr\/panoramines\/2018\/09\/03\/de-lingenieur-au-designer-focus-sur-deux-parcours-pluridisciplinaires\/\" \/>\n<meta property=\"og:site_name\" content=\"Panoramines\" \/>\n<meta property=\"article:published_time\" content=\"2018-09-03T15:28:42+00:00\" \/>\n<meta property=\"article:modified_time\" content=\"2024-03-07T15:44:42+00:00\" \/>\n<meta property=\"og:image\" content=\"https:\/\/www.mines-stetienne.fr\/panoramines\/wp-content\/uploads\/sites\/3\/2018\/08\/header_luminemW.jpg\" \/>\n\t<meta property=\"og:image:width\" content=\"700\" \/>\n\t<meta property=\"og:image:height\" content=\"285\" \/>\n\t<meta property=\"og:image:type\" content=\"image\/jpeg\" \/>\n<meta name=\"author\" content=\"Nathalie\" \/>\n<meta name=\"twitter:card\" content=\"summary_large_image\" \/>\n<meta name=\"twitter:label1\" content=\"\u00c9crit par\" \/>\n\t<meta name=\"twitter:data1\" content=\" Nathalie\" \/>\n\t<meta name=\"twitter:label2\" content=\"Dur\u00e9e de lecture estim\u00e9e\" \/>\n\t<meta name=\"twitter:data2\" content=\"5 minutes\" \/>\n<script type=\"application\/ld+json\" class=\"yoast-schema-graph\">{\"@context\":\"https:\\\/\\\/schema.org\",\"@graph\":[{\"@type\":\"Article\",\"@id\":\"https:\\\/\\\/www.mines-stetienne.fr\\\/panoramines\\\/2018\\\/09\\\/03\\\/de-lingenieur-au-designer-focus-sur-deux-parcours-pluridisciplinaires\\\/#article\",\"isPartOf\":{\"@id\":\"https:\\\/\\\/www.mines-stetienne.fr\\\/panoramines\\\/2018\\\/09\\\/03\\\/de-lingenieur-au-designer-focus-sur-deux-parcours-pluridisciplinaires\\\/\"},\"author\":{\"name\":\"Nathalie\",\"@id\":\"https:\\\/\\\/www.mines-stetienne.fr\\\/panoramines\\\/#\\\/schema\\\/person\\\/95e752e6dedac604ce4535123e0f8df7\"},\"headline\":\"De l\u2019ing\u00e9nieur au designer : focus sur deux parcours pluridisciplinaires\",\"datePublished\":\"2018-09-03T15:28:42+00:00\",\"dateModified\":\"2024-03-07T15:44:42+00:00\",\"mainEntityOfPage\":{\"@id\":\"https:\\\/\\\/www.mines-stetienne.fr\\\/panoramines\\\/2018\\\/09\\\/03\\\/de-lingenieur-au-designer-focus-sur-deux-parcours-pluridisciplinaires\\\/\"},\"wordCount\":973,\"image\":{\"@id\":\"https:\\\/\\\/www.mines-stetienne.fr\\\/panoramines\\\/2018\\\/09\\\/03\\\/de-lingenieur-au-designer-focus-sur-deux-parcours-pluridisciplinaires\\\/#primaryimage\"},\"thumbnailUrl\":\"https:\\\/\\\/www.mines-stetienne.fr\\\/panoramines\\\/wp-content\\\/uploads\\\/sites\\\/3\\\/2018\\\/08\\\/header_luminemW.jpg\",\"keywords\":[\"Design\",\"Formation\",\"ICM\",\"Innovation\",\"Master\"],\"articleSection\":[\"Formation\"],\"inLanguage\":\"fr-FR\"},{\"@type\":\"WebPage\",\"@id\":\"https:\\\/\\\/www.mines-stetienne.fr\\\/panoramines\\\/2018\\\/09\\\/03\\\/de-lingenieur-au-designer-focus-sur-deux-parcours-pluridisciplinaires\\\/\",\"url\":\"https:\\\/\\\/www.mines-stetienne.fr\\\/panoramines\\\/2018\\\/09\\\/03\\\/de-lingenieur-au-designer-focus-sur-deux-parcours-pluridisciplinaires\\\/\",\"name\":\"De l\u2019ing\u00e9nieur au designer : focus sur deux parcours pluridisciplinaires - Panoramines\",\"isPartOf\":{\"@id\":\"https:\\\/\\\/www.mines-stetienne.fr\\\/panoramines\\\/#website\"},\"primaryImageOfPage\":{\"@id\":\"https:\\\/\\\/www.mines-stetienne.fr\\\/panoramines\\\/2018\\\/09\\\/03\\\/de-lingenieur-au-designer-focus-sur-deux-parcours-pluridisciplinaires\\\/#primaryimage\"},\"image\":{\"@id\":\"https:\\\/\\\/www.mines-stetienne.fr\\\/panoramines\\\/2018\\\/09\\\/03\\\/de-lingenieur-au-designer-focus-sur-deux-parcours-pluridisciplinaires\\\/#primaryimage\"},\"thumbnailUrl\":\"https:\\\/\\\/www.mines-stetienne.fr\\\/panoramines\\\/wp-content\\\/uploads\\\/sites\\\/3\\\/2018\\\/08\\\/header_luminemW.jpg\",\"datePublished\":\"2018-09-03T15:28:42+00:00\",\"dateModified\":\"2024-03-07T15:44:42+00:00\",\"author\":{\"@id\":\"https:\\\/\\\/www.mines-stetienne.fr\\\/panoramines\\\/#\\\/schema\\\/person\\\/95e752e6dedac604ce4535123e0f8df7\"},\"breadcrumb\":{\"@id\":\"https:\\\/\\\/www.mines-stetienne.fr\\\/panoramines\\\/2018\\\/09\\\/03\\\/de-lingenieur-au-designer-focus-sur-deux-parcours-pluridisciplinaires\\\/#breadcrumb\"},\"inLanguage\":\"fr-FR\",\"potentialAction\":[{\"@type\":\"ReadAction\",\"target\":[\"https:\\\/\\\/www.mines-stetienne.fr\\\/panoramines\\\/2018\\\/09\\\/03\\\/de-lingenieur-au-designer-focus-sur-deux-parcours-pluridisciplinaires\\\/\"]}]},{\"@type\":\"ImageObject\",\"inLanguage\":\"fr-FR\",\"@id\":\"https:\\\/\\\/www.mines-stetienne.fr\\\/panoramines\\\/2018\\\/09\\\/03\\\/de-lingenieur-au-designer-focus-sur-deux-parcours-pluridisciplinaires\\\/#primaryimage\",\"url\":\"https:\\\/\\\/www.mines-stetienne.fr\\\/panoramines\\\/wp-content\\\/uploads\\\/sites\\\/3\\\/2018\\\/08\\\/header_luminemW.jpg\",\"contentUrl\":\"https:\\\/\\\/www.mines-stetienne.fr\\\/panoramines\\\/wp-content\\\/uploads\\\/sites\\\/3\\\/2018\\\/08\\\/header_luminemW.jpg\",\"width\":700,\"height\":285},{\"@type\":\"BreadcrumbList\",\"@id\":\"https:\\\/\\\/www.mines-stetienne.fr\\\/panoramines\\\/2018\\\/09\\\/03\\\/de-lingenieur-au-designer-focus-sur-deux-parcours-pluridisciplinaires\\\/#breadcrumb\",\"itemListElement\":[{\"@type\":\"ListItem\",\"position\":1,\"name\":\"Accueil\",\"item\":\"https:\\\/\\\/www.mines-stetienne.fr\\\/panoramines\\\/\"},{\"@type\":\"ListItem\",\"position\":2,\"name\":\"De l\u2019ing\u00e9nieur au designer : focus sur deux parcours pluridisciplinaires\"}]},{\"@type\":\"WebSite\",\"@id\":\"https:\\\/\\\/www.mines-stetienne.fr\\\/panoramines\\\/#website\",\"url\":\"https:\\\/\\\/www.mines-stetienne.fr\\\/panoramines\\\/\",\"name\":\"Panoramines\",\"description\":\"Panoramines, l\u2019actualit\u00e9 de MINES Saint-\u00c9tienne\",\"potentialAction\":[{\"@type\":\"SearchAction\",\"target\":{\"@type\":\"EntryPoint\",\"urlTemplate\":\"https:\\\/\\\/www.mines-stetienne.fr\\\/panoramines\\\/?s={search_term_string}\"},\"query-input\":{\"@type\":\"PropertyValueSpecification\",\"valueRequired\":true,\"valueName\":\"search_term_string\"}}],\"inLanguage\":\"fr-FR\"},{\"@type\":\"Person\",\"@id\":\"https:\\\/\\\/www.mines-stetienne.fr\\\/panoramines\\\/#\\\/schema\\\/person\\\/95e752e6dedac604ce4535123e0f8df7\",\"name\":\"Nathalie\",\"image\":{\"@type\":\"ImageObject\",\"inLanguage\":\"fr-FR\",\"@id\":\"https:\\\/\\\/www.mines-stetienne.fr\\\/panoramines\\\/wp-content\\\/uploads\\\/sites\\\/3\\\/2021\\\/07\\\/logo-75x75-1.png\",\"url\":\"https:\\\/\\\/www.mines-stetienne.fr\\\/panoramines\\\/wp-content\\\/uploads\\\/sites\\\/3\\\/2021\\\/07\\\/logo-75x75-1.png\",\"contentUrl\":\"https:\\\/\\\/www.mines-stetienne.fr\\\/panoramines\\\/wp-content\\\/uploads\\\/sites\\\/3\\\/2021\\\/07\\\/logo-75x75-1.png\",\"caption\":\"Nathalie\"},\"url\":\"https:\\\/\\\/www.mines-stetienne.fr\\\/panoramines\\\/author\\\/nathalie\\\/\"}]}<\/script>\n<!-- \/ Yoast SEO plugin. -->","yoast_head_json":{"title":"De l\u2019ing\u00e9nieur au designer : focus sur deux parcours pluridisciplinaires - Panoramines","robots":{"index":"index","follow":"follow","max-snippet":"max-snippet:-1","max-image-preview":"max-image-preview:large","max-video-preview":"max-video-preview:-1"},"canonical":"https:\/\/www.mines-stetienne.fr\/panoramines\/2018\/09\/03\/de-lingenieur-au-designer-focus-sur-deux-parcours-pluridisciplinaires\/","og_locale":"fr_FR","og_type":"article","og_title":"De l\u2019ing\u00e9nieur au designer : focus sur deux parcours pluridisciplinaires - Panoramines","og_description":"Dipl\u00f4m\u00e9 de Mines Saint-\u00c9tienne, Arthur Farre, ICM E08, est depuis novembre 2017 Directeur du Design et responsable du Design Studio de GA Smart Building, constructeur et promoteur immobilier, un groupe de 600 personnes. Son parcours pluridisciplinaire jalonn\u00e9 d\u2019exp\u00e9riences et de &hellip;","og_url":"https:\/\/www.mines-stetienne.fr\/panoramines\/2018\/09\/03\/de-lingenieur-au-designer-focus-sur-deux-parcours-pluridisciplinaires\/","og_site_name":"Panoramines","article_published_time":"2018-09-03T15:28:42+00:00","article_modified_time":"2024-03-07T15:44:42+00:00","og_image":[{"width":700,"height":285,"url":"https:\/\/www.mines-stetienne.fr\/panoramines\/wp-content\/uploads\/sites\/3\/2018\/08\/header_luminemW.jpg","type":"image\/jpeg"}],"author":"Nathalie","twitter_card":"summary_large_image","twitter_misc":{"\u00c9crit par":" Nathalie","Dur\u00e9e de lecture estim\u00e9e":"5 minutes"},"schema":{"@context":"https:\/\/schema.org","@graph":[{"@type":"Article","@id":"https:\/\/www.mines-stetienne.fr\/panoramines\/2018\/09\/03\/de-lingenieur-au-designer-focus-sur-deux-parcours-pluridisciplinaires\/#article","isPartOf":{"@id":"https:\/\/www.mines-stetienne.fr\/panoramines\/2018\/09\/03\/de-lingenieur-au-designer-focus-sur-deux-parcours-pluridisciplinaires\/"},"author":{"name":"Nathalie","@id":"https:\/\/www.mines-stetienne.fr\/panoramines\/#\/schema\/person\/95e752e6dedac604ce4535123e0f8df7"},"headline":"De l\u2019ing\u00e9nieur au designer : focus sur deux parcours pluridisciplinaires","datePublished":"2018-09-03T15:28:42+00:00","dateModified":"2024-03-07T15:44:42+00:00","mainEntityOfPage":{"@id":"https:\/\/www.mines-stetienne.fr\/panoramines\/2018\/09\/03\/de-lingenieur-au-designer-focus-sur-deux-parcours-pluridisciplinaires\/"},"wordCount":973,"image":{"@id":"https:\/\/www.mines-stetienne.fr\/panoramines\/2018\/09\/03\/de-lingenieur-au-designer-focus-sur-deux-parcours-pluridisciplinaires\/#primaryimage"},"thumbnailUrl":"https:\/\/www.mines-stetienne.fr\/panoramines\/wp-content\/uploads\/sites\/3\/2018\/08\/header_luminemW.jpg","keywords":["Design","Formation","ICM","Innovation","Master"],"articleSection":["Formation"],"inLanguage":"fr-FR"},{"@type":"WebPage","@id":"https:\/\/www.mines-stetienne.fr\/panoramines\/2018\/09\/03\/de-lingenieur-au-designer-focus-sur-deux-parcours-pluridisciplinaires\/","url":"https:\/\/www.mines-stetienne.fr\/panoramines\/2018\/09\/03\/de-lingenieur-au-designer-focus-sur-deux-parcours-pluridisciplinaires\/","name":"De l\u2019ing\u00e9nieur au designer : focus sur deux parcours pluridisciplinaires - Panoramines","isPartOf":{"@id":"https:\/\/www.mines-stetienne.fr\/panoramines\/#website"},"primaryImageOfPage":{"@id":"https:\/\/www.mines-stetienne.fr\/panoramines\/2018\/09\/03\/de-lingenieur-au-designer-focus-sur-deux-parcours-pluridisciplinaires\/#primaryimage"},"image":{"@id":"https:\/\/www.mines-stetienne.fr\/panoramines\/2018\/09\/03\/de-lingenieur-au-designer-focus-sur-deux-parcours-pluridisciplinaires\/#primaryimage"},"thumbnailUrl":"https:\/\/www.mines-stetienne.fr\/panoramines\/wp-content\/uploads\/sites\/3\/2018\/08\/header_luminemW.jpg","datePublished":"2018-09-03T15:28:42+00:00","dateModified":"2024-03-07T15:44:42+00:00","author":{"@id":"https:\/\/www.mines-stetienne.fr\/panoramines\/#\/schema\/person\/95e752e6dedac604ce4535123e0f8df7"},"breadcrumb":{"@id":"https:\/\/www.mines-stetienne.fr\/panoramines\/2018\/09\/03\/de-lingenieur-au-designer-focus-sur-deux-parcours-pluridisciplinaires\/#breadcrumb"},"inLanguage":"fr-FR","potentialAction":[{"@type":"ReadAction","target":["https:\/\/www.mines-stetienne.fr\/panoramines\/2018\/09\/03\/de-lingenieur-au-designer-focus-sur-deux-parcours-pluridisciplinaires\/"]}]},{"@type":"ImageObject","inLanguage":"fr-FR","@id":"https:\/\/www.mines-stetienne.fr\/panoramines\/2018\/09\/03\/de-lingenieur-au-designer-focus-sur-deux-parcours-pluridisciplinaires\/#primaryimage","url":"https:\/\/www.mines-stetienne.fr\/panoramines\/wp-content\/uploads\/sites\/3\/2018\/08\/header_luminemW.jpg","contentUrl":"https:\/\/www.mines-stetienne.fr\/panoramines\/wp-content\/uploads\/sites\/3\/2018\/08\/header_luminemW.jpg","width":700,"height":285},{"@type":"BreadcrumbList","@id":"https:\/\/www.mines-stetienne.fr\/panoramines\/2018\/09\/03\/de-lingenieur-au-designer-focus-sur-deux-parcours-pluridisciplinaires\/#breadcrumb","itemListElement":[{"@type":"ListItem","position":1,"name":"Accueil","item":"https:\/\/www.mines-stetienne.fr\/panoramines\/"},{"@type":"ListItem","position":2,"name":"De l\u2019ing\u00e9nieur au designer : focus sur deux parcours pluridisciplinaires"}]},{"@type":"WebSite","@id":"https:\/\/www.mines-stetienne.fr\/panoramines\/#website","url":"https:\/\/www.mines-stetienne.fr\/panoramines\/","name":"Panoramines","description":"Panoramines, l\u2019actualit\u00e9 de MINES Saint-\u00c9tienne","potentialAction":[{"@type":"SearchAction","target":{"@type":"EntryPoint","urlTemplate":"https:\/\/www.mines-stetienne.fr\/panoramines\/?s={search_term_string}"},"query-input":{"@type":"PropertyValueSpecification","valueRequired":true,"valueName":"search_term_string"}}],"inLanguage":"fr-FR"},{"@type":"Person","@id":"https:\/\/www.mines-stetienne.fr\/panoramines\/#\/schema\/person\/95e752e6dedac604ce4535123e0f8df7","name":"Nathalie","image":{"@type":"ImageObject","inLanguage":"fr-FR","@id":"https:\/\/www.mines-stetienne.fr\/panoramines\/wp-content\/uploads\/sites\/3\/2021\/07\/logo-75x75-1.png","url":"https:\/\/www.mines-stetienne.fr\/panoramines\/wp-content\/uploads\/sites\/3\/2021\/07\/logo-75x75-1.png","contentUrl":"https:\/\/www.mines-stetienne.fr\/panoramines\/wp-content\/uploads\/sites\/3\/2021\/07\/logo-75x75-1.png","caption":"Nathalie"},"url":"https:\/\/www.mines-stetienne.fr\/panoramines\/author\/nathalie\/"}]}},"_links":{"self":[{"href":"https:\/\/www.mines-stetienne.fr\/panoramines\/wp-json\/wp\/v2\/posts\/13826","targetHints":{"allow":["GET"]}}],"collection":[{"href":"https:\/\/www.mines-stetienne.fr\/panoramines\/wp-json\/wp\/v2\/posts"}],"about":[{"href":"https:\/\/www.mines-stetienne.fr\/panoramines\/wp-json\/wp\/v2\/types\/post"}],"author":[{"embeddable":true,"href":"https:\/\/www.mines-stetienne.fr\/panoramines\/wp-json\/wp\/v2\/users\/3"}],"replies":[{"embeddable":true,"href":"https:\/\/www.mines-stetienne.fr\/panoramines\/wp-json\/wp\/v2\/comments?post=13826"}],"version-history":[{"count":19,"href":"https:\/\/www.mines-stetienne.fr\/panoramines\/wp-json\/wp\/v2\/posts\/13826\/revisions"}],"predecessor-version":[{"id":13984,"href":"https:\/\/www.mines-stetienne.fr\/panoramines\/wp-json\/wp\/v2\/posts\/13826\/revisions\/13984"}],"wp:featuredmedia":[{"embeddable":true,"href":"https:\/\/www.mines-stetienne.fr\/panoramines\/wp-json\/wp\/v2\/media\/13981"}],"wp:attachment":[{"href":"https:\/\/www.mines-stetienne.fr\/panoramines\/wp-json\/wp\/v2\/media?parent=13826"}],"wp:term":[{"taxonomy":"category","embeddable":true,"href":"https:\/\/www.mines-stetienne.fr\/panoramines\/wp-json\/wp\/v2\/categories?post=13826"},{"taxonomy":"post_tag","embeddable":true,"href":"https:\/\/www.mines-stetienne.fr\/panoramines\/wp-json\/wp\/v2\/tags?post=13826"}],"curies":[{"name":"wp","href":"https:\/\/api.w.org\/{rel}","templated":true}]}}