{"id":13134,"date":"2018-06-01T16:54:54","date_gmt":"2018-06-01T14:54:54","guid":{"rendered":"https:\/\/www.mines-stetienne.fr\/panoramines\/?p=13134"},"modified":"2024-03-07T17:01:22","modified_gmt":"2024-03-07T16:01:22","slug":"fuite-cerveaux-retour-france","status":"publish","type":"post","link":"https:\/\/www.mines-stetienne.fr\/panoramines\/2018\/06\/01\/fuite-cerveaux-retour-france\/","title":{"rendered":"Fuite des cerveaux : pourquoi certains choisissent de revenir en France ?"},"content":{"rendered":"<p>Selon le minist\u00e8re des Affaires Etrang\u00e8res, 1,82 million de Fran\u00e7ais travaillent hors de France au dernier pointage du 31 d\u00e9cembre 2017. Parmi tous ces expatri\u00e9s qui choisissent, pour diff\u00e9rentes raisons, de s\u2019installer dans d\u2019autres pays, certains sont des chercheurs, scientifiques, ing\u00e9nieurs, informaticiens, etc. Des profils dont les entreprises fran\u00e7aises ont clairement besoin pour se renforcer. Heureusement, au moment o\u00f9 d\u2019autres prennent leur d\u00e9part vers des destinations tr\u00e8s attractives comme la Silicon Valley, d\u2019autres choisissent de revenir au bercail. D\u00e9couvrons pourquoi\u00a0!<\/p>\n<h2>Un \u00e9cosyst\u00e8me attractif et une bonne qualit\u00e9 de vie<\/h2>\n<p>Apr\u00e8s plusieurs ann\u00e9es d\u2019expatriation, le retour en France est souvent l\u2019occasion, pour les profils qui reviennent, de faire valoir leur exp\u00e9rience acquise \u00e0 l\u2019\u00e9tranger et d\u2019apporter de nouvelles id\u00e9es et concepts \u00e0 ex\u00e9cuter en France. Si certains choisissent de cr\u00e9er leur propre entreprise, d\u2019autres pr\u00e9f\u00e8rent rejoindre une structure existante. Les aides \u00e0 la cr\u00e9ation d\u2019entreprise et le soutien apport\u00e9 aux porteurs de projets (incubateurs, p\u00f4les de comp\u00e9titivit\u00e9, open innovation\u2026) sont parmi les raisons qui convainquent les Fran\u00e7ais expatri\u00e9s de revenir au pays. Dans ce sens, le projet de loi PACTE, attendu au Conseil des Ministres en juin prochain, comportera plusieurs mesures qui visent \u00e0 faciliter les d\u00e9marches relatives aux cr\u00e9ations d&rsquo;entreprises. Ce qui devra encourager davantage de Fran\u00e7ais expatri\u00e9s d\u2019investir dans leur pays d\u2019origine.<\/p>\n<p>Par ailleurs, le style de vie \u00ab\u00a0\u00e0 la fran\u00e7aise\u00a0\u00bb manque aux Fran\u00e7ais expatri\u00e9s. Les nombreuses ann\u00e9es pass\u00e9es loin du pays, souvent dans un contexte totalement diff\u00e9rent sur les plans culturel, linguistique, environnemental, etc., incitent de nombreux Fran\u00e7ais \u00e0 rentrer au pays pour retrouver le rythme de vie qu\u2019ils ont toujours connu et auquel ils sont le mieux adapt\u00e9s. La France ne manque d\u2019ailleurs pas d\u2019atouts pour s\u00e9duire, et est m\u00eame parmi les meilleurs pays en termes de qualit\u00e9 de vie, d\u2019offre culturelle et gastronomique, de biodiversit\u00e9 et de paysages, d\u2019infrastructures, etc.<\/p>\n<h2>Faire face \u00e0 la fuite des cerveaux<\/h2>\n<p>C\u00e9dric Villani, d\u00e9put\u00e9 en charge de la mission sur l&rsquo;IA, a avou\u00e9 que \u00ab\u00a0l&rsquo;une des parties les plus douloureuses qu&rsquo;il a fallu regarder en face\u00a0\u00bb, lors de la r\u00e9daction du rapport sur l&rsquo;IA, a \u00e9t\u00e9 le ph\u00e9nom\u00e8ne de la fuite <a href=\"https:\/\/www.mines-stetienne.fr\/entreprise\/recrutez-des-talents\/\">des talents<\/a> fran\u00e7ais vers l&rsquo;\u00e9tranger. Et d\u2019expliquer qu\u2019il s\u2019agit d\u2019une question \u00e0 laquelle a \u00e9t\u00e9 consacr\u00e9 un large volet sur l&rsquo;am\u00e9lioration des conditions de travail des cerveaux fran\u00e7ais au sein des laboratoires. Pour faire face \u00e0 cette fuite des cerveaux, le rapport pr\u00e9conise ainsi de revaloriser les carri\u00e8res des chercheurs, notamment en doublant le salaire en d\u00e9but de carri\u00e8re.<\/p>\n<p>Mais pour le math\u00e9maticien, la fuite des experts fran\u00e7ais en IA ne s&rsquo;explique pas seulement par les salaires attractifs, mais \u00e9galement par les conditions de travail meilleures que celles propos\u00e9es par <a href=\"https:\/\/www.mines-stetienne.fr\/recherche\/structures-scientifiques\/les-laboratoires-de-recherche\/\">les laboratoires<\/a> fran\u00e7ais en mati\u00e8re de d\u00e9marches administratives, de recrutement, d\u2019achat de mat\u00e9riel, etc. Alors que le pr\u00e9sident Emmanuel Macron veut faire de la France une championne de l&rsquo;IA, Villani a r\u00e9v\u00e9l\u00e9 que la strat\u00e9gie du pays en la mati\u00e8re se focalisera sur quatre secteurs \u00e9conomiques prioritaires: la sant\u00e9, les transports, la d\u00e9fense et l&rsquo;environnement.<\/p>\n","protected":false},"excerpt":{"rendered":"<p>Selon le minist\u00e8re des Affaires Etrang\u00e8res, 1,82 million de Fran\u00e7ais travaillent hors de France au dernier pointage du 31 d\u00e9cembre 2017. Parmi tous ces expatri\u00e9s qui choisissent, pour diff\u00e9rentes raisons, de s\u2019installer dans d\u2019autres pays, certains sont des chercheurs, scientifiques, &hellip;<\/p>\n","protected":false},"author":37,"featured_media":13136,"comment_status":"closed","ping_status":"open","sticky":false,"template":"","format":"standard","meta":{"_relevanssi_hide_post":"","_relevanssi_hide_content":"","_relevanssi_pin_for_all":"","_relevanssi_pin_keywords":"","_relevanssi_unpin_keywords":"","_relevanssi_related_keywords":"","_relevanssi_related_include_ids":"","_relevanssi_related_exclude_ids":"","_relevanssi_related_no_append":"","_relevanssi_related_not_related":"","_relevanssi_related_posts":"","_relevanssi_noindex_reason":"","footnotes":""},"categories":[1018],"tags":[],"class_list":["post-13134","post","type-post","status-publish","format-standard","has-post-thumbnail","hentry","category-international"],"pp_statuses_selecting_workflow":false,"pp_workflow_action":"current","pp_status_selection":"publish","pp_force_visibility":null,"pp_subpost_visibility":null,"pp_inherited_force_visibility":null,"pp_inherited_subpost_visibility":null,"yoast_head":"<!-- This site is optimized with the Yoast SEO plugin v27.5 - https:\/\/yoast.com\/product\/yoast-seo-wordpress\/ -->\n<title>Fuite des cerveaux : pourquoi reviennent-ils en France ?<\/title>\n<meta name=\"description\" content=\"Alors que certains fran\u00e7ais prennent leur d\u00e9part vers des destinations tr\u00e8s attractives comme la Silicon Valley, d\u2019autres choisissent de revenir au bercail. Pourquoi ?\" \/>\n<meta name=\"robots\" content=\"index, follow, max-snippet:-1, max-image-preview:large, max-video-preview:-1\" \/>\n<link rel=\"canonical\" href=\"https:\/\/www.mines-stetienne.fr\/panoramines\/2018\/06\/01\/fuite-cerveaux-retour-france\/\" \/>\n<meta property=\"og:locale\" content=\"fr_FR\" \/>\n<meta property=\"og:type\" content=\"article\" \/>\n<meta property=\"og:title\" content=\"Fuite des cerveaux : pourquoi reviennent-ils en France ?\" \/>\n<meta property=\"og:description\" content=\"Alors que certains fran\u00e7ais prennent leur d\u00e9part vers des destinations tr\u00e8s attractives comme la Silicon Valley, d\u2019autres choisissent de revenir au bercail. Pourquoi ?\" \/>\n<meta property=\"og:url\" content=\"https:\/\/www.mines-stetienne.fr\/panoramines\/2018\/06\/01\/fuite-cerveaux-retour-france\/\" \/>\n<meta property=\"og:site_name\" content=\"Panoramines\" \/>\n<meta property=\"article:published_time\" content=\"2018-06-01T14:54:54+00:00\" \/>\n<meta property=\"article:modified_time\" content=\"2024-03-07T16:01:22+00:00\" \/>\n<meta property=\"og:image\" content=\"https:\/\/www.mines-stetienne.fr\/panoramines\/wp-content\/uploads\/sites\/3\/2018\/06\/Article-Mines-St-Etienne.jpg\" \/>\n\t<meta property=\"og:image:width\" content=\"700\" \/>\n\t<meta property=\"og:image:height\" content=\"388\" \/>\n\t<meta property=\"og:image:type\" content=\"image\/jpeg\" \/>\n<meta name=\"author\" content=\"ALGUACIL Thomas\" \/>\n<meta name=\"twitter:card\" content=\"summary_large_image\" \/>\n<meta name=\"twitter:label1\" content=\"\u00c9crit par\" \/>\n\t<meta name=\"twitter:data1\" content=\"ALGUACIL Thomas\" \/>\n\t<meta name=\"twitter:label2\" content=\"Dur\u00e9e de lecture estim\u00e9e\" \/>\n\t<meta name=\"twitter:data2\" content=\"3 minutes\" \/>\n<script type=\"application\/ld+json\" class=\"yoast-schema-graph\">{\"@context\":\"https:\\\/\\\/schema.org\",\"@graph\":[{\"@type\":\"Article\",\"@id\":\"https:\\\/\\\/www.mines-stetienne.fr\\\/panoramines\\\/2018\\\/06\\\/01\\\/fuite-cerveaux-retour-france\\\/#article\",\"isPartOf\":{\"@id\":\"https:\\\/\\\/www.mines-stetienne.fr\\\/panoramines\\\/2018\\\/06\\\/01\\\/fuite-cerveaux-retour-france\\\/\"},\"author\":{\"name\":\"ALGUACIL Thomas\",\"@id\":\"https:\\\/\\\/www.mines-stetienne.fr\\\/panoramines\\\/#\\\/schema\\\/person\\\/9d361c2f6ebd0a60783070a78b5cfa2e\"},\"headline\":\"Fuite des cerveaux : pourquoi certains choisissent de revenir en France ?\",\"datePublished\":\"2018-06-01T14:54:54+00:00\",\"dateModified\":\"2024-03-07T16:01:22+00:00\",\"mainEntityOfPage\":{\"@id\":\"https:\\\/\\\/www.mines-stetienne.fr\\\/panoramines\\\/2018\\\/06\\\/01\\\/fuite-cerveaux-retour-france\\\/\"},\"wordCount\":581,\"image\":{\"@id\":\"https:\\\/\\\/www.mines-stetienne.fr\\\/panoramines\\\/2018\\\/06\\\/01\\\/fuite-cerveaux-retour-france\\\/#primaryimage\"},\"thumbnailUrl\":\"https:\\\/\\\/www.mines-stetienne.fr\\\/panoramines\\\/wp-content\\\/uploads\\\/sites\\\/3\\\/2018\\\/06\\\/Article-Mines-St-Etienne.jpg\",\"articleSection\":[\"International\"],\"inLanguage\":\"fr-FR\"},{\"@type\":\"WebPage\",\"@id\":\"https:\\\/\\\/www.mines-stetienne.fr\\\/panoramines\\\/2018\\\/06\\\/01\\\/fuite-cerveaux-retour-france\\\/\",\"url\":\"https:\\\/\\\/www.mines-stetienne.fr\\\/panoramines\\\/2018\\\/06\\\/01\\\/fuite-cerveaux-retour-france\\\/\",\"name\":\"Fuite des cerveaux : pourquoi reviennent-ils en France ?\",\"isPartOf\":{\"@id\":\"https:\\\/\\\/www.mines-stetienne.fr\\\/panoramines\\\/#website\"},\"primaryImageOfPage\":{\"@id\":\"https:\\\/\\\/www.mines-stetienne.fr\\\/panoramines\\\/2018\\\/06\\\/01\\\/fuite-cerveaux-retour-france\\\/#primaryimage\"},\"image\":{\"@id\":\"https:\\\/\\\/www.mines-stetienne.fr\\\/panoramines\\\/2018\\\/06\\\/01\\\/fuite-cerveaux-retour-france\\\/#primaryimage\"},\"thumbnailUrl\":\"https:\\\/\\\/www.mines-stetienne.fr\\\/panoramines\\\/wp-content\\\/uploads\\\/sites\\\/3\\\/2018\\\/06\\\/Article-Mines-St-Etienne.jpg\",\"datePublished\":\"2018-06-01T14:54:54+00:00\",\"dateModified\":\"2024-03-07T16:01:22+00:00\",\"author\":{\"@id\":\"https:\\\/\\\/www.mines-stetienne.fr\\\/panoramines\\\/#\\\/schema\\\/person\\\/9d361c2f6ebd0a60783070a78b5cfa2e\"},\"description\":\"Alors que certains fran\u00e7ais prennent leur d\u00e9part vers des destinations tr\u00e8s attractives comme la Silicon Valley, d\u2019autres choisissent de revenir au bercail. Pourquoi ?\",\"breadcrumb\":{\"@id\":\"https:\\\/\\\/www.mines-stetienne.fr\\\/panoramines\\\/2018\\\/06\\\/01\\\/fuite-cerveaux-retour-france\\\/#breadcrumb\"},\"inLanguage\":\"fr-FR\",\"potentialAction\":[{\"@type\":\"ReadAction\",\"target\":[\"https:\\\/\\\/www.mines-stetienne.fr\\\/panoramines\\\/2018\\\/06\\\/01\\\/fuite-cerveaux-retour-france\\\/\"]}]},{\"@type\":\"ImageObject\",\"inLanguage\":\"fr-FR\",\"@id\":\"https:\\\/\\\/www.mines-stetienne.fr\\\/panoramines\\\/2018\\\/06\\\/01\\\/fuite-cerveaux-retour-france\\\/#primaryimage\",\"url\":\"https:\\\/\\\/www.mines-stetienne.fr\\\/panoramines\\\/wp-content\\\/uploads\\\/sites\\\/3\\\/2018\\\/06\\\/Article-Mines-St-Etienne.jpg\",\"contentUrl\":\"https:\\\/\\\/www.mines-stetienne.fr\\\/panoramines\\\/wp-content\\\/uploads\\\/sites\\\/3\\\/2018\\\/06\\\/Article-Mines-St-Etienne.jpg\",\"width\":700,\"height\":388,\"caption\":\"Fuite des cerveaux\"},{\"@type\":\"BreadcrumbList\",\"@id\":\"https:\\\/\\\/www.mines-stetienne.fr\\\/panoramines\\\/2018\\\/06\\\/01\\\/fuite-cerveaux-retour-france\\\/#breadcrumb\",\"itemListElement\":[{\"@type\":\"ListItem\",\"position\":1,\"name\":\"Accueil\",\"item\":\"https:\\\/\\\/www.mines-stetienne.fr\\\/panoramines\\\/\"},{\"@type\":\"ListItem\",\"position\":2,\"name\":\"Fuite des cerveaux : pourquoi certains choisissent de revenir en France ?\"}]},{\"@type\":\"WebSite\",\"@id\":\"https:\\\/\\\/www.mines-stetienne.fr\\\/panoramines\\\/#website\",\"url\":\"https:\\\/\\\/www.mines-stetienne.fr\\\/panoramines\\\/\",\"name\":\"Panoramines\",\"description\":\"Panoramines, l\u2019actualit\u00e9 de MINES Saint-\u00c9tienne\",\"potentialAction\":[{\"@type\":\"SearchAction\",\"target\":{\"@type\":\"EntryPoint\",\"urlTemplate\":\"https:\\\/\\\/www.mines-stetienne.fr\\\/panoramines\\\/?s={search_term_string}\"},\"query-input\":{\"@type\":\"PropertyValueSpecification\",\"valueRequired\":true,\"valueName\":\"search_term_string\"}}],\"inLanguage\":\"fr-FR\"},{\"@type\":\"Person\",\"@id\":\"https:\\\/\\\/www.mines-stetienne.fr\\\/panoramines\\\/#\\\/schema\\\/person\\\/9d361c2f6ebd0a60783070a78b5cfa2e\",\"name\":\"ALGUACIL Thomas\",\"image\":{\"@type\":\"ImageObject\",\"inLanguage\":\"fr-FR\",\"@id\":\"https:\\\/\\\/www.mines-stetienne.fr\\\/panoramines\\\/wp-content\\\/uploads\\\/sites\\\/3\\\/2021\\\/07\\\/logo-75x75-1.png\",\"url\":\"https:\\\/\\\/www.mines-stetienne.fr\\\/panoramines\\\/wp-content\\\/uploads\\\/sites\\\/3\\\/2021\\\/07\\\/logo-75x75-1.png\",\"contentUrl\":\"https:\\\/\\\/www.mines-stetienne.fr\\\/panoramines\\\/wp-content\\\/uploads\\\/sites\\\/3\\\/2021\\\/07\\\/logo-75x75-1.png\",\"caption\":\"ALGUACIL Thomas\"},\"url\":\"https:\\\/\\\/www.mines-stetienne.fr\\\/panoramines\\\/author\\\/alguacil\\\/\"}]}<\/script>\n<!-- \/ Yoast SEO plugin. -->","yoast_head_json":{"title":"Fuite des cerveaux : pourquoi reviennent-ils en France ?","description":"Alors que certains fran\u00e7ais prennent leur d\u00e9part vers des destinations tr\u00e8s attractives comme la Silicon Valley, d\u2019autres choisissent de revenir au bercail. Pourquoi ?","robots":{"index":"index","follow":"follow","max-snippet":"max-snippet:-1","max-image-preview":"max-image-preview:large","max-video-preview":"max-video-preview:-1"},"canonical":"https:\/\/www.mines-stetienne.fr\/panoramines\/2018\/06\/01\/fuite-cerveaux-retour-france\/","og_locale":"fr_FR","og_type":"article","og_title":"Fuite des cerveaux : pourquoi reviennent-ils en France ?","og_description":"Alors que certains fran\u00e7ais prennent leur d\u00e9part vers des destinations tr\u00e8s attractives comme la Silicon Valley, d\u2019autres choisissent de revenir au bercail. Pourquoi ?","og_url":"https:\/\/www.mines-stetienne.fr\/panoramines\/2018\/06\/01\/fuite-cerveaux-retour-france\/","og_site_name":"Panoramines","article_published_time":"2018-06-01T14:54:54+00:00","article_modified_time":"2024-03-07T16:01:22+00:00","og_image":[{"width":700,"height":388,"url":"https:\/\/www.mines-stetienne.fr\/panoramines\/wp-content\/uploads\/sites\/3\/2018\/06\/Article-Mines-St-Etienne.jpg","type":"image\/jpeg"}],"author":"ALGUACIL Thomas","twitter_card":"summary_large_image","twitter_misc":{"\u00c9crit par":"ALGUACIL Thomas","Dur\u00e9e de lecture estim\u00e9e":"3 minutes"},"schema":{"@context":"https:\/\/schema.org","@graph":[{"@type":"Article","@id":"https:\/\/www.mines-stetienne.fr\/panoramines\/2018\/06\/01\/fuite-cerveaux-retour-france\/#article","isPartOf":{"@id":"https:\/\/www.mines-stetienne.fr\/panoramines\/2018\/06\/01\/fuite-cerveaux-retour-france\/"},"author":{"name":"ALGUACIL Thomas","@id":"https:\/\/www.mines-stetienne.fr\/panoramines\/#\/schema\/person\/9d361c2f6ebd0a60783070a78b5cfa2e"},"headline":"Fuite des cerveaux : pourquoi certains choisissent de revenir en France ?","datePublished":"2018-06-01T14:54:54+00:00","dateModified":"2024-03-07T16:01:22+00:00","mainEntityOfPage":{"@id":"https:\/\/www.mines-stetienne.fr\/panoramines\/2018\/06\/01\/fuite-cerveaux-retour-france\/"},"wordCount":581,"image":{"@id":"https:\/\/www.mines-stetienne.fr\/panoramines\/2018\/06\/01\/fuite-cerveaux-retour-france\/#primaryimage"},"thumbnailUrl":"https:\/\/www.mines-stetienne.fr\/panoramines\/wp-content\/uploads\/sites\/3\/2018\/06\/Article-Mines-St-Etienne.jpg","articleSection":["International"],"inLanguage":"fr-FR"},{"@type":"WebPage","@id":"https:\/\/www.mines-stetienne.fr\/panoramines\/2018\/06\/01\/fuite-cerveaux-retour-france\/","url":"https:\/\/www.mines-stetienne.fr\/panoramines\/2018\/06\/01\/fuite-cerveaux-retour-france\/","name":"Fuite des cerveaux : pourquoi reviennent-ils en France ?","isPartOf":{"@id":"https:\/\/www.mines-stetienne.fr\/panoramines\/#website"},"primaryImageOfPage":{"@id":"https:\/\/www.mines-stetienne.fr\/panoramines\/2018\/06\/01\/fuite-cerveaux-retour-france\/#primaryimage"},"image":{"@id":"https:\/\/www.mines-stetienne.fr\/panoramines\/2018\/06\/01\/fuite-cerveaux-retour-france\/#primaryimage"},"thumbnailUrl":"https:\/\/www.mines-stetienne.fr\/panoramines\/wp-content\/uploads\/sites\/3\/2018\/06\/Article-Mines-St-Etienne.jpg","datePublished":"2018-06-01T14:54:54+00:00","dateModified":"2024-03-07T16:01:22+00:00","author":{"@id":"https:\/\/www.mines-stetienne.fr\/panoramines\/#\/schema\/person\/9d361c2f6ebd0a60783070a78b5cfa2e"},"description":"Alors que certains fran\u00e7ais prennent leur d\u00e9part vers des destinations tr\u00e8s attractives comme la Silicon Valley, d\u2019autres choisissent de revenir au bercail. Pourquoi ?","breadcrumb":{"@id":"https:\/\/www.mines-stetienne.fr\/panoramines\/2018\/06\/01\/fuite-cerveaux-retour-france\/#breadcrumb"},"inLanguage":"fr-FR","potentialAction":[{"@type":"ReadAction","target":["https:\/\/www.mines-stetienne.fr\/panoramines\/2018\/06\/01\/fuite-cerveaux-retour-france\/"]}]},{"@type":"ImageObject","inLanguage":"fr-FR","@id":"https:\/\/www.mines-stetienne.fr\/panoramines\/2018\/06\/01\/fuite-cerveaux-retour-france\/#primaryimage","url":"https:\/\/www.mines-stetienne.fr\/panoramines\/wp-content\/uploads\/sites\/3\/2018\/06\/Article-Mines-St-Etienne.jpg","contentUrl":"https:\/\/www.mines-stetienne.fr\/panoramines\/wp-content\/uploads\/sites\/3\/2018\/06\/Article-Mines-St-Etienne.jpg","width":700,"height":388,"caption":"Fuite des cerveaux"},{"@type":"BreadcrumbList","@id":"https:\/\/www.mines-stetienne.fr\/panoramines\/2018\/06\/01\/fuite-cerveaux-retour-france\/#breadcrumb","itemListElement":[{"@type":"ListItem","position":1,"name":"Accueil","item":"https:\/\/www.mines-stetienne.fr\/panoramines\/"},{"@type":"ListItem","position":2,"name":"Fuite des cerveaux : pourquoi certains choisissent de revenir en France ?"}]},{"@type":"WebSite","@id":"https:\/\/www.mines-stetienne.fr\/panoramines\/#website","url":"https:\/\/www.mines-stetienne.fr\/panoramines\/","name":"Panoramines","description":"Panoramines, l\u2019actualit\u00e9 de MINES Saint-\u00c9tienne","potentialAction":[{"@type":"SearchAction","target":{"@type":"EntryPoint","urlTemplate":"https:\/\/www.mines-stetienne.fr\/panoramines\/?s={search_term_string}"},"query-input":{"@type":"PropertyValueSpecification","valueRequired":true,"valueName":"search_term_string"}}],"inLanguage":"fr-FR"},{"@type":"Person","@id":"https:\/\/www.mines-stetienne.fr\/panoramines\/#\/schema\/person\/9d361c2f6ebd0a60783070a78b5cfa2e","name":"ALGUACIL Thomas","image":{"@type":"ImageObject","inLanguage":"fr-FR","@id":"https:\/\/www.mines-stetienne.fr\/panoramines\/wp-content\/uploads\/sites\/3\/2021\/07\/logo-75x75-1.png","url":"https:\/\/www.mines-stetienne.fr\/panoramines\/wp-content\/uploads\/sites\/3\/2021\/07\/logo-75x75-1.png","contentUrl":"https:\/\/www.mines-stetienne.fr\/panoramines\/wp-content\/uploads\/sites\/3\/2021\/07\/logo-75x75-1.png","caption":"ALGUACIL Thomas"},"url":"https:\/\/www.mines-stetienne.fr\/panoramines\/author\/alguacil\/"}]}},"_links":{"self":[{"href":"https:\/\/www.mines-stetienne.fr\/panoramines\/wp-json\/wp\/v2\/posts\/13134","targetHints":{"allow":["GET"]}}],"collection":[{"href":"https:\/\/www.mines-stetienne.fr\/panoramines\/wp-json\/wp\/v2\/posts"}],"about":[{"href":"https:\/\/www.mines-stetienne.fr\/panoramines\/wp-json\/wp\/v2\/types\/post"}],"author":[{"embeddable":true,"href":"https:\/\/www.mines-stetienne.fr\/panoramines\/wp-json\/wp\/v2\/users\/37"}],"replies":[{"embeddable":true,"href":"https:\/\/www.mines-stetienne.fr\/panoramines\/wp-json\/wp\/v2\/comments?post=13134"}],"version-history":[{"count":1,"href":"https:\/\/www.mines-stetienne.fr\/panoramines\/wp-json\/wp\/v2\/posts\/13134\/revisions"}],"predecessor-version":[{"id":13135,"href":"https:\/\/www.mines-stetienne.fr\/panoramines\/wp-json\/wp\/v2\/posts\/13134\/revisions\/13135"}],"wp:featuredmedia":[{"embeddable":true,"href":"https:\/\/www.mines-stetienne.fr\/panoramines\/wp-json\/wp\/v2\/media\/13136"}],"wp:attachment":[{"href":"https:\/\/www.mines-stetienne.fr\/panoramines\/wp-json\/wp\/v2\/media?parent=13134"}],"wp:term":[{"taxonomy":"category","embeddable":true,"href":"https:\/\/www.mines-stetienne.fr\/panoramines\/wp-json\/wp\/v2\/categories?post=13134"},{"taxonomy":"post_tag","embeddable":true,"href":"https:\/\/www.mines-stetienne.fr\/panoramines\/wp-json\/wp\/v2\/tags?post=13134"}],"curies":[{"name":"wp","href":"https:\/\/api.w.org\/{rel}","templated":true}]}}