{"id":12985,"date":"2018-05-22T19:57:12","date_gmt":"2018-05-22T17:57:12","guid":{"rendered":"https:\/\/www.mines-stetienne.fr\/panoramines\/?p=12985"},"modified":"2018-05-25T08:55:53","modified_gmt":"2018-05-25T06:55:53","slug":"temps-forts-de-nos-eleves-ingenieurs","status":"publish","type":"post","link":"https:\/\/www.mines-stetienne.fr\/panoramines\/2018\/05\/22\/temps-forts-de-nos-eleves-ingenieurs\/","title":{"rendered":"Temps forts de nos \u00e9l\u00e8ves-ing\u00e9nieurs"},"content":{"rendered":"<h4>Participation de l&rsquo;association de robotique et d&rsquo;\u00e9lectronique ISMIN \u00e0 la coupe de France de Robotique.<br \/>\nUne 4e place au Cartel des mines 2018 pour la d\u00e9l\u00e9gation \u00e9tudiante de Mines Saint-\u00c9tienne.<br \/>\n\u00ab\u00a0La science sous pression\u00a0\u00bb : soir\u00e9e \u00e9v\u00e9nementielle des \u00e9l\u00e8ves ISMIN le 31 mai sur le Campus GC Provence.<\/h4>\n<hr \/>\n<h4><span style=\"color: #800080\">Belle participation de l&rsquo;\u00e9quipe AREM \u00e0 la coupe de France 2018 de Robotique<\/span><\/h4>\n<p>Les \u00e9l\u00e8ves ISMIN membres de <a href=\"https:\/\/myismin.emse.fr\/asso\/AREM\" target=\"_blank\" rel=\"noopener\">AREM,<\/a> association de robotique et d&rsquo;\u00e9lectronique des Mines, ont con\u00e7u cette ann\u00e9e deux robots dans le but de concourir \u00e0 la <a href=\"https:\/\/www.coupederobotique.fr\/\">Coupe de France de Robotique<\/a> qui se d\u00e9roulait du 9 mai au 12 mai \u00e0 la Roche-sur-Yon.<br \/>\nL&rsquo;\u00e9quipe s&rsquo;est class\u00e9e \u00e0 la 70e place de la comp\u00e9tition (sur pr\u00e8s de 200 \u00e9quipes pr\u00e9sentes). Ce bon classement pour une premi\u00e8re participation augure de tr\u00e8s bonnes choses pour la suite des activit\u00e9s de l&rsquo;association et les prochaines comp\u00e9titions.<br \/>\nContact : <strong>Jimmy Maingam<\/strong>, \u00e9l\u00e8ve ing\u00e9nieur ISMIN et pr\u00e9sident de l&rsquo;association AREM<\/p>\n<hr \/>\n<h4><span style=\"color: #800080\">Une 4e place au Cartel des mines 2018 pour la d\u00e9l\u00e9gation Mines Saint-\u00c9tienne !<\/span><\/h4>\n<p>Une d\u00e9l\u00e9gation \u00e9tudiante de Mines Saint-\u00c9tienne \u00e9tait bien entendu pr\u00e9sente au <a href=\"https:\/\/www.facebook.com\/Cartel2018\/posts\/2025090377520833\">Cartel des Mines 2018 qui s&rsquo;est d\u00e9roul\u00e9 cette ann\u00e9e \u00e0 Douai<\/a> du 3 au 6 mai : <strong>Pr\u00e8s de 180 \u00e9l\u00e8ves ing\u00e9nieurs ICM et ISMIN<\/strong> ont particip\u00e9 aux nombreuses \u00e9preuves sportives propos\u00e9es et se sont hiss\u00e9s <strong>\u00e0 la 4e place au pied du podium<\/strong>, avec de belles performances individuelles et collectives (Football, Hand,\u00a0Basket, Rugby, Volley,\u00a0Relais athl\u00e9tisme, relais\u00a0natation, cross, ergom\u00e8tre,\u00a0pompom, concours de DJ).<br \/>\nF\u00e9licitations \u00e0 tous les \u00e9l\u00e8ves et rendez-vous \u00e0 Albi en 2019 pour la 46e \u00e9dition du Cartel.<\/p>\n<hr \/>\n<h4><span style=\"color: #800080\">\u00ab\u00a0La science sous pression\u00a0\u00bb sur le Campus GC Provence !<\/span><\/h4>\n<p>L\u2019association de vulgarisation scientifique, <a href=\"http:\/\/illu-mines.emse.fr\/\" target=\"_blank\" rel=\"noopener\">Illumines<\/a>, et l\u2019association de robotique, <a href=\"https:\/\/myismin.emse.fr\/asso\/AREM\" target=\"_blank\" rel=\"noopener\">AREM<\/a>, vous convient \u00e0 une soir\u00e9e \u00e9v\u00e9nement \u00ab\u00a0La Science sous pression\u00a0\u00bb le <strong>jeudi 31 mai \u00e0 partir de 17h30<\/strong> \u00e0 la Maison des \u00e9l\u00e8ves du campus. Cet \u00e9v\u00e8nement, libre et gratuit pour toutes et tous, permet au petit et au grand public qui s\u2019int\u00e9ressent \u00e0 la science, de d\u00e9couvrir <strong>sous forme d\u2019ateliers p\u00e9dagogiques<\/strong> quelques projets des associations de l\u2019\u00c9cole.<br \/>\nAu programme en particulier, l\u2019\u00e9volution des moyens de communication au cours du temps et la pr\u00e9sentation des robots qui ont particip\u00e9 \u00e0 la Coupe de France de Robotique.<\/p>\n<hr \/>\n<p>&nbsp;<\/p>\n","protected":false},"excerpt":{"rendered":"<p>Participation de l&rsquo;association de robotique et d&rsquo;\u00e9lectronique ISMIN \u00e0 la coupe de France de Robotique. Une 4e place au Cartel des mines 2018 pour la d\u00e9l\u00e9gation \u00e9tudiante de Mines Saint-\u00c9tienne. \u00ab\u00a0La science sous pression\u00a0\u00bb : soir\u00e9e \u00e9v\u00e9nementielle des \u00e9l\u00e8ves ISMIN &hellip;<\/p>\n","protected":false},"author":3,"featured_media":12998,"comment_status":"closed","ping_status":"open","sticky":false,"template":"","format":"standard","meta":{"_relevanssi_hide_post":"","_relevanssi_hide_content":"","_relevanssi_pin_for_all":"","_relevanssi_pin_keywords":"","_relevanssi_unpin_keywords":"","_relevanssi_related_keywords":"","_relevanssi_related_include_ids":"","_relevanssi_related_exclude_ids":"","_relevanssi_related_no_append":"","_relevanssi_related_not_related":"","_relevanssi_related_posts":"","_relevanssi_noindex_reason":"","footnotes":""},"categories":[8],"tags":[228,126,37,42,412],"class_list":["post-12985","post","type-post","status-publish","format-standard","has-post-thumbnail","hentry","category-vie-etudiante","tag-campus","tag-electronique","tag-icm","tag-ismin","tag-robotique"],"pp_statuses_selecting_workflow":false,"pp_workflow_action":"current","pp_status_selection":"publish","pp_force_visibility":null,"pp_subpost_visibility":null,"pp_inherited_force_visibility":null,"pp_inherited_subpost_visibility":null,"yoast_head":"<!-- This site is optimized with the Yoast SEO plugin v27.4 - https:\/\/yoast.com\/product\/yoast-seo-wordpress\/ -->\n<title>Temps forts de nos \u00e9l\u00e8ves-ing\u00e9nieurs - Panoramines<\/title>\n<meta name=\"robots\" content=\"index, follow, max-snippet:-1, max-image-preview:large, max-video-preview:-1\" \/>\n<link rel=\"canonical\" href=\"https:\/\/www.mines-stetienne.fr\/panoramines\/2018\/05\/22\/temps-forts-de-nos-eleves-ingenieurs\/\" \/>\n<meta property=\"og:locale\" content=\"fr_FR\" \/>\n<meta property=\"og:type\" content=\"article\" \/>\n<meta property=\"og:title\" content=\"Temps forts de nos \u00e9l\u00e8ves-ing\u00e9nieurs - Panoramines\" \/>\n<meta property=\"og:description\" content=\"Participation de l&rsquo;association de robotique et d&rsquo;\u00e9lectronique ISMIN \u00e0 la coupe de France de Robotique. Une 4e place au Cartel des mines 2018 pour la d\u00e9l\u00e9gation \u00e9tudiante de Mines Saint-\u00c9tienne. \u00ab\u00a0La science sous pression\u00a0\u00bb : soir\u00e9e \u00e9v\u00e9nementielle des \u00e9l\u00e8ves ISMIN &hellip;\" \/>\n<meta property=\"og:url\" content=\"https:\/\/www.mines-stetienne.fr\/panoramines\/2018\/05\/22\/temps-forts-de-nos-eleves-ingenieurs\/\" \/>\n<meta property=\"og:site_name\" content=\"Panoramines\" \/>\n<meta property=\"article:published_time\" content=\"2018-05-22T17:57:12+00:00\" \/>\n<meta property=\"article:modified_time\" content=\"2018-05-25T06:55:53+00:00\" \/>\n<meta property=\"og:image\" content=\"https:\/\/www.mines-stetienne.fr\/panoramines\/wp-content\/uploads\/sites\/3\/2018\/05\/Unerobotcities.jpg\" \/>\n\t<meta property=\"og:image:width\" content=\"700\" \/>\n\t<meta property=\"og:image:height\" content=\"378\" \/>\n\t<meta property=\"og:image:type\" content=\"image\/jpeg\" \/>\n<meta name=\"author\" content=\"Nathalie\" \/>\n<meta name=\"twitter:card\" content=\"summary_large_image\" \/>\n<meta name=\"twitter:label1\" content=\"\u00c9crit par\" \/>\n\t<meta name=\"twitter:data1\" content=\" Nathalie\" \/>\n\t<meta name=\"twitter:label2\" content=\"Dur\u00e9e de lecture estim\u00e9e\" \/>\n\t<meta name=\"twitter:data2\" content=\"2 minutes\" \/>\n<script type=\"application\/ld+json\" class=\"yoast-schema-graph\">{\"@context\":\"https:\\\/\\\/schema.org\",\"@graph\":[{\"@type\":\"Article\",\"@id\":\"https:\\\/\\\/www.mines-stetienne.fr\\\/panoramines\\\/2018\\\/05\\\/22\\\/temps-forts-de-nos-eleves-ingenieurs\\\/#article\",\"isPartOf\":{\"@id\":\"https:\\\/\\\/www.mines-stetienne.fr\\\/panoramines\\\/2018\\\/05\\\/22\\\/temps-forts-de-nos-eleves-ingenieurs\\\/\"},\"author\":{\"name\":\"Nathalie\",\"@id\":\"https:\\\/\\\/www.mines-stetienne.fr\\\/panoramines\\\/#\\\/schema\\\/person\\\/95e752e6dedac604ce4535123e0f8df7\"},\"headline\":\"Temps forts de nos \u00e9l\u00e8ves-ing\u00e9nieurs\",\"datePublished\":\"2018-05-22T17:57:12+00:00\",\"dateModified\":\"2018-05-25T06:55:53+00:00\",\"mainEntityOfPage\":{\"@id\":\"https:\\\/\\\/www.mines-stetienne.fr\\\/panoramines\\\/2018\\\/05\\\/22\\\/temps-forts-de-nos-eleves-ingenieurs\\\/\"},\"wordCount\":402,\"image\":{\"@id\":\"https:\\\/\\\/www.mines-stetienne.fr\\\/panoramines\\\/2018\\\/05\\\/22\\\/temps-forts-de-nos-eleves-ingenieurs\\\/#primaryimage\"},\"thumbnailUrl\":\"https:\\\/\\\/www.mines-stetienne.fr\\\/panoramines\\\/wp-content\\\/uploads\\\/sites\\\/3\\\/2018\\\/05\\\/Unerobotcities.jpg\",\"keywords\":[\"Campus\",\"\u00c9lectronique\",\"ICM\",\"ISMIN\",\"Robotique\"],\"articleSection\":[\"Vie \u00e9tudiante\"],\"inLanguage\":\"fr-FR\"},{\"@type\":\"WebPage\",\"@id\":\"https:\\\/\\\/www.mines-stetienne.fr\\\/panoramines\\\/2018\\\/05\\\/22\\\/temps-forts-de-nos-eleves-ingenieurs\\\/\",\"url\":\"https:\\\/\\\/www.mines-stetienne.fr\\\/panoramines\\\/2018\\\/05\\\/22\\\/temps-forts-de-nos-eleves-ingenieurs\\\/\",\"name\":\"Temps forts de nos \u00e9l\u00e8ves-ing\u00e9nieurs - Panoramines\",\"isPartOf\":{\"@id\":\"https:\\\/\\\/www.mines-stetienne.fr\\\/panoramines\\\/#website\"},\"primaryImageOfPage\":{\"@id\":\"https:\\\/\\\/www.mines-stetienne.fr\\\/panoramines\\\/2018\\\/05\\\/22\\\/temps-forts-de-nos-eleves-ingenieurs\\\/#primaryimage\"},\"image\":{\"@id\":\"https:\\\/\\\/www.mines-stetienne.fr\\\/panoramines\\\/2018\\\/05\\\/22\\\/temps-forts-de-nos-eleves-ingenieurs\\\/#primaryimage\"},\"thumbnailUrl\":\"https:\\\/\\\/www.mines-stetienne.fr\\\/panoramines\\\/wp-content\\\/uploads\\\/sites\\\/3\\\/2018\\\/05\\\/Unerobotcities.jpg\",\"datePublished\":\"2018-05-22T17:57:12+00:00\",\"dateModified\":\"2018-05-25T06:55:53+00:00\",\"author\":{\"@id\":\"https:\\\/\\\/www.mines-stetienne.fr\\\/panoramines\\\/#\\\/schema\\\/person\\\/95e752e6dedac604ce4535123e0f8df7\"},\"breadcrumb\":{\"@id\":\"https:\\\/\\\/www.mines-stetienne.fr\\\/panoramines\\\/2018\\\/05\\\/22\\\/temps-forts-de-nos-eleves-ingenieurs\\\/#breadcrumb\"},\"inLanguage\":\"fr-FR\",\"potentialAction\":[{\"@type\":\"ReadAction\",\"target\":[\"https:\\\/\\\/www.mines-stetienne.fr\\\/panoramines\\\/2018\\\/05\\\/22\\\/temps-forts-de-nos-eleves-ingenieurs\\\/\"]}]},{\"@type\":\"ImageObject\",\"inLanguage\":\"fr-FR\",\"@id\":\"https:\\\/\\\/www.mines-stetienne.fr\\\/panoramines\\\/2018\\\/05\\\/22\\\/temps-forts-de-nos-eleves-ingenieurs\\\/#primaryimage\",\"url\":\"https:\\\/\\\/www.mines-stetienne.fr\\\/panoramines\\\/wp-content\\\/uploads\\\/sites\\\/3\\\/2018\\\/05\\\/Unerobotcities.jpg\",\"contentUrl\":\"https:\\\/\\\/www.mines-stetienne.fr\\\/panoramines\\\/wp-content\\\/uploads\\\/sites\\\/3\\\/2018\\\/05\\\/Unerobotcities.jpg\",\"width\":700,\"height\":378},{\"@type\":\"BreadcrumbList\",\"@id\":\"https:\\\/\\\/www.mines-stetienne.fr\\\/panoramines\\\/2018\\\/05\\\/22\\\/temps-forts-de-nos-eleves-ingenieurs\\\/#breadcrumb\",\"itemListElement\":[{\"@type\":\"ListItem\",\"position\":1,\"name\":\"Accueil\",\"item\":\"https:\\\/\\\/www.mines-stetienne.fr\\\/panoramines\\\/\"},{\"@type\":\"ListItem\",\"position\":2,\"name\":\"Temps forts de nos \u00e9l\u00e8ves-ing\u00e9nieurs\"}]},{\"@type\":\"WebSite\",\"@id\":\"https:\\\/\\\/www.mines-stetienne.fr\\\/panoramines\\\/#website\",\"url\":\"https:\\\/\\\/www.mines-stetienne.fr\\\/panoramines\\\/\",\"name\":\"Panoramines\",\"description\":\"Panoramines, l\u2019actualit\u00e9 de MINES Saint-\u00c9tienne\",\"potentialAction\":[{\"@type\":\"SearchAction\",\"target\":{\"@type\":\"EntryPoint\",\"urlTemplate\":\"https:\\\/\\\/www.mines-stetienne.fr\\\/panoramines\\\/?s={search_term_string}\"},\"query-input\":{\"@type\":\"PropertyValueSpecification\",\"valueRequired\":true,\"valueName\":\"search_term_string\"}}],\"inLanguage\":\"fr-FR\"},{\"@type\":\"Person\",\"@id\":\"https:\\\/\\\/www.mines-stetienne.fr\\\/panoramines\\\/#\\\/schema\\\/person\\\/95e752e6dedac604ce4535123e0f8df7\",\"name\":\"Nathalie\",\"image\":{\"@type\":\"ImageObject\",\"inLanguage\":\"fr-FR\",\"@id\":\"https:\\\/\\\/www.mines-stetienne.fr\\\/panoramines\\\/wp-content\\\/uploads\\\/sites\\\/3\\\/2021\\\/07\\\/logo-75x75-1.png\",\"url\":\"https:\\\/\\\/www.mines-stetienne.fr\\\/panoramines\\\/wp-content\\\/uploads\\\/sites\\\/3\\\/2021\\\/07\\\/logo-75x75-1.png\",\"contentUrl\":\"https:\\\/\\\/www.mines-stetienne.fr\\\/panoramines\\\/wp-content\\\/uploads\\\/sites\\\/3\\\/2021\\\/07\\\/logo-75x75-1.png\",\"caption\":\"Nathalie\"},\"url\":\"https:\\\/\\\/www.mines-stetienne.fr\\\/panoramines\\\/author\\\/nathalie\\\/\"}]}<\/script>\n<!-- \/ Yoast SEO plugin. -->","yoast_head_json":{"title":"Temps forts de nos \u00e9l\u00e8ves-ing\u00e9nieurs - Panoramines","robots":{"index":"index","follow":"follow","max-snippet":"max-snippet:-1","max-image-preview":"max-image-preview:large","max-video-preview":"max-video-preview:-1"},"canonical":"https:\/\/www.mines-stetienne.fr\/panoramines\/2018\/05\/22\/temps-forts-de-nos-eleves-ingenieurs\/","og_locale":"fr_FR","og_type":"article","og_title":"Temps forts de nos \u00e9l\u00e8ves-ing\u00e9nieurs - Panoramines","og_description":"Participation de l&rsquo;association de robotique et d&rsquo;\u00e9lectronique ISMIN \u00e0 la coupe de France de Robotique. Une 4e place au Cartel des mines 2018 pour la d\u00e9l\u00e9gation \u00e9tudiante de Mines Saint-\u00c9tienne. \u00ab\u00a0La science sous pression\u00a0\u00bb : soir\u00e9e \u00e9v\u00e9nementielle des \u00e9l\u00e8ves ISMIN &hellip;","og_url":"https:\/\/www.mines-stetienne.fr\/panoramines\/2018\/05\/22\/temps-forts-de-nos-eleves-ingenieurs\/","og_site_name":"Panoramines","article_published_time":"2018-05-22T17:57:12+00:00","article_modified_time":"2018-05-25T06:55:53+00:00","og_image":[{"width":700,"height":378,"url":"https:\/\/www.mines-stetienne.fr\/panoramines\/wp-content\/uploads\/sites\/3\/2018\/05\/Unerobotcities.jpg","type":"image\/jpeg"}],"author":"Nathalie","twitter_card":"summary_large_image","twitter_misc":{"\u00c9crit par":" Nathalie","Dur\u00e9e de lecture estim\u00e9e":"2 minutes"},"schema":{"@context":"https:\/\/schema.org","@graph":[{"@type":"Article","@id":"https:\/\/www.mines-stetienne.fr\/panoramines\/2018\/05\/22\/temps-forts-de-nos-eleves-ingenieurs\/#article","isPartOf":{"@id":"https:\/\/www.mines-stetienne.fr\/panoramines\/2018\/05\/22\/temps-forts-de-nos-eleves-ingenieurs\/"},"author":{"name":"Nathalie","@id":"https:\/\/www.mines-stetienne.fr\/panoramines\/#\/schema\/person\/95e752e6dedac604ce4535123e0f8df7"},"headline":"Temps forts de nos \u00e9l\u00e8ves-ing\u00e9nieurs","datePublished":"2018-05-22T17:57:12+00:00","dateModified":"2018-05-25T06:55:53+00:00","mainEntityOfPage":{"@id":"https:\/\/www.mines-stetienne.fr\/panoramines\/2018\/05\/22\/temps-forts-de-nos-eleves-ingenieurs\/"},"wordCount":402,"image":{"@id":"https:\/\/www.mines-stetienne.fr\/panoramines\/2018\/05\/22\/temps-forts-de-nos-eleves-ingenieurs\/#primaryimage"},"thumbnailUrl":"https:\/\/www.mines-stetienne.fr\/panoramines\/wp-content\/uploads\/sites\/3\/2018\/05\/Unerobotcities.jpg","keywords":["Campus","\u00c9lectronique","ICM","ISMIN","Robotique"],"articleSection":["Vie \u00e9tudiante"],"inLanguage":"fr-FR"},{"@type":"WebPage","@id":"https:\/\/www.mines-stetienne.fr\/panoramines\/2018\/05\/22\/temps-forts-de-nos-eleves-ingenieurs\/","url":"https:\/\/www.mines-stetienne.fr\/panoramines\/2018\/05\/22\/temps-forts-de-nos-eleves-ingenieurs\/","name":"Temps forts de nos \u00e9l\u00e8ves-ing\u00e9nieurs - Panoramines","isPartOf":{"@id":"https:\/\/www.mines-stetienne.fr\/panoramines\/#website"},"primaryImageOfPage":{"@id":"https:\/\/www.mines-stetienne.fr\/panoramines\/2018\/05\/22\/temps-forts-de-nos-eleves-ingenieurs\/#primaryimage"},"image":{"@id":"https:\/\/www.mines-stetienne.fr\/panoramines\/2018\/05\/22\/temps-forts-de-nos-eleves-ingenieurs\/#primaryimage"},"thumbnailUrl":"https:\/\/www.mines-stetienne.fr\/panoramines\/wp-content\/uploads\/sites\/3\/2018\/05\/Unerobotcities.jpg","datePublished":"2018-05-22T17:57:12+00:00","dateModified":"2018-05-25T06:55:53+00:00","author":{"@id":"https:\/\/www.mines-stetienne.fr\/panoramines\/#\/schema\/person\/95e752e6dedac604ce4535123e0f8df7"},"breadcrumb":{"@id":"https:\/\/www.mines-stetienne.fr\/panoramines\/2018\/05\/22\/temps-forts-de-nos-eleves-ingenieurs\/#breadcrumb"},"inLanguage":"fr-FR","potentialAction":[{"@type":"ReadAction","target":["https:\/\/www.mines-stetienne.fr\/panoramines\/2018\/05\/22\/temps-forts-de-nos-eleves-ingenieurs\/"]}]},{"@type":"ImageObject","inLanguage":"fr-FR","@id":"https:\/\/www.mines-stetienne.fr\/panoramines\/2018\/05\/22\/temps-forts-de-nos-eleves-ingenieurs\/#primaryimage","url":"https:\/\/www.mines-stetienne.fr\/panoramines\/wp-content\/uploads\/sites\/3\/2018\/05\/Unerobotcities.jpg","contentUrl":"https:\/\/www.mines-stetienne.fr\/panoramines\/wp-content\/uploads\/sites\/3\/2018\/05\/Unerobotcities.jpg","width":700,"height":378},{"@type":"BreadcrumbList","@id":"https:\/\/www.mines-stetienne.fr\/panoramines\/2018\/05\/22\/temps-forts-de-nos-eleves-ingenieurs\/#breadcrumb","itemListElement":[{"@type":"ListItem","position":1,"name":"Accueil","item":"https:\/\/www.mines-stetienne.fr\/panoramines\/"},{"@type":"ListItem","position":2,"name":"Temps forts de nos \u00e9l\u00e8ves-ing\u00e9nieurs"}]},{"@type":"WebSite","@id":"https:\/\/www.mines-stetienne.fr\/panoramines\/#website","url":"https:\/\/www.mines-stetienne.fr\/panoramines\/","name":"Panoramines","description":"Panoramines, l\u2019actualit\u00e9 de MINES Saint-\u00c9tienne","potentialAction":[{"@type":"SearchAction","target":{"@type":"EntryPoint","urlTemplate":"https:\/\/www.mines-stetienne.fr\/panoramines\/?s={search_term_string}"},"query-input":{"@type":"PropertyValueSpecification","valueRequired":true,"valueName":"search_term_string"}}],"inLanguage":"fr-FR"},{"@type":"Person","@id":"https:\/\/www.mines-stetienne.fr\/panoramines\/#\/schema\/person\/95e752e6dedac604ce4535123e0f8df7","name":"Nathalie","image":{"@type":"ImageObject","inLanguage":"fr-FR","@id":"https:\/\/www.mines-stetienne.fr\/panoramines\/wp-content\/uploads\/sites\/3\/2021\/07\/logo-75x75-1.png","url":"https:\/\/www.mines-stetienne.fr\/panoramines\/wp-content\/uploads\/sites\/3\/2021\/07\/logo-75x75-1.png","contentUrl":"https:\/\/www.mines-stetienne.fr\/panoramines\/wp-content\/uploads\/sites\/3\/2021\/07\/logo-75x75-1.png","caption":"Nathalie"},"url":"https:\/\/www.mines-stetienne.fr\/panoramines\/author\/nathalie\/"}]}},"_links":{"self":[{"href":"https:\/\/www.mines-stetienne.fr\/panoramines\/wp-json\/wp\/v2\/posts\/12985","targetHints":{"allow":["GET"]}}],"collection":[{"href":"https:\/\/www.mines-stetienne.fr\/panoramines\/wp-json\/wp\/v2\/posts"}],"about":[{"href":"https:\/\/www.mines-stetienne.fr\/panoramines\/wp-json\/wp\/v2\/types\/post"}],"author":[{"embeddable":true,"href":"https:\/\/www.mines-stetienne.fr\/panoramines\/wp-json\/wp\/v2\/users\/3"}],"replies":[{"embeddable":true,"href":"https:\/\/www.mines-stetienne.fr\/panoramines\/wp-json\/wp\/v2\/comments?post=12985"}],"version-history":[{"count":9,"href":"https:\/\/www.mines-stetienne.fr\/panoramines\/wp-json\/wp\/v2\/posts\/12985\/revisions"}],"predecessor-version":[{"id":13112,"href":"https:\/\/www.mines-stetienne.fr\/panoramines\/wp-json\/wp\/v2\/posts\/12985\/revisions\/13112"}],"wp:featuredmedia":[{"embeddable":true,"href":"https:\/\/www.mines-stetienne.fr\/panoramines\/wp-json\/wp\/v2\/media\/12998"}],"wp:attachment":[{"href":"https:\/\/www.mines-stetienne.fr\/panoramines\/wp-json\/wp\/v2\/media?parent=12985"}],"wp:term":[{"taxonomy":"category","embeddable":true,"href":"https:\/\/www.mines-stetienne.fr\/panoramines\/wp-json\/wp\/v2\/categories?post=12985"},{"taxonomy":"post_tag","embeddable":true,"href":"https:\/\/www.mines-stetienne.fr\/panoramines\/wp-json\/wp\/v2\/tags?post=12985"}],"curies":[{"name":"wp","href":"https:\/\/api.w.org\/{rel}","templated":true}]}}