{"id":12436,"date":"2018-04-06T08:47:42","date_gmt":"2018-04-06T06:47:42","guid":{"rendered":"https:\/\/www.mines-stetienne.fr\/panoramines\/?p=12436"},"modified":"2024-03-07T16:45:28","modified_gmt":"2024-03-07T15:45:28","slug":"reussites-etudiantes","status":"publish","type":"post","link":"https:\/\/www.mines-stetienne.fr\/panoramines\/2018\/04\/06\/reussites-etudiantes\/","title":{"rendered":"R\u00e9ussites \u00e9tudiantes"},"content":{"rendered":"<h4>Deux \u00e9tudiants internationaux, laur\u00e9ats de la bourse d&rsquo;excellence Eiffel int\u00e9greront l&rsquo;\u00c9cole \u00e0 la rentr\u00e9e prochaine.<br \/>\n\u00c9tienne Le Qu\u00e9r\u00e9, ing\u00e9nieur ISMIN, a re\u00e7u le 27 mars le prix du meilleur stage 2017 de la Fondation Mines-T\u00e9l\u00e9com.<br \/>\nLes \u00e9tudiants de l&rsquo;\u00e9cole sur le podium du Hackathon Smart Cities de Saint-\u00c9tienne et r\u00e9compens\u00e9s par deux prix.<\/h4>\n<hr \/>\n<h5><span style=\"color: #800080\">Admissions internationales<\/span><\/h5>\n<p>L&rsquo;\u00c9cole est fi\u00e8re de compter <strong><a href=\"https:\/\/www.campusfrance.org\/fr\/le-programme-de-bourses-d-excellence-eiffel\">deux nouveaux laur\u00e9ats de la bourse d&rsquo;excellence Eiffel<\/a> <\/strong>(campus France), deux \u00e9tudiants internationaux qui int\u00e9greront notre \u00e9tablissement \u00e0 la rentr\u00e9e 2018 : le <a href=\"https:\/\/www.mines-stetienne.fr\/formation\/ismin\/\">cursus ISMIN<\/a> pour <strong>Angela Ayobi<\/strong>, \u00e9tudiante de l&rsquo;Universit\u00e9 colombienne de Los Andes, et le <a href=\"https:\/\/www.mines-stetienne.fr\/formation\/icm\/\">cursus ICM<\/a> pour <strong>Moussa Tony<\/strong> de l&rsquo;<strong>Universit\u00e9 Libanaise<\/strong>. <em>F\u00e9licitations \u00e0 tous les deux pour leur r\u00e9ussite.<\/em><br \/>\nCes bourses d&rsquo;excellence concernent des \u00e9tudiants qui ont \u00e0 la fois <b> un excellent niveau et un tr\u00e8s bon dossier scolaire <\/b>pour suivre un cursus dipl\u00f4mant.<br \/>\n<a href=\"http:\/\/www.campusfrance.org\/fr\/eiffel\">En savoir +<\/a><\/p>\n<hr \/>\n<h5><span style=\"color: #800080\">Bravo \u00e0 \u00c9tienne Le Qu\u00e9r\u00e9 pour cette distinction !<br \/>\n<\/span><\/h5>\n<p>Ing\u00e9nieur ISMIN 2017, il a re\u00e7u<strong> le prix du meilleur stage de la Fondation Mines-T\u00e9l\u00e9com<\/strong>. Son stage de 3e ann\u00e9e r\u00e9alis\u00e9 chez <a href=\"https:\/\/www.soitec.com\/fr\" target=\"_blank\" rel=\"noopener\">Soitec<\/a> portait sur <em>\u00ab\u00a0L&rsquo;analyse et la gestion optimis\u00e9e du risque dans la fabrication de silicium sur isolant\u00a0\u00bb<\/em>. <a href=\"https:\/\/www.mines-stetienne.fr\/panoramines\/2018\/02\/21\/ingenieur-ismin-nomine-prix-meilleur-stage\/\" target=\"_blank\" rel=\"noopener\">En savoir +<\/a><br \/>\nVoir ou revoir <a href=\"https:\/\/www.youtube.com\/watch?time_continue=2&amp;v=iz1ADpim2zc\">la vid\u00e9o de pr\u00e9sentation\u00a0<\/a>d&rsquo;\u00c9tienne.<br \/>\n<a href=\"https:\/\/www.mines-stetienne.fr\/panoramines\/wp-content\/uploads\/sites\/3\/2018\/04\/etienne.jpg\"><img loading=\"lazy\" decoding=\"async\" class=\"wp-image-12462 alignleft\" src=\"https:\/\/www.mines-stetienne.fr\/panoramines\/wp-content\/uploads\/sites\/3\/2018\/04\/etienne-233x300.jpg\" alt=\"\" width=\"117\" height=\"150\" srcset=\"https:\/\/www.mines-stetienne.fr\/panoramines\/wp-content\/uploads\/sites\/3\/2018\/04\/etienne-233x300.jpg 233w, https:\/\/www.mines-stetienne.fr\/panoramines\/wp-content\/uploads\/sites\/3\/2018\/04\/etienne.jpg 369w\" sizes=\"auto, (max-width: 117px) 100vw, 117px\" \/><\/a>La c\u00e9r\u00e9monie s&rsquo;est d\u00e9roul\u00e9e le 27 mars dernier au sein de <a href=\"https:\/\/group.bnpparibas\/\">BNP Paribas<\/a>, partenaire fondateur de la Fondation.<br \/>\n\u00ab\u00a0<em>Une soir\u00e9e conviviale valorisant l\u2019excellence : <strong>les laur\u00e9ats ont \u00e9t\u00e9 mis \u00e0 l\u2019honneur<\/strong> lors d<\/em><em>e cette soir\u00e9e r\u00e9unissant de nombreuses entreprises, des alumni et des repr\u00e9sentants des \u00e9coles et de l\u2019IMT,\u00a0\u00bb (&#8230;) <\/em><a href=\"https:\/\/www.fondation-mines-telecom.org\/news\/remise-des-prix-de-la-fondation-chez-bnp-paribas-felicitations-aux-10-laureats\/\">Lire l&rsquo;article d\u00e9di\u00e9<\/a><em><a href=\"https:\/\/www.fondation-mines-telecom.org\/news\/remise-des-prix-de-la-fondation-chez-bnp-paribas-felicitations-aux-10-laureats\/\">.<\/a><\/em><\/p>\n<hr \/>\n<h5><span style=\"color: #800080\">Deux prix r\u00e9compensent les \u00e9tudiants de l&rsquo;\u00e9cole au hackathon smart City Saint-\u00c9tienne 2018<\/span><\/h5>\n<p><strong>Le 1er hackathon organis\u00e9 par la Ville de Saint-\u00c9tienne, Saint-\u00c9tienne M\u00e9tropole et Suez,<\/strong> s&rsquo;est tenu du 23 au 25 mars \u00e0<span style=\"color: #3f3f3f\"> la cit\u00e9 du Design<em>.<\/em><a href=\"http:\/\/hackathon.saint-etienne.fr\/\">\u00a0Il portait sur trois th\u00e9mati<\/a><\/span><span style=\"color: #3f3f3f\"><a href=\"http:\/\/hackathon.saint-etienne.fr\/\">ques<\/a> concr\u00e8tes propos\u00e9es pour am\u00e9liorer la qualit\u00e9 de vie du quartier Tarentaize-Beaubrun-Couriot : <strong>la tranquillit\u00e9 urbaine, la mobilit\u00e9 et l\u2019\u00e9conomie du quartier.<\/strong><br \/>\n<\/span><\/p>\n<p><a href=\"https:\/\/www.mines-stetienne.fr\/panoramines\/wp-content\/uploads\/sites\/3\/2018\/04\/smartcities.jpg\"><img loading=\"lazy\" decoding=\"async\" class=\"alignleft wp-image-12461\" src=\"https:\/\/www.mines-stetienne.fr\/panoramines\/wp-content\/uploads\/sites\/3\/2018\/04\/smartcities-228x300.jpg\" alt=\"\" width=\"122\" height=\"160\" srcset=\"https:\/\/www.mines-stetienne.fr\/panoramines\/wp-content\/uploads\/sites\/3\/2018\/04\/smartcities-228x300.jpg 228w, https:\/\/www.mines-stetienne.fr\/panoramines\/wp-content\/uploads\/sites\/3\/2018\/04\/smartcities.jpg 500w\" sizes=\"auto, (max-width: 122px) 100vw, 122px\" \/><\/a><strong>Une \u00e9quipe de 4 \u00e9tudiants st\u00e9phanois a remport\u00e9 le 2e prix de 3000 \u20ac pour le projet \u00ab\u00a0Positive wall\u00a0\u00bb<\/strong>, <em>un mur connect\u00e9 pour la fiert\u00e9 du quartier<\/em> (cat\u00e9gorie tranquillit\u00e9 urbaine). Ce <strong>lieu interactif et collectif<\/strong> diffuse des images, vid\u00e9os, donn\u00e9es informatives (m\u00e9t\u00e9o, consommation&#8230;) dans le but de <strong>valoriser les actions citoyennes.<\/strong><br \/>\n<a href=\"https:\/\/saint-etienne.hackathon.com\/#\/projects\/5ab57c62ce1d8000042470f2\">En savoir + sur le projet et les participants<\/a><\/p>\n<p><strong>Toutes<\/strong><strong> nos f\u00e9licitations pour ce prix et cette participation<\/strong><strong> constructive \u00e0 :<br \/>\n<\/strong><strong>Charlotte Dalverny, <\/strong>\u00e9tudiante en 5e ann\u00e9e \u00e0 l\u2019\u00c9cole d&rsquo;architecture de Saint-\u00c9tienne,<br \/>\n<strong>Con<\/strong><strong>stance Hersant<\/strong>, \u00e9l\u00e8ve ing\u00e9nieur T\u00e9l\u00e9com Saint-\u00c9tienne,<br \/>\n<strong>Emma Laurency<\/strong>, \u00e9tudiante \u00e0 l&rsquo;\u00c9cole sup\u00e9rieure d&rsquo;art et design de Saint-\u00c9tienne,<br \/>\net <strong>Valentin Bouiller<\/strong>, \u00e9l\u00e8ve ICM 3A Mines de Saint-\u00c9tienne.<\/p>\n<p><span style=\"color: #800080\"><strong>Le prix \u00ab\u00a0coup de c\u0153ur\u00a0\u00bb du jury<\/strong> <\/span>a \u00e9t\u00e9 attribu\u00e9 au projet \u00ab\u00a0<strong>Saint\u00e9 Data Mining<\/strong>\u00a0\u00bb (recyclage des mat\u00e9riaux issus des d\u00e9molitions gr\u00e2ce \u00e0 un outil de diagnostic et d&rsquo;aide \u00e0 la d\u00e9cision). L&rsquo;\u00e9quipe \u00e9tait compos\u00e9e de 6 \u00e9tudiants dont <strong>Alban Provenat<\/strong>, \u00e9l\u00e8ve Master 2 Prospective Design et\u00a0<strong>Baptiste Menu,<\/strong> doctorant au centre SMS.<br \/>\n<a href=\"https:\/\/saint-etienne.hackathon.com\/#\/projects\/5ab6766e1fe0ad00047551be\"><strong>En savoir + sur le projet et les participants<\/strong><\/a><\/p>\n<hr \/>\n","protected":false},"excerpt":{"rendered":"<p>Deux \u00e9tudiants internationaux, laur\u00e9ats de la bourse d&rsquo;excellence Eiffel int\u00e9greront l&rsquo;\u00c9cole \u00e0 la rentr\u00e9e prochaine. \u00c9tienne Le Qu\u00e9r\u00e9, ing\u00e9nieur ISMIN, a re\u00e7u le 27 mars le prix du meilleur stage 2017 de la Fondation Mines-T\u00e9l\u00e9com. Les \u00e9tudiants de l&rsquo;\u00e9cole sur &hellip;<\/p>\n","protected":false},"author":3,"featured_media":0,"comment_status":"closed","ping_status":"open","sticky":false,"template":"","format":"standard","meta":{"_relevanssi_hide_post":"","_relevanssi_hide_content":"","_relevanssi_pin_for_all":"","_relevanssi_pin_keywords":"","_relevanssi_unpin_keywords":"","_relevanssi_related_keywords":"","_relevanssi_related_include_ids":"","_relevanssi_related_exclude_ids":"","_relevanssi_related_no_append":"","_relevanssi_related_not_related":"","_relevanssi_related_posts":"","_relevanssi_noindex_reason":"","footnotes":""},"categories":[8],"tags":[],"class_list":["post-12436","post","type-post","status-publish","format-standard","hentry","category-vie-etudiante"],"pp_statuses_selecting_workflow":false,"pp_workflow_action":"current","pp_status_selection":"publish","pp_force_visibility":null,"pp_subpost_visibility":null,"pp_inherited_force_visibility":null,"pp_inherited_subpost_visibility":null,"yoast_head":"<!-- This site is optimized with the Yoast SEO plugin v27.4 - https:\/\/yoast.com\/product\/yoast-seo-wordpress\/ -->\n<title>R\u00e9ussites \u00e9tudiantes - Panoramines<\/title>\n<meta name=\"robots\" content=\"index, follow, max-snippet:-1, max-image-preview:large, max-video-preview:-1\" \/>\n<link rel=\"canonical\" href=\"https:\/\/www.mines-stetienne.fr\/panoramines\/2018\/04\/06\/reussites-etudiantes\/\" \/>\n<meta property=\"og:locale\" content=\"fr_FR\" \/>\n<meta property=\"og:type\" content=\"article\" \/>\n<meta property=\"og:title\" content=\"R\u00e9ussites \u00e9tudiantes - Panoramines\" \/>\n<meta property=\"og:description\" content=\"Deux \u00e9tudiants internationaux, laur\u00e9ats de la bourse d&rsquo;excellence Eiffel int\u00e9greront l&rsquo;\u00c9cole \u00e0 la rentr\u00e9e prochaine. \u00c9tienne Le Qu\u00e9r\u00e9, ing\u00e9nieur ISMIN, a re\u00e7u le 27 mars le prix du meilleur stage 2017 de la Fondation Mines-T\u00e9l\u00e9com. Les \u00e9tudiants de l&rsquo;\u00e9cole sur &hellip;\" \/>\n<meta property=\"og:url\" content=\"https:\/\/www.mines-stetienne.fr\/panoramines\/2018\/04\/06\/reussites-etudiantes\/\" \/>\n<meta property=\"og:site_name\" content=\"Panoramines\" \/>\n<meta property=\"article:published_time\" content=\"2018-04-06T06:47:42+00:00\" \/>\n<meta property=\"article:modified_time\" content=\"2024-03-07T15:45:28+00:00\" \/>\n<meta property=\"og:image\" content=\"https:\/\/www.mines-stetienne.fr\/panoramines\/wp-content\/uploads\/sites\/3\/2018\/04\/etienne-233x300.jpg\" \/>\n<meta name=\"author\" content=\"Nathalie\" \/>\n<meta name=\"twitter:card\" content=\"summary_large_image\" \/>\n<meta name=\"twitter:label1\" content=\"\u00c9crit par\" \/>\n\t<meta name=\"twitter:data1\" content=\" Nathalie\" \/>\n\t<meta name=\"twitter:label2\" content=\"Dur\u00e9e de lecture estim\u00e9e\" \/>\n\t<meta name=\"twitter:data2\" content=\"3 minutes\" \/>\n<script type=\"application\/ld+json\" class=\"yoast-schema-graph\">{\"@context\":\"https:\\\/\\\/schema.org\",\"@graph\":[{\"@type\":\"Article\",\"@id\":\"https:\\\/\\\/www.mines-stetienne.fr\\\/panoramines\\\/2018\\\/04\\\/06\\\/reussites-etudiantes\\\/#article\",\"isPartOf\":{\"@id\":\"https:\\\/\\\/www.mines-stetienne.fr\\\/panoramines\\\/2018\\\/04\\\/06\\\/reussites-etudiantes\\\/\"},\"author\":{\"name\":\"Nathalie\",\"@id\":\"https:\\\/\\\/www.mines-stetienne.fr\\\/panoramines\\\/#\\\/schema\\\/person\\\/95e752e6dedac604ce4535123e0f8df7\"},\"headline\":\"R\u00e9ussites \u00e9tudiantes\",\"datePublished\":\"2018-04-06T06:47:42+00:00\",\"dateModified\":\"2024-03-07T15:45:28+00:00\",\"mainEntityOfPage\":{\"@id\":\"https:\\\/\\\/www.mines-stetienne.fr\\\/panoramines\\\/2018\\\/04\\\/06\\\/reussites-etudiantes\\\/\"},\"wordCount\":544,\"image\":{\"@id\":\"https:\\\/\\\/www.mines-stetienne.fr\\\/panoramines\\\/2018\\\/04\\\/06\\\/reussites-etudiantes\\\/#primaryimage\"},\"thumbnailUrl\":\"https:\\\/\\\/www.mines-stetienne.fr\\\/panoramines\\\/wp-content\\\/uploads\\\/sites\\\/3\\\/2018\\\/04\\\/etienne-233x300.jpg\",\"articleSection\":[\"Vie \u00e9tudiante\"],\"inLanguage\":\"fr-FR\"},{\"@type\":\"WebPage\",\"@id\":\"https:\\\/\\\/www.mines-stetienne.fr\\\/panoramines\\\/2018\\\/04\\\/06\\\/reussites-etudiantes\\\/\",\"url\":\"https:\\\/\\\/www.mines-stetienne.fr\\\/panoramines\\\/2018\\\/04\\\/06\\\/reussites-etudiantes\\\/\",\"name\":\"R\u00e9ussites \u00e9tudiantes - Panoramines\",\"isPartOf\":{\"@id\":\"https:\\\/\\\/www.mines-stetienne.fr\\\/panoramines\\\/#website\"},\"primaryImageOfPage\":{\"@id\":\"https:\\\/\\\/www.mines-stetienne.fr\\\/panoramines\\\/2018\\\/04\\\/06\\\/reussites-etudiantes\\\/#primaryimage\"},\"image\":{\"@id\":\"https:\\\/\\\/www.mines-stetienne.fr\\\/panoramines\\\/2018\\\/04\\\/06\\\/reussites-etudiantes\\\/#primaryimage\"},\"thumbnailUrl\":\"https:\\\/\\\/www.mines-stetienne.fr\\\/panoramines\\\/wp-content\\\/uploads\\\/sites\\\/3\\\/2018\\\/04\\\/etienne-233x300.jpg\",\"datePublished\":\"2018-04-06T06:47:42+00:00\",\"dateModified\":\"2024-03-07T15:45:28+00:00\",\"author\":{\"@id\":\"https:\\\/\\\/www.mines-stetienne.fr\\\/panoramines\\\/#\\\/schema\\\/person\\\/95e752e6dedac604ce4535123e0f8df7\"},\"breadcrumb\":{\"@id\":\"https:\\\/\\\/www.mines-stetienne.fr\\\/panoramines\\\/2018\\\/04\\\/06\\\/reussites-etudiantes\\\/#breadcrumb\"},\"inLanguage\":\"fr-FR\",\"potentialAction\":[{\"@type\":\"ReadAction\",\"target\":[\"https:\\\/\\\/www.mines-stetienne.fr\\\/panoramines\\\/2018\\\/04\\\/06\\\/reussites-etudiantes\\\/\"]}]},{\"@type\":\"ImageObject\",\"inLanguage\":\"fr-FR\",\"@id\":\"https:\\\/\\\/www.mines-stetienne.fr\\\/panoramines\\\/2018\\\/04\\\/06\\\/reussites-etudiantes\\\/#primaryimage\",\"url\":\"https:\\\/\\\/www.mines-stetienne.fr\\\/panoramines\\\/wp-content\\\/uploads\\\/sites\\\/3\\\/2018\\\/04\\\/etienne.jpg\",\"contentUrl\":\"https:\\\/\\\/www.mines-stetienne.fr\\\/panoramines\\\/wp-content\\\/uploads\\\/sites\\\/3\\\/2018\\\/04\\\/etienne.jpg\",\"width\":369,\"height\":475},{\"@type\":\"BreadcrumbList\",\"@id\":\"https:\\\/\\\/www.mines-stetienne.fr\\\/panoramines\\\/2018\\\/04\\\/06\\\/reussites-etudiantes\\\/#breadcrumb\",\"itemListElement\":[{\"@type\":\"ListItem\",\"position\":1,\"name\":\"Accueil\",\"item\":\"https:\\\/\\\/www.mines-stetienne.fr\\\/panoramines\\\/\"},{\"@type\":\"ListItem\",\"position\":2,\"name\":\"R\u00e9ussites \u00e9tudiantes\"}]},{\"@type\":\"WebSite\",\"@id\":\"https:\\\/\\\/www.mines-stetienne.fr\\\/panoramines\\\/#website\",\"url\":\"https:\\\/\\\/www.mines-stetienne.fr\\\/panoramines\\\/\",\"name\":\"Panoramines\",\"description\":\"Panoramines, l\u2019actualit\u00e9 de MINES Saint-\u00c9tienne\",\"potentialAction\":[{\"@type\":\"SearchAction\",\"target\":{\"@type\":\"EntryPoint\",\"urlTemplate\":\"https:\\\/\\\/www.mines-stetienne.fr\\\/panoramines\\\/?s={search_term_string}\"},\"query-input\":{\"@type\":\"PropertyValueSpecification\",\"valueRequired\":true,\"valueName\":\"search_term_string\"}}],\"inLanguage\":\"fr-FR\"},{\"@type\":\"Person\",\"@id\":\"https:\\\/\\\/www.mines-stetienne.fr\\\/panoramines\\\/#\\\/schema\\\/person\\\/95e752e6dedac604ce4535123e0f8df7\",\"name\":\"Nathalie\",\"image\":{\"@type\":\"ImageObject\",\"inLanguage\":\"fr-FR\",\"@id\":\"https:\\\/\\\/www.mines-stetienne.fr\\\/panoramines\\\/wp-content\\\/uploads\\\/sites\\\/3\\\/2021\\\/07\\\/logo-75x75-1.png\",\"url\":\"https:\\\/\\\/www.mines-stetienne.fr\\\/panoramines\\\/wp-content\\\/uploads\\\/sites\\\/3\\\/2021\\\/07\\\/logo-75x75-1.png\",\"contentUrl\":\"https:\\\/\\\/www.mines-stetienne.fr\\\/panoramines\\\/wp-content\\\/uploads\\\/sites\\\/3\\\/2021\\\/07\\\/logo-75x75-1.png\",\"caption\":\"Nathalie\"},\"url\":\"https:\\\/\\\/www.mines-stetienne.fr\\\/panoramines\\\/author\\\/nathalie\\\/\"}]}<\/script>\n<!-- \/ Yoast SEO plugin. -->","yoast_head_json":{"title":"R\u00e9ussites \u00e9tudiantes - Panoramines","robots":{"index":"index","follow":"follow","max-snippet":"max-snippet:-1","max-image-preview":"max-image-preview:large","max-video-preview":"max-video-preview:-1"},"canonical":"https:\/\/www.mines-stetienne.fr\/panoramines\/2018\/04\/06\/reussites-etudiantes\/","og_locale":"fr_FR","og_type":"article","og_title":"R\u00e9ussites \u00e9tudiantes - Panoramines","og_description":"Deux \u00e9tudiants internationaux, laur\u00e9ats de la bourse d&rsquo;excellence Eiffel int\u00e9greront l&rsquo;\u00c9cole \u00e0 la rentr\u00e9e prochaine. \u00c9tienne Le Qu\u00e9r\u00e9, ing\u00e9nieur ISMIN, a re\u00e7u le 27 mars le prix du meilleur stage 2017 de la Fondation Mines-T\u00e9l\u00e9com. Les \u00e9tudiants de l&rsquo;\u00e9cole sur &hellip;","og_url":"https:\/\/www.mines-stetienne.fr\/panoramines\/2018\/04\/06\/reussites-etudiantes\/","og_site_name":"Panoramines","article_published_time":"2018-04-06T06:47:42+00:00","article_modified_time":"2024-03-07T15:45:28+00:00","og_image":[{"url":"https:\/\/www.mines-stetienne.fr\/panoramines\/wp-content\/uploads\/sites\/3\/2018\/04\/etienne-233x300.jpg","type":"","width":"","height":""}],"author":"Nathalie","twitter_card":"summary_large_image","twitter_misc":{"\u00c9crit par":" Nathalie","Dur\u00e9e de lecture estim\u00e9e":"3 minutes"},"schema":{"@context":"https:\/\/schema.org","@graph":[{"@type":"Article","@id":"https:\/\/www.mines-stetienne.fr\/panoramines\/2018\/04\/06\/reussites-etudiantes\/#article","isPartOf":{"@id":"https:\/\/www.mines-stetienne.fr\/panoramines\/2018\/04\/06\/reussites-etudiantes\/"},"author":{"name":"Nathalie","@id":"https:\/\/www.mines-stetienne.fr\/panoramines\/#\/schema\/person\/95e752e6dedac604ce4535123e0f8df7"},"headline":"R\u00e9ussites \u00e9tudiantes","datePublished":"2018-04-06T06:47:42+00:00","dateModified":"2024-03-07T15:45:28+00:00","mainEntityOfPage":{"@id":"https:\/\/www.mines-stetienne.fr\/panoramines\/2018\/04\/06\/reussites-etudiantes\/"},"wordCount":544,"image":{"@id":"https:\/\/www.mines-stetienne.fr\/panoramines\/2018\/04\/06\/reussites-etudiantes\/#primaryimage"},"thumbnailUrl":"https:\/\/www.mines-stetienne.fr\/panoramines\/wp-content\/uploads\/sites\/3\/2018\/04\/etienne-233x300.jpg","articleSection":["Vie \u00e9tudiante"],"inLanguage":"fr-FR"},{"@type":"WebPage","@id":"https:\/\/www.mines-stetienne.fr\/panoramines\/2018\/04\/06\/reussites-etudiantes\/","url":"https:\/\/www.mines-stetienne.fr\/panoramines\/2018\/04\/06\/reussites-etudiantes\/","name":"R\u00e9ussites \u00e9tudiantes - Panoramines","isPartOf":{"@id":"https:\/\/www.mines-stetienne.fr\/panoramines\/#website"},"primaryImageOfPage":{"@id":"https:\/\/www.mines-stetienne.fr\/panoramines\/2018\/04\/06\/reussites-etudiantes\/#primaryimage"},"image":{"@id":"https:\/\/www.mines-stetienne.fr\/panoramines\/2018\/04\/06\/reussites-etudiantes\/#primaryimage"},"thumbnailUrl":"https:\/\/www.mines-stetienne.fr\/panoramines\/wp-content\/uploads\/sites\/3\/2018\/04\/etienne-233x300.jpg","datePublished":"2018-04-06T06:47:42+00:00","dateModified":"2024-03-07T15:45:28+00:00","author":{"@id":"https:\/\/www.mines-stetienne.fr\/panoramines\/#\/schema\/person\/95e752e6dedac604ce4535123e0f8df7"},"breadcrumb":{"@id":"https:\/\/www.mines-stetienne.fr\/panoramines\/2018\/04\/06\/reussites-etudiantes\/#breadcrumb"},"inLanguage":"fr-FR","potentialAction":[{"@type":"ReadAction","target":["https:\/\/www.mines-stetienne.fr\/panoramines\/2018\/04\/06\/reussites-etudiantes\/"]}]},{"@type":"ImageObject","inLanguage":"fr-FR","@id":"https:\/\/www.mines-stetienne.fr\/panoramines\/2018\/04\/06\/reussites-etudiantes\/#primaryimage","url":"https:\/\/www.mines-stetienne.fr\/panoramines\/wp-content\/uploads\/sites\/3\/2018\/04\/etienne.jpg","contentUrl":"https:\/\/www.mines-stetienne.fr\/panoramines\/wp-content\/uploads\/sites\/3\/2018\/04\/etienne.jpg","width":369,"height":475},{"@type":"BreadcrumbList","@id":"https:\/\/www.mines-stetienne.fr\/panoramines\/2018\/04\/06\/reussites-etudiantes\/#breadcrumb","itemListElement":[{"@type":"ListItem","position":1,"name":"Accueil","item":"https:\/\/www.mines-stetienne.fr\/panoramines\/"},{"@type":"ListItem","position":2,"name":"R\u00e9ussites \u00e9tudiantes"}]},{"@type":"WebSite","@id":"https:\/\/www.mines-stetienne.fr\/panoramines\/#website","url":"https:\/\/www.mines-stetienne.fr\/panoramines\/","name":"Panoramines","description":"Panoramines, l\u2019actualit\u00e9 de MINES Saint-\u00c9tienne","potentialAction":[{"@type":"SearchAction","target":{"@type":"EntryPoint","urlTemplate":"https:\/\/www.mines-stetienne.fr\/panoramines\/?s={search_term_string}"},"query-input":{"@type":"PropertyValueSpecification","valueRequired":true,"valueName":"search_term_string"}}],"inLanguage":"fr-FR"},{"@type":"Person","@id":"https:\/\/www.mines-stetienne.fr\/panoramines\/#\/schema\/person\/95e752e6dedac604ce4535123e0f8df7","name":"Nathalie","image":{"@type":"ImageObject","inLanguage":"fr-FR","@id":"https:\/\/www.mines-stetienne.fr\/panoramines\/wp-content\/uploads\/sites\/3\/2021\/07\/logo-75x75-1.png","url":"https:\/\/www.mines-stetienne.fr\/panoramines\/wp-content\/uploads\/sites\/3\/2021\/07\/logo-75x75-1.png","contentUrl":"https:\/\/www.mines-stetienne.fr\/panoramines\/wp-content\/uploads\/sites\/3\/2021\/07\/logo-75x75-1.png","caption":"Nathalie"},"url":"https:\/\/www.mines-stetienne.fr\/panoramines\/author\/nathalie\/"}]}},"_links":{"self":[{"href":"https:\/\/www.mines-stetienne.fr\/panoramines\/wp-json\/wp\/v2\/posts\/12436","targetHints":{"allow":["GET"]}}],"collection":[{"href":"https:\/\/www.mines-stetienne.fr\/panoramines\/wp-json\/wp\/v2\/posts"}],"about":[{"href":"https:\/\/www.mines-stetienne.fr\/panoramines\/wp-json\/wp\/v2\/types\/post"}],"author":[{"embeddable":true,"href":"https:\/\/www.mines-stetienne.fr\/panoramines\/wp-json\/wp\/v2\/users\/3"}],"replies":[{"embeddable":true,"href":"https:\/\/www.mines-stetienne.fr\/panoramines\/wp-json\/wp\/v2\/comments?post=12436"}],"version-history":[{"count":19,"href":"https:\/\/www.mines-stetienne.fr\/panoramines\/wp-json\/wp\/v2\/posts\/12436\/revisions"}],"predecessor-version":[{"id":12771,"href":"https:\/\/www.mines-stetienne.fr\/panoramines\/wp-json\/wp\/v2\/posts\/12436\/revisions\/12771"}],"wp:attachment":[{"href":"https:\/\/www.mines-stetienne.fr\/panoramines\/wp-json\/wp\/v2\/media?parent=12436"}],"wp:term":[{"taxonomy":"category","embeddable":true,"href":"https:\/\/www.mines-stetienne.fr\/panoramines\/wp-json\/wp\/v2\/categories?post=12436"},{"taxonomy":"post_tag","embeddable":true,"href":"https:\/\/www.mines-stetienne.fr\/panoramines\/wp-json\/wp\/v2\/tags?post=12436"}],"curies":[{"name":"wp","href":"https:\/\/api.w.org\/{rel}","templated":true}]}}