{"id":12253,"date":"2018-03-16T15:30:28","date_gmt":"2018-03-16T14:30:28","guid":{"rendered":"https:\/\/www.mines-stetienne.fr\/panoramines\/?p=12253"},"modified":"2018-03-21T11:09:04","modified_gmt":"2018-03-21T10:09:04","slug":"lancement-de-la-chaire-infrastructures-et-territoires-durables","status":"publish","type":"post","link":"https:\/\/www.mines-stetienne.fr\/panoramines\/2018\/03\/16\/lancement-de-la-chaire-infrastructures-et-territoires-durables\/","title":{"rendered":"Lancement de la chaire Infrastructures et territoires durables"},"content":{"rendered":"<h4><span style=\"color: #800080\">La signature le 15 mars \u00e0 Gen\u00e8ve d&rsquo;une convention entre l&rsquo;\u00c9cole des Mines de Saint-\u00c9tienne et la Fondation R20 (Regions of Climate Action) a marqu\u00e9 la cr\u00e9ation de la chaire qui porte sur la r\u00e9silience et la lutte contre le changement climatique en Afrique. Elle apportera son soutien pour valoriser les projets d\u00e9di\u00e9s \u00e0 l&rsquo;\u00e9conomie verte, en lien avec notre formation sp\u00e9cialis\u00e9e.<\/span><\/h4>\n<p>Initi\u00e9e par notre \u00c9cole et la <a href=\"https:\/\/regions20.org\">Fondation R20<\/a>, cette chaire va permettre, \u00e0 travers la formation, le renforcement de capacit\u00e9 et l\u2019acc\u00e8s aux connaissances, d\u2019appuyer les porteurs de projets exclusivement au sein du territoire africain dans la phase de structuration.<\/p>\n<div id=\"attachment_12257\" style=\"width: 563px\" class=\"wp-caption alignnone\"><img loading=\"lazy\" decoding=\"async\" aria-describedby=\"caption-attachment-12257\" class=\"wp-image-12257 \" src=\"https:\/\/www.mines-stetienne.fr\/panoramines\/wp-content\/uploads\/sites\/3\/2018\/03\/Signature1.jpg\" alt=\"\" width=\"553\" height=\"330\" srcset=\"https:\/\/www.mines-stetienne.fr\/panoramines\/wp-content\/uploads\/sites\/3\/2018\/03\/Signature1.jpg 635w, https:\/\/www.mines-stetienne.fr\/panoramines\/wp-content\/uploads\/sites\/3\/2018\/03\/Signature1-300x179.jpg 300w\" sizes=\"auto, (max-width: 553px) 100vw, 553px\" \/><p id=\"caption-attachment-12257\" class=\"wp-caption-text\">Pascal RAY, directeur de l&rsquo;\u00c9cole et Armand JOST, pr\u00e9sident de la Fondation R20 (repr\u00e9sentant Christophe Nuttall, directeur ex\u00e9cutif du R20)<\/p><\/div>\n<p><strong>Les enjeux soci\u00e9taux<\/strong> sont au c\u0153ur des pr\u00e9occupations de l&rsquo;\u00c9cole, <strong>pr\u00e9sente \u00e0 Oran<\/strong> depuis 2016 et \u00e0 <strong>Abidjan en 2018<\/strong> avec son <a href=\"https:\/\/www.mines-stetienne.fr\/formation\/mastere-specialise-territoires-technologie-et-financement-de-portefeuille-de-projets-innovants-pour-leconomie-verte\/\">Mast\u00e8re Sp\u00e9cialis\u00e9\u00a0 Territoires, Technologie et Financement de Portefeuille de Projets Innovants pour l\u2019\u00c9conomie Verte<\/a>.\u00a0 Cette offre de <strong>formation d&rsquo;excellence reli\u00e9e \u00e0 la chaire<\/strong> sera d\u00e9ploy\u00e9e dans plusieurs pays en Afrique francophone.<\/p>\n<h5>Illustration avec la remise des dipl\u00f4mes de la premi\u00e8re promotion<\/h5>\n<p>Elle a couronn\u00e9 en f\u00e9vrier dernier le parcours des 13 premiers \u00e9tudiants \u00e0 Oran, dont :<\/p>\n<p><img loading=\"lazy\" decoding=\"async\" class=\" wp-image-12260 alignnone\" src=\"https:\/\/www.mines-stetienne.fr\/panoramines\/wp-content\/uploads\/sites\/3\/2018\/03\/MSPPIEV1N.Akli_-300x225.jpg\" alt=\"\" width=\"320\" height=\"240\" srcset=\"https:\/\/www.mines-stetienne.fr\/panoramines\/wp-content\/uploads\/sites\/3\/2018\/03\/MSPPIEV1N.Akli_-300x225.jpg 300w, https:\/\/www.mines-stetienne.fr\/panoramines\/wp-content\/uploads\/sites\/3\/2018\/03\/MSPPIEV1N.Akli_.jpg 500w\" sizes=\"auto, (max-width: 320px) 100vw, 320px\" \/> <img loading=\"lazy\" decoding=\"async\" class=\" wp-image-12261 alignnone\" src=\"https:\/\/www.mines-stetienne.fr\/panoramines\/wp-content\/uploads\/sites\/3\/2018\/03\/MSPPIEV2S.Lahmar-300x230.jpg\" alt=\"\" width=\"313\" height=\"240\" srcset=\"https:\/\/www.mines-stetienne.fr\/panoramines\/wp-content\/uploads\/sites\/3\/2018\/03\/MSPPIEV2S.Lahmar-300x230.jpg 300w, https:\/\/www.mines-stetienne.fr\/panoramines\/wp-content\/uploads\/sites\/3\/2018\/03\/MSPPIEV2S.Lahmar.jpg 500w\" sizes=\"auto, (max-width: 313px) 100vw, 313px\" \/><\/p>\n<p><strong>Sofiane Lahmar<\/strong>, pour son travail sur l&rsquo;Int\u00e9gration de l\u2019efficacit\u00e9 \u00e9nerg\u00e9tique dans la r\u00e9alisation des 606 logements priv\u00e9s \u00e0 Annaba , actuellement en CDD chez Meditbat,<br \/>\net<br \/>\n<strong>Nassim Akli<\/strong>, \u00ab\u00a0Contribution \u00e0 l\u2019am\u00e9lioration de la collecte et le recyclage des huiles moteurs usag\u00e9es en Alg\u00e9rie (cas de la wilaya d\u2019Alger) \u00bb, actuellement en CDI au Centre National des Technologies de Production plus Propre.<\/p>\n<hr \/>\n<p>&nbsp;<\/p>\n","protected":false},"excerpt":{"rendered":"<p>La signature le 15 mars \u00e0 Gen\u00e8ve d&rsquo;une convention entre l&rsquo;\u00c9cole des Mines de Saint-\u00c9tienne et la Fondation R20 (Regions of Climate Action) a marqu\u00e9 la cr\u00e9ation de la chaire qui porte sur la r\u00e9silience et la lutte contre le &hellip;<\/p>\n","protected":false},"author":3,"featured_media":12258,"comment_status":"closed","ping_status":"open","sticky":false,"template":"","format":"standard","meta":{"_relevanssi_hide_post":"","_relevanssi_hide_content":"","_relevanssi_pin_for_all":"","_relevanssi_pin_keywords":"","_relevanssi_unpin_keywords":"","_relevanssi_related_keywords":"","_relevanssi_related_include_ids":"","_relevanssi_related_exclude_ids":"","_relevanssi_related_no_append":"","_relevanssi_related_not_related":"","_relevanssi_related_posts":"","_relevanssi_noindex_reason":"","footnotes":""},"categories":[11],"tags":[247,118,78,53,29],"class_list":["post-12253","post","type-post","status-publish","format-standard","has-post-thumbnail","hentry","category-vie-de-l-ecole","tag-afrique","tag-chaire","tag-developpement-durable","tag-international","tag-mastere-specialise"],"pp_statuses_selecting_workflow":false,"pp_workflow_action":"current","pp_status_selection":"publish","pp_force_visibility":null,"pp_subpost_visibility":null,"pp_inherited_force_visibility":null,"pp_inherited_subpost_visibility":null,"yoast_head":"<!-- This site is optimized with the Yoast SEO plugin v27.5 - https:\/\/yoast.com\/product\/yoast-seo-wordpress\/ -->\n<title>Lancement de la chaire Infrastructures et territoires durables - Panoramines<\/title>\n<meta name=\"robots\" content=\"index, follow, max-snippet:-1, max-image-preview:large, max-video-preview:-1\" \/>\n<link rel=\"canonical\" href=\"https:\/\/www.mines-stetienne.fr\/panoramines\/2018\/03\/16\/lancement-de-la-chaire-infrastructures-et-territoires-durables\/\" \/>\n<meta property=\"og:locale\" content=\"fr_FR\" \/>\n<meta property=\"og:type\" content=\"article\" \/>\n<meta property=\"og:title\" content=\"Lancement de la chaire Infrastructures et territoires durables - Panoramines\" \/>\n<meta property=\"og:description\" content=\"La signature le 15 mars \u00e0 Gen\u00e8ve d&rsquo;une convention entre l&rsquo;\u00c9cole des Mines de Saint-\u00c9tienne et la Fondation R20 (Regions of Climate Action) a marqu\u00e9 la cr\u00e9ation de la chaire qui porte sur la r\u00e9silience et la lutte contre le &hellip;\" \/>\n<meta property=\"og:url\" content=\"https:\/\/www.mines-stetienne.fr\/panoramines\/2018\/03\/16\/lancement-de-la-chaire-infrastructures-et-territoires-durables\/\" \/>\n<meta property=\"og:site_name\" content=\"Panoramines\" \/>\n<meta property=\"article:published_time\" content=\"2018-03-16T14:30:28+00:00\" \/>\n<meta property=\"article:modified_time\" content=\"2018-03-21T10:09:04+00:00\" \/>\n<meta property=\"og:image\" content=\"https:\/\/www.mines-stetienne.fr\/panoramines\/wp-content\/uploads\/sites\/3\/2018\/03\/UneChaireDev.jpg\" \/>\n\t<meta property=\"og:image:width\" content=\"700\" \/>\n\t<meta property=\"og:image:height\" content=\"389\" \/>\n\t<meta property=\"og:image:type\" content=\"image\/jpeg\" \/>\n<meta name=\"author\" content=\"Nathalie\" \/>\n<meta name=\"twitter:card\" content=\"summary_large_image\" \/>\n<meta name=\"twitter:label1\" content=\"\u00c9crit par\" \/>\n\t<meta name=\"twitter:data1\" content=\" Nathalie\" \/>\n\t<meta name=\"twitter:label2\" content=\"Dur\u00e9e de lecture estim\u00e9e\" \/>\n\t<meta name=\"twitter:data2\" content=\"1 minute\" \/>\n<script type=\"application\/ld+json\" class=\"yoast-schema-graph\">{\"@context\":\"https:\\\/\\\/schema.org\",\"@graph\":[{\"@type\":\"Article\",\"@id\":\"https:\\\/\\\/www.mines-stetienne.fr\\\/panoramines\\\/2018\\\/03\\\/16\\\/lancement-de-la-chaire-infrastructures-et-territoires-durables\\\/#article\",\"isPartOf\":{\"@id\":\"https:\\\/\\\/www.mines-stetienne.fr\\\/panoramines\\\/2018\\\/03\\\/16\\\/lancement-de-la-chaire-infrastructures-et-territoires-durables\\\/\"},\"author\":{\"name\":\"Nathalie\",\"@id\":\"https:\\\/\\\/www.mines-stetienne.fr\\\/panoramines\\\/#\\\/schema\\\/person\\\/95e752e6dedac604ce4535123e0f8df7\"},\"headline\":\"Lancement de la chaire Infrastructures et territoires durables\",\"datePublished\":\"2018-03-16T14:30:28+00:00\",\"dateModified\":\"2018-03-21T10:09:04+00:00\",\"mainEntityOfPage\":{\"@id\":\"https:\\\/\\\/www.mines-stetienne.fr\\\/panoramines\\\/2018\\\/03\\\/16\\\/lancement-de-la-chaire-infrastructures-et-territoires-durables\\\/\"},\"wordCount\":303,\"image\":{\"@id\":\"https:\\\/\\\/www.mines-stetienne.fr\\\/panoramines\\\/2018\\\/03\\\/16\\\/lancement-de-la-chaire-infrastructures-et-territoires-durables\\\/#primaryimage\"},\"thumbnailUrl\":\"https:\\\/\\\/www.mines-stetienne.fr\\\/panoramines\\\/wp-content\\\/uploads\\\/sites\\\/3\\\/2018\\\/03\\\/UneChaireDev.jpg\",\"keywords\":[\"Afrique\",\"Chaire\",\"D\u00e9veloppement durable\",\"International\",\"Mast\u00e8re Sp\u00e9cialis\u00e9\"],\"articleSection\":[\"Vie de l'\u00c9cole\"],\"inLanguage\":\"fr-FR\"},{\"@type\":\"WebPage\",\"@id\":\"https:\\\/\\\/www.mines-stetienne.fr\\\/panoramines\\\/2018\\\/03\\\/16\\\/lancement-de-la-chaire-infrastructures-et-territoires-durables\\\/\",\"url\":\"https:\\\/\\\/www.mines-stetienne.fr\\\/panoramines\\\/2018\\\/03\\\/16\\\/lancement-de-la-chaire-infrastructures-et-territoires-durables\\\/\",\"name\":\"Lancement de la chaire Infrastructures et territoires durables - Panoramines\",\"isPartOf\":{\"@id\":\"https:\\\/\\\/www.mines-stetienne.fr\\\/panoramines\\\/#website\"},\"primaryImageOfPage\":{\"@id\":\"https:\\\/\\\/www.mines-stetienne.fr\\\/panoramines\\\/2018\\\/03\\\/16\\\/lancement-de-la-chaire-infrastructures-et-territoires-durables\\\/#primaryimage\"},\"image\":{\"@id\":\"https:\\\/\\\/www.mines-stetienne.fr\\\/panoramines\\\/2018\\\/03\\\/16\\\/lancement-de-la-chaire-infrastructures-et-territoires-durables\\\/#primaryimage\"},\"thumbnailUrl\":\"https:\\\/\\\/www.mines-stetienne.fr\\\/panoramines\\\/wp-content\\\/uploads\\\/sites\\\/3\\\/2018\\\/03\\\/UneChaireDev.jpg\",\"datePublished\":\"2018-03-16T14:30:28+00:00\",\"dateModified\":\"2018-03-21T10:09:04+00:00\",\"author\":{\"@id\":\"https:\\\/\\\/www.mines-stetienne.fr\\\/panoramines\\\/#\\\/schema\\\/person\\\/95e752e6dedac604ce4535123e0f8df7\"},\"breadcrumb\":{\"@id\":\"https:\\\/\\\/www.mines-stetienne.fr\\\/panoramines\\\/2018\\\/03\\\/16\\\/lancement-de-la-chaire-infrastructures-et-territoires-durables\\\/#breadcrumb\"},\"inLanguage\":\"fr-FR\",\"potentialAction\":[{\"@type\":\"ReadAction\",\"target\":[\"https:\\\/\\\/www.mines-stetienne.fr\\\/panoramines\\\/2018\\\/03\\\/16\\\/lancement-de-la-chaire-infrastructures-et-territoires-durables\\\/\"]}]},{\"@type\":\"ImageObject\",\"inLanguage\":\"fr-FR\",\"@id\":\"https:\\\/\\\/www.mines-stetienne.fr\\\/panoramines\\\/2018\\\/03\\\/16\\\/lancement-de-la-chaire-infrastructures-et-territoires-durables\\\/#primaryimage\",\"url\":\"https:\\\/\\\/www.mines-stetienne.fr\\\/panoramines\\\/wp-content\\\/uploads\\\/sites\\\/3\\\/2018\\\/03\\\/UneChaireDev.jpg\",\"contentUrl\":\"https:\\\/\\\/www.mines-stetienne.fr\\\/panoramines\\\/wp-content\\\/uploads\\\/sites\\\/3\\\/2018\\\/03\\\/UneChaireDev.jpg\",\"width\":700,\"height\":389},{\"@type\":\"BreadcrumbList\",\"@id\":\"https:\\\/\\\/www.mines-stetienne.fr\\\/panoramines\\\/2018\\\/03\\\/16\\\/lancement-de-la-chaire-infrastructures-et-territoires-durables\\\/#breadcrumb\",\"itemListElement\":[{\"@type\":\"ListItem\",\"position\":1,\"name\":\"Accueil\",\"item\":\"https:\\\/\\\/www.mines-stetienne.fr\\\/panoramines\\\/\"},{\"@type\":\"ListItem\",\"position\":2,\"name\":\"Lancement de la chaire Infrastructures et territoires durables\"}]},{\"@type\":\"WebSite\",\"@id\":\"https:\\\/\\\/www.mines-stetienne.fr\\\/panoramines\\\/#website\",\"url\":\"https:\\\/\\\/www.mines-stetienne.fr\\\/panoramines\\\/\",\"name\":\"Panoramines\",\"description\":\"Panoramines, l\u2019actualit\u00e9 de MINES Saint-\u00c9tienne\",\"potentialAction\":[{\"@type\":\"SearchAction\",\"target\":{\"@type\":\"EntryPoint\",\"urlTemplate\":\"https:\\\/\\\/www.mines-stetienne.fr\\\/panoramines\\\/?s={search_term_string}\"},\"query-input\":{\"@type\":\"PropertyValueSpecification\",\"valueRequired\":true,\"valueName\":\"search_term_string\"}}],\"inLanguage\":\"fr-FR\"},{\"@type\":\"Person\",\"@id\":\"https:\\\/\\\/www.mines-stetienne.fr\\\/panoramines\\\/#\\\/schema\\\/person\\\/95e752e6dedac604ce4535123e0f8df7\",\"name\":\"Nathalie\",\"image\":{\"@type\":\"ImageObject\",\"inLanguage\":\"fr-FR\",\"@id\":\"https:\\\/\\\/www.mines-stetienne.fr\\\/panoramines\\\/wp-content\\\/uploads\\\/sites\\\/3\\\/2021\\\/07\\\/logo-75x75-1.png\",\"url\":\"https:\\\/\\\/www.mines-stetienne.fr\\\/panoramines\\\/wp-content\\\/uploads\\\/sites\\\/3\\\/2021\\\/07\\\/logo-75x75-1.png\",\"contentUrl\":\"https:\\\/\\\/www.mines-stetienne.fr\\\/panoramines\\\/wp-content\\\/uploads\\\/sites\\\/3\\\/2021\\\/07\\\/logo-75x75-1.png\",\"caption\":\"Nathalie\"},\"url\":\"https:\\\/\\\/www.mines-stetienne.fr\\\/panoramines\\\/author\\\/nathalie\\\/\"}]}<\/script>\n<!-- \/ Yoast SEO plugin. -->","yoast_head_json":{"title":"Lancement de la chaire Infrastructures et territoires durables - Panoramines","robots":{"index":"index","follow":"follow","max-snippet":"max-snippet:-1","max-image-preview":"max-image-preview:large","max-video-preview":"max-video-preview:-1"},"canonical":"https:\/\/www.mines-stetienne.fr\/panoramines\/2018\/03\/16\/lancement-de-la-chaire-infrastructures-et-territoires-durables\/","og_locale":"fr_FR","og_type":"article","og_title":"Lancement de la chaire Infrastructures et territoires durables - Panoramines","og_description":"La signature le 15 mars \u00e0 Gen\u00e8ve d&rsquo;une convention entre l&rsquo;\u00c9cole des Mines de Saint-\u00c9tienne et la Fondation R20 (Regions of Climate Action) a marqu\u00e9 la cr\u00e9ation de la chaire qui porte sur la r\u00e9silience et la lutte contre le &hellip;","og_url":"https:\/\/www.mines-stetienne.fr\/panoramines\/2018\/03\/16\/lancement-de-la-chaire-infrastructures-et-territoires-durables\/","og_site_name":"Panoramines","article_published_time":"2018-03-16T14:30:28+00:00","article_modified_time":"2018-03-21T10:09:04+00:00","og_image":[{"width":700,"height":389,"url":"https:\/\/www.mines-stetienne.fr\/panoramines\/wp-content\/uploads\/sites\/3\/2018\/03\/UneChaireDev.jpg","type":"image\/jpeg"}],"author":"Nathalie","twitter_card":"summary_large_image","twitter_misc":{"\u00c9crit par":" Nathalie","Dur\u00e9e de lecture estim\u00e9e":"1 minute"},"schema":{"@context":"https:\/\/schema.org","@graph":[{"@type":"Article","@id":"https:\/\/www.mines-stetienne.fr\/panoramines\/2018\/03\/16\/lancement-de-la-chaire-infrastructures-et-territoires-durables\/#article","isPartOf":{"@id":"https:\/\/www.mines-stetienne.fr\/panoramines\/2018\/03\/16\/lancement-de-la-chaire-infrastructures-et-territoires-durables\/"},"author":{"name":"Nathalie","@id":"https:\/\/www.mines-stetienne.fr\/panoramines\/#\/schema\/person\/95e752e6dedac604ce4535123e0f8df7"},"headline":"Lancement de la chaire Infrastructures et territoires durables","datePublished":"2018-03-16T14:30:28+00:00","dateModified":"2018-03-21T10:09:04+00:00","mainEntityOfPage":{"@id":"https:\/\/www.mines-stetienne.fr\/panoramines\/2018\/03\/16\/lancement-de-la-chaire-infrastructures-et-territoires-durables\/"},"wordCount":303,"image":{"@id":"https:\/\/www.mines-stetienne.fr\/panoramines\/2018\/03\/16\/lancement-de-la-chaire-infrastructures-et-territoires-durables\/#primaryimage"},"thumbnailUrl":"https:\/\/www.mines-stetienne.fr\/panoramines\/wp-content\/uploads\/sites\/3\/2018\/03\/UneChaireDev.jpg","keywords":["Afrique","Chaire","D\u00e9veloppement durable","International","Mast\u00e8re Sp\u00e9cialis\u00e9"],"articleSection":["Vie de l'\u00c9cole"],"inLanguage":"fr-FR"},{"@type":"WebPage","@id":"https:\/\/www.mines-stetienne.fr\/panoramines\/2018\/03\/16\/lancement-de-la-chaire-infrastructures-et-territoires-durables\/","url":"https:\/\/www.mines-stetienne.fr\/panoramines\/2018\/03\/16\/lancement-de-la-chaire-infrastructures-et-territoires-durables\/","name":"Lancement de la chaire Infrastructures et territoires durables - Panoramines","isPartOf":{"@id":"https:\/\/www.mines-stetienne.fr\/panoramines\/#website"},"primaryImageOfPage":{"@id":"https:\/\/www.mines-stetienne.fr\/panoramines\/2018\/03\/16\/lancement-de-la-chaire-infrastructures-et-territoires-durables\/#primaryimage"},"image":{"@id":"https:\/\/www.mines-stetienne.fr\/panoramines\/2018\/03\/16\/lancement-de-la-chaire-infrastructures-et-territoires-durables\/#primaryimage"},"thumbnailUrl":"https:\/\/www.mines-stetienne.fr\/panoramines\/wp-content\/uploads\/sites\/3\/2018\/03\/UneChaireDev.jpg","datePublished":"2018-03-16T14:30:28+00:00","dateModified":"2018-03-21T10:09:04+00:00","author":{"@id":"https:\/\/www.mines-stetienne.fr\/panoramines\/#\/schema\/person\/95e752e6dedac604ce4535123e0f8df7"},"breadcrumb":{"@id":"https:\/\/www.mines-stetienne.fr\/panoramines\/2018\/03\/16\/lancement-de-la-chaire-infrastructures-et-territoires-durables\/#breadcrumb"},"inLanguage":"fr-FR","potentialAction":[{"@type":"ReadAction","target":["https:\/\/www.mines-stetienne.fr\/panoramines\/2018\/03\/16\/lancement-de-la-chaire-infrastructures-et-territoires-durables\/"]}]},{"@type":"ImageObject","inLanguage":"fr-FR","@id":"https:\/\/www.mines-stetienne.fr\/panoramines\/2018\/03\/16\/lancement-de-la-chaire-infrastructures-et-territoires-durables\/#primaryimage","url":"https:\/\/www.mines-stetienne.fr\/panoramines\/wp-content\/uploads\/sites\/3\/2018\/03\/UneChaireDev.jpg","contentUrl":"https:\/\/www.mines-stetienne.fr\/panoramines\/wp-content\/uploads\/sites\/3\/2018\/03\/UneChaireDev.jpg","width":700,"height":389},{"@type":"BreadcrumbList","@id":"https:\/\/www.mines-stetienne.fr\/panoramines\/2018\/03\/16\/lancement-de-la-chaire-infrastructures-et-territoires-durables\/#breadcrumb","itemListElement":[{"@type":"ListItem","position":1,"name":"Accueil","item":"https:\/\/www.mines-stetienne.fr\/panoramines\/"},{"@type":"ListItem","position":2,"name":"Lancement de la chaire Infrastructures et territoires durables"}]},{"@type":"WebSite","@id":"https:\/\/www.mines-stetienne.fr\/panoramines\/#website","url":"https:\/\/www.mines-stetienne.fr\/panoramines\/","name":"Panoramines","description":"Panoramines, l\u2019actualit\u00e9 de MINES Saint-\u00c9tienne","potentialAction":[{"@type":"SearchAction","target":{"@type":"EntryPoint","urlTemplate":"https:\/\/www.mines-stetienne.fr\/panoramines\/?s={search_term_string}"},"query-input":{"@type":"PropertyValueSpecification","valueRequired":true,"valueName":"search_term_string"}}],"inLanguage":"fr-FR"},{"@type":"Person","@id":"https:\/\/www.mines-stetienne.fr\/panoramines\/#\/schema\/person\/95e752e6dedac604ce4535123e0f8df7","name":"Nathalie","image":{"@type":"ImageObject","inLanguage":"fr-FR","@id":"https:\/\/www.mines-stetienne.fr\/panoramines\/wp-content\/uploads\/sites\/3\/2021\/07\/logo-75x75-1.png","url":"https:\/\/www.mines-stetienne.fr\/panoramines\/wp-content\/uploads\/sites\/3\/2021\/07\/logo-75x75-1.png","contentUrl":"https:\/\/www.mines-stetienne.fr\/panoramines\/wp-content\/uploads\/sites\/3\/2021\/07\/logo-75x75-1.png","caption":"Nathalie"},"url":"https:\/\/www.mines-stetienne.fr\/panoramines\/author\/nathalie\/"}]}},"_links":{"self":[{"href":"https:\/\/www.mines-stetienne.fr\/panoramines\/wp-json\/wp\/v2\/posts\/12253","targetHints":{"allow":["GET"]}}],"collection":[{"href":"https:\/\/www.mines-stetienne.fr\/panoramines\/wp-json\/wp\/v2\/posts"}],"about":[{"href":"https:\/\/www.mines-stetienne.fr\/panoramines\/wp-json\/wp\/v2\/types\/post"}],"author":[{"embeddable":true,"href":"https:\/\/www.mines-stetienne.fr\/panoramines\/wp-json\/wp\/v2\/users\/3"}],"replies":[{"embeddable":true,"href":"https:\/\/www.mines-stetienne.fr\/panoramines\/wp-json\/wp\/v2\/comments?post=12253"}],"version-history":[{"count":12,"href":"https:\/\/www.mines-stetienne.fr\/panoramines\/wp-json\/wp\/v2\/posts\/12253\/revisions"}],"predecessor-version":[{"id":12342,"href":"https:\/\/www.mines-stetienne.fr\/panoramines\/wp-json\/wp\/v2\/posts\/12253\/revisions\/12342"}],"wp:featuredmedia":[{"embeddable":true,"href":"https:\/\/www.mines-stetienne.fr\/panoramines\/wp-json\/wp\/v2\/media\/12258"}],"wp:attachment":[{"href":"https:\/\/www.mines-stetienne.fr\/panoramines\/wp-json\/wp\/v2\/media?parent=12253"}],"wp:term":[{"taxonomy":"category","embeddable":true,"href":"https:\/\/www.mines-stetienne.fr\/panoramines\/wp-json\/wp\/v2\/categories?post=12253"},{"taxonomy":"post_tag","embeddable":true,"href":"https:\/\/www.mines-stetienne.fr\/panoramines\/wp-json\/wp\/v2\/tags?post=12253"}],"curies":[{"name":"wp","href":"https:\/\/api.w.org\/{rel}","templated":true}]}}