{"id":11951,"date":"2018-03-07T08:29:42","date_gmt":"2018-03-07T07:29:42","guid":{"rendered":"https:\/\/www.mines-stetienne.fr\/panoramines\/?p=11951"},"modified":"2024-03-07T16:45:36","modified_gmt":"2024-03-07T15:45:36","slug":"winter-innovation-lab-une-semaine-de-prototypage","status":"publish","type":"post","link":"https:\/\/www.mines-stetienne.fr\/panoramines\/2018\/03\/07\/winter-innovation-lab-une-semaine-de-prototypage\/","title":{"rendered":"\u00ab\u00a0Winter Innovation Lab\u00a0\u00bb : une semaine de prototypage"},"content":{"rendered":"<h4><span style=\"color: #800080\">La premi\u00e8re \u00e9dition du <a style=\"color: #800080\" href=\"http:\/\/www.winterinnovationlab.fr\/\">Winter Innovation Lab<\/a>,\u00a0<\/span>co-organis\u00e9e par les \u00e9tablissements d&rsquo;enseignement sup\u00e9rieur st\u00e9phanois, le Cr\u00e9dit Agricole et le <a href=\"https:\/\/www.beelys.org\/\">Pepite Beelys Lyon Saint-\u00c9tienne,<\/a><span style=\"color: #800080\">\u00a0s&rsquo;est d\u00e9roul\u00e9e du 26 f\u00e9vrier au 2 mars \u00e0 Saint-\u00c9tienne. 40 participants, <\/span>dont cinq \u00e9l\u00e8ves-ing\u00e9nieurs de Mines Saint-\u00c9tienne, <span style=\"color: #800080\">repr\u00e9sentant 30\u00a0projets de start-up dans le prototypage ont \u00e9t\u00e9 accompagn\u00e9s \u00e0 la pr\u00e9-fabrique de l&rsquo;innovation.<\/span><\/h4>\n<p>\u2022 Trois \u00e9l\u00e8ves ing\u00e9nieurs ICM 2e ann\u00e9e ont particip\u00e9 \u00e0 cette premi\u00e8re \u00e9dition Winter Innovation Lab dans le cadre de<strong> <a href=\"https:\/\/www.mines-stetienne.fr\/panoramines\/2018\/01\/24\/systole-detecte-troubles-rythme-cardiaque-grace-aux-biocapteurs\/\">Systole<\/a><\/strong> : <strong>Guillaume Abot, Pauline Chevreau, Matthieu Benoiton. <\/strong>Ce projet accompagn\u00e9 par <strong>TEAM@Mines Saint-\u00c9tienne<\/strong>, port\u00e9 par <strong>Guillaume Arcese<\/strong>, m\u00e9decin g\u00e9riatre, est \u00e9galement un projet PRICE (cursus ICM). <em>Systole concerne le d\u00e9veloppement d&rsquo;un bracelet \u00e9lectronique pour la d\u00e9tection pr\u00e9coce des troubles du rythme cardiaque.<\/em><\/p>\n<p><strong>\u2022 J\u00e9r\u00f4me Mouret<\/strong> dipl\u00f4m\u00e9 ICM 2017, fondateur de <a href=\"https:\/\/www.mines-stetienne.fr\/panoramines\/2017\/12\/11\/eleve-ingenieur-laureat-hacking-health-lyon-2017\/\"><strong>HOSPIMAP<\/strong><\/a>, est venu prototyper pour son projet de g\u00e9olocalisation et d&rsquo;orientation dans les \u00e9tablissement de sant\u00e9 (interface digitale et physique pour les patients).<\/p>\n<p>\u2022 <strong>Anthony Ciceron<\/strong>, dipl\u00f4m\u00e9 ISMIN 2016, fondateur de <a href=\"https:\/\/www.looink.com\/\" target=\"_blank\" rel=\"noopener\"><strong>Looink<\/strong><\/a>, un \u00ab\u00a0personal Shopper\u00a0\u00bb en ligne, a \u00e9galement pris part \u00e0 cette premi\u00e8re \u00e9dition.<\/p>\n<div id='gallery-1' class='gallery galleryid-11951 gallery-columns-3 gallery-size-thumbnail'><dl class='gallery-item'>\n\t\t\t<dt class='gallery-icon landscape'>\n\t\t\t\t<a href='https:\/\/www.mines-stetienne.fr\/panoramines\/wp-content\/uploads\/sites\/3\/2018\/03\/WILab1.jpg'><img loading=\"lazy\" decoding=\"async\" width=\"150\" height=\"150\" src=\"https:\/\/www.mines-stetienne.fr\/panoramines\/wp-content\/uploads\/sites\/3\/2018\/03\/WILab1-150x150.jpg\" class=\"attachment-thumbnail size-thumbnail\" alt=\"\" srcset=\"https:\/\/www.mines-stetienne.fr\/panoramines\/wp-content\/uploads\/sites\/3\/2018\/03\/WILab1-150x150.jpg 150w, https:\/\/www.mines-stetienne.fr\/panoramines\/wp-content\/uploads\/sites\/3\/2018\/03\/WILab1-75x75.jpg 75w, https:\/\/www.mines-stetienne.fr\/panoramines\/wp-content\/uploads\/sites\/3\/2018\/03\/WILab1-360x360.jpg 360w\" sizes=\"auto, (max-width: 150px) 100vw, 150px\" \/><\/a>\n\t\t\t<\/dt><\/dl><dl class='gallery-item'>\n\t\t\t<dt class='gallery-icon landscape'>\n\t\t\t\t<a href='https:\/\/www.mines-stetienne.fr\/panoramines\/wp-content\/uploads\/sites\/3\/2018\/03\/WILab2.jpg'><img loading=\"lazy\" decoding=\"async\" width=\"150\" height=\"150\" src=\"https:\/\/www.mines-stetienne.fr\/panoramines\/wp-content\/uploads\/sites\/3\/2018\/03\/WILab2-150x150.jpg\" class=\"attachment-thumbnail size-thumbnail\" alt=\"\" srcset=\"https:\/\/www.mines-stetienne.fr\/panoramines\/wp-content\/uploads\/sites\/3\/2018\/03\/WILab2-150x150.jpg 150w, https:\/\/www.mines-stetienne.fr\/panoramines\/wp-content\/uploads\/sites\/3\/2018\/03\/WILab2-75x75.jpg 75w, https:\/\/www.mines-stetienne.fr\/panoramines\/wp-content\/uploads\/sites\/3\/2018\/03\/WILab2-360x360.jpg 360w\" sizes=\"auto, (max-width: 150px) 100vw, 150px\" \/><\/a>\n\t\t\t<\/dt><\/dl><dl class='gallery-item'>\n\t\t\t<dt class='gallery-icon landscape'>\n\t\t\t\t<a href='https:\/\/www.mines-stetienne.fr\/panoramines\/wp-content\/uploads\/sites\/3\/2018\/03\/WILab3.jpg'><img loading=\"lazy\" decoding=\"async\" width=\"150\" height=\"150\" src=\"https:\/\/www.mines-stetienne.fr\/panoramines\/wp-content\/uploads\/sites\/3\/2018\/03\/WILab3-150x150.jpg\" class=\"attachment-thumbnail size-thumbnail\" alt=\"\" srcset=\"https:\/\/www.mines-stetienne.fr\/panoramines\/wp-content\/uploads\/sites\/3\/2018\/03\/WILab3-150x150.jpg 150w, https:\/\/www.mines-stetienne.fr\/panoramines\/wp-content\/uploads\/sites\/3\/2018\/03\/WILab3-75x75.jpg 75w, https:\/\/www.mines-stetienne.fr\/panoramines\/wp-content\/uploads\/sites\/3\/2018\/03\/WILab3-360x360.jpg 360w\" sizes=\"auto, (max-width: 150px) 100vw, 150px\" \/><\/a>\n\t\t\t<\/dt><\/dl><br style=\"clear: both\" \/>\n\t\t<\/div>\n\n<blockquote>\n<p dir=\"auto\">\u00ab\u00a0<em><strong>Winter Innovation Lab<\/strong> : quand l&rsquo;enseignement sup\u00e9rieur de Saint-\u00c9tienne et de Lyon est rassembl\u00e9 pour accompagner les entrepreneurs dans le prototypage, c&rsquo;est une r\u00e9ussite et une \u00e9tape dans le r\u00e9seau <a class=\"twitter-atreply pretty-link js-nav\" href=\"https:\/\/twitter.com\/LeVillagebyCA\" target=\"_blank\" rel=\"noopener\"><b><\/b>LeVillagebyCA<\/a>\u00ab\u00a0<\/em><\/p>\n<\/blockquote>\n<p><strong>Mines Saint-\u00c9tienne est partenaire du Village by CA<\/strong>, \u00e0 l&rsquo;initiative du Cr\u00e9dit Agricole Loire Haute-Loire : une solution de co-h\u00e9bergement pour les projets \u00e0 fort contenu technologique pour accueillir les startups.<\/p>\n<p><strong>Plusieurs \u00e9v\u00e9nements<\/strong> \u00e9taient \u00e9galement organis\u00e9s en parall\u00e8le durant cette semaine : visites de sites st\u00e9phanois, rencontres avec des dirigeants d&rsquo;entreprise&#8230;<\/p>\n<p dir=\"auto\">Contact : <strong>Jean-Michel Degeorge<\/strong>, d\u00e9l\u00e9gu\u00e9 \u00e0 l&rsquo;entrepreneuriat, Campus de Saint-\u00c9tienne et <strong>co-organisateur du <\/strong><a href=\"http:\/\/www.winterinnovationlab.fr\/\"><strong>Winter Innovation Lab<\/strong><\/a><\/p>\n<hr \/>\n<p dir=\"auto\">\n","protected":false},"excerpt":{"rendered":"<p>La premi\u00e8re \u00e9dition du Winter Innovation Lab,\u00a0co-organis\u00e9e par les \u00e9tablissements d&rsquo;enseignement sup\u00e9rieur st\u00e9phanois, le Cr\u00e9dit Agricole et le Pepite Beelys Lyon Saint-\u00c9tienne,\u00a0s&rsquo;est d\u00e9roul\u00e9e du 26 f\u00e9vrier au 2 mars \u00e0 Saint-\u00c9tienne. 40 participants, dont cinq \u00e9l\u00e8ves-ing\u00e9nieurs de Mines Saint-\u00c9tienne, repr\u00e9sentant &hellip;<\/p>\n","protected":false},"author":3,"featured_media":11979,"comment_status":"closed","ping_status":"open","sticky":false,"template":"","format":"standard","meta":{"_relevanssi_hide_post":"","_relevanssi_hide_content":"","_relevanssi_pin_for_all":"","_relevanssi_pin_keywords":"","_relevanssi_unpin_keywords":"","_relevanssi_related_keywords":"","_relevanssi_related_include_ids":"","_relevanssi_related_exclude_ids":"","_relevanssi_related_no_append":"","_relevanssi_related_not_related":"","_relevanssi_related_posts":"","_relevanssi_noindex_reason":"","footnotes":""},"categories":[19],"tags":[300,37,40,42,800,378],"class_list":["post-11951","post","type-post","status-publish","format-standard","has-post-thumbnail","hentry","category-entreprise","tag-beelys","tag-icm","tag-innovation","tag-ismin","tag-saint-etienne-2","tag-village-by-ca"],"pp_statuses_selecting_workflow":false,"pp_workflow_action":"current","pp_status_selection":"publish","pp_force_visibility":null,"pp_subpost_visibility":null,"pp_inherited_force_visibility":null,"pp_inherited_subpost_visibility":null,"yoast_head":"<!-- This site is optimized with the Yoast SEO plugin v27.5 - https:\/\/yoast.com\/product\/yoast-seo-wordpress\/ -->\n<title>&quot;Winter Innovation Lab&quot; : une semaine de prototypage - Panoramines<\/title>\n<meta name=\"robots\" content=\"index, follow, max-snippet:-1, max-image-preview:large, max-video-preview:-1\" \/>\n<link rel=\"canonical\" href=\"https:\/\/www.mines-stetienne.fr\/panoramines\/2018\/03\/07\/winter-innovation-lab-une-semaine-de-prototypage\/\" \/>\n<meta property=\"og:locale\" content=\"fr_FR\" \/>\n<meta property=\"og:type\" content=\"article\" \/>\n<meta property=\"og:title\" content=\"&quot;Winter Innovation Lab&quot; : une semaine de prototypage - Panoramines\" \/>\n<meta property=\"og:description\" content=\"La premi\u00e8re \u00e9dition du Winter Innovation Lab,\u00a0co-organis\u00e9e par les \u00e9tablissements d&rsquo;enseignement sup\u00e9rieur st\u00e9phanois, le Cr\u00e9dit Agricole et le Pepite Beelys Lyon Saint-\u00c9tienne,\u00a0s&rsquo;est d\u00e9roul\u00e9e du 26 f\u00e9vrier au 2 mars \u00e0 Saint-\u00c9tienne. 40 participants, dont cinq \u00e9l\u00e8ves-ing\u00e9nieurs de Mines Saint-\u00c9tienne, repr\u00e9sentant &hellip;\" \/>\n<meta property=\"og:url\" content=\"https:\/\/www.mines-stetienne.fr\/panoramines\/2018\/03\/07\/winter-innovation-lab-une-semaine-de-prototypage\/\" \/>\n<meta property=\"og:site_name\" content=\"Panoramines\" \/>\n<meta property=\"article:published_time\" content=\"2018-03-07T07:29:42+00:00\" \/>\n<meta property=\"article:modified_time\" content=\"2024-03-07T15:45:36+00:00\" \/>\n<meta property=\"og:image\" content=\"https:\/\/www.mines-stetienne.fr\/panoramines\/wp-content\/uploads\/sites\/3\/2018\/03\/UneWiLab2018.jpg\" \/>\n\t<meta property=\"og:image:width\" content=\"700\" \/>\n\t<meta property=\"og:image:height\" content=\"360\" \/>\n\t<meta property=\"og:image:type\" content=\"image\/jpeg\" \/>\n<meta name=\"author\" content=\"Nathalie\" \/>\n<meta name=\"twitter:card\" content=\"summary_large_image\" \/>\n<meta name=\"twitter:label1\" content=\"\u00c9crit par\" \/>\n\t<meta name=\"twitter:data1\" content=\" Nathalie\" \/>\n\t<meta name=\"twitter:label2\" content=\"Dur\u00e9e de lecture estim\u00e9e\" \/>\n\t<meta name=\"twitter:data2\" content=\"2 minutes\" \/>\n<script type=\"application\/ld+json\" class=\"yoast-schema-graph\">{\"@context\":\"https:\\\/\\\/schema.org\",\"@graph\":[{\"@type\":\"Article\",\"@id\":\"https:\\\/\\\/www.mines-stetienne.fr\\\/panoramines\\\/2018\\\/03\\\/07\\\/winter-innovation-lab-une-semaine-de-prototypage\\\/#article\",\"isPartOf\":{\"@id\":\"https:\\\/\\\/www.mines-stetienne.fr\\\/panoramines\\\/2018\\\/03\\\/07\\\/winter-innovation-lab-une-semaine-de-prototypage\\\/\"},\"author\":{\"name\":\"Nathalie\",\"@id\":\"https:\\\/\\\/www.mines-stetienne.fr\\\/panoramines\\\/#\\\/schema\\\/person\\\/95e752e6dedac604ce4535123e0f8df7\"},\"headline\":\"\u00ab\u00a0Winter Innovation Lab\u00a0\u00bb : une semaine de prototypage\",\"datePublished\":\"2018-03-07T07:29:42+00:00\",\"dateModified\":\"2024-03-07T15:45:36+00:00\",\"mainEntityOfPage\":{\"@id\":\"https:\\\/\\\/www.mines-stetienne.fr\\\/panoramines\\\/2018\\\/03\\\/07\\\/winter-innovation-lab-une-semaine-de-prototypage\\\/\"},\"wordCount\":308,\"image\":{\"@id\":\"https:\\\/\\\/www.mines-stetienne.fr\\\/panoramines\\\/2018\\\/03\\\/07\\\/winter-innovation-lab-une-semaine-de-prototypage\\\/#primaryimage\"},\"thumbnailUrl\":\"https:\\\/\\\/www.mines-stetienne.fr\\\/panoramines\\\/wp-content\\\/uploads\\\/sites\\\/3\\\/2018\\\/03\\\/UneWiLab2018.jpg\",\"keywords\":[\"BEELYS\",\"ICM\",\"Innovation\",\"ISMIN\",\"Saint-Etienne\",\"Village by CA\"],\"articleSection\":[\"Entreprise\"],\"inLanguage\":\"fr-FR\"},{\"@type\":\"WebPage\",\"@id\":\"https:\\\/\\\/www.mines-stetienne.fr\\\/panoramines\\\/2018\\\/03\\\/07\\\/winter-innovation-lab-une-semaine-de-prototypage\\\/\",\"url\":\"https:\\\/\\\/www.mines-stetienne.fr\\\/panoramines\\\/2018\\\/03\\\/07\\\/winter-innovation-lab-une-semaine-de-prototypage\\\/\",\"name\":\"\\\"Winter Innovation Lab\\\" : une semaine de prototypage - Panoramines\",\"isPartOf\":{\"@id\":\"https:\\\/\\\/www.mines-stetienne.fr\\\/panoramines\\\/#website\"},\"primaryImageOfPage\":{\"@id\":\"https:\\\/\\\/www.mines-stetienne.fr\\\/panoramines\\\/2018\\\/03\\\/07\\\/winter-innovation-lab-une-semaine-de-prototypage\\\/#primaryimage\"},\"image\":{\"@id\":\"https:\\\/\\\/www.mines-stetienne.fr\\\/panoramines\\\/2018\\\/03\\\/07\\\/winter-innovation-lab-une-semaine-de-prototypage\\\/#primaryimage\"},\"thumbnailUrl\":\"https:\\\/\\\/www.mines-stetienne.fr\\\/panoramines\\\/wp-content\\\/uploads\\\/sites\\\/3\\\/2018\\\/03\\\/UneWiLab2018.jpg\",\"datePublished\":\"2018-03-07T07:29:42+00:00\",\"dateModified\":\"2024-03-07T15:45:36+00:00\",\"author\":{\"@id\":\"https:\\\/\\\/www.mines-stetienne.fr\\\/panoramines\\\/#\\\/schema\\\/person\\\/95e752e6dedac604ce4535123e0f8df7\"},\"breadcrumb\":{\"@id\":\"https:\\\/\\\/www.mines-stetienne.fr\\\/panoramines\\\/2018\\\/03\\\/07\\\/winter-innovation-lab-une-semaine-de-prototypage\\\/#breadcrumb\"},\"inLanguage\":\"fr-FR\",\"potentialAction\":[{\"@type\":\"ReadAction\",\"target\":[\"https:\\\/\\\/www.mines-stetienne.fr\\\/panoramines\\\/2018\\\/03\\\/07\\\/winter-innovation-lab-une-semaine-de-prototypage\\\/\"]}]},{\"@type\":\"ImageObject\",\"inLanguage\":\"fr-FR\",\"@id\":\"https:\\\/\\\/www.mines-stetienne.fr\\\/panoramines\\\/2018\\\/03\\\/07\\\/winter-innovation-lab-une-semaine-de-prototypage\\\/#primaryimage\",\"url\":\"https:\\\/\\\/www.mines-stetienne.fr\\\/panoramines\\\/wp-content\\\/uploads\\\/sites\\\/3\\\/2018\\\/03\\\/UneWiLab2018.jpg\",\"contentUrl\":\"https:\\\/\\\/www.mines-stetienne.fr\\\/panoramines\\\/wp-content\\\/uploads\\\/sites\\\/3\\\/2018\\\/03\\\/UneWiLab2018.jpg\",\"width\":700,\"height\":360},{\"@type\":\"BreadcrumbList\",\"@id\":\"https:\\\/\\\/www.mines-stetienne.fr\\\/panoramines\\\/2018\\\/03\\\/07\\\/winter-innovation-lab-une-semaine-de-prototypage\\\/#breadcrumb\",\"itemListElement\":[{\"@type\":\"ListItem\",\"position\":1,\"name\":\"Accueil\",\"item\":\"https:\\\/\\\/www.mines-stetienne.fr\\\/panoramines\\\/\"},{\"@type\":\"ListItem\",\"position\":2,\"name\":\"\u00ab\u00a0Winter Innovation Lab\u00a0\u00bb : une semaine de prototypage\"}]},{\"@type\":\"WebSite\",\"@id\":\"https:\\\/\\\/www.mines-stetienne.fr\\\/panoramines\\\/#website\",\"url\":\"https:\\\/\\\/www.mines-stetienne.fr\\\/panoramines\\\/\",\"name\":\"Panoramines\",\"description\":\"Panoramines, l\u2019actualit\u00e9 de MINES Saint-\u00c9tienne\",\"potentialAction\":[{\"@type\":\"SearchAction\",\"target\":{\"@type\":\"EntryPoint\",\"urlTemplate\":\"https:\\\/\\\/www.mines-stetienne.fr\\\/panoramines\\\/?s={search_term_string}\"},\"query-input\":{\"@type\":\"PropertyValueSpecification\",\"valueRequired\":true,\"valueName\":\"search_term_string\"}}],\"inLanguage\":\"fr-FR\"},{\"@type\":\"Person\",\"@id\":\"https:\\\/\\\/www.mines-stetienne.fr\\\/panoramines\\\/#\\\/schema\\\/person\\\/95e752e6dedac604ce4535123e0f8df7\",\"name\":\"Nathalie\",\"image\":{\"@type\":\"ImageObject\",\"inLanguage\":\"fr-FR\",\"@id\":\"https:\\\/\\\/www.mines-stetienne.fr\\\/panoramines\\\/wp-content\\\/uploads\\\/sites\\\/3\\\/2021\\\/07\\\/logo-75x75-1.png\",\"url\":\"https:\\\/\\\/www.mines-stetienne.fr\\\/panoramines\\\/wp-content\\\/uploads\\\/sites\\\/3\\\/2021\\\/07\\\/logo-75x75-1.png\",\"contentUrl\":\"https:\\\/\\\/www.mines-stetienne.fr\\\/panoramines\\\/wp-content\\\/uploads\\\/sites\\\/3\\\/2021\\\/07\\\/logo-75x75-1.png\",\"caption\":\"Nathalie\"},\"url\":\"https:\\\/\\\/www.mines-stetienne.fr\\\/panoramines\\\/author\\\/nathalie\\\/\"}]}<\/script>\n<!-- \/ Yoast SEO plugin. -->","yoast_head_json":{"title":"\"Winter Innovation Lab\" : une semaine de prototypage - Panoramines","robots":{"index":"index","follow":"follow","max-snippet":"max-snippet:-1","max-image-preview":"max-image-preview:large","max-video-preview":"max-video-preview:-1"},"canonical":"https:\/\/www.mines-stetienne.fr\/panoramines\/2018\/03\/07\/winter-innovation-lab-une-semaine-de-prototypage\/","og_locale":"fr_FR","og_type":"article","og_title":"\"Winter Innovation Lab\" : une semaine de prototypage - Panoramines","og_description":"La premi\u00e8re \u00e9dition du Winter Innovation Lab,\u00a0co-organis\u00e9e par les \u00e9tablissements d&rsquo;enseignement sup\u00e9rieur st\u00e9phanois, le Cr\u00e9dit Agricole et le Pepite Beelys Lyon Saint-\u00c9tienne,\u00a0s&rsquo;est d\u00e9roul\u00e9e du 26 f\u00e9vrier au 2 mars \u00e0 Saint-\u00c9tienne. 40 participants, dont cinq \u00e9l\u00e8ves-ing\u00e9nieurs de Mines Saint-\u00c9tienne, repr\u00e9sentant &hellip;","og_url":"https:\/\/www.mines-stetienne.fr\/panoramines\/2018\/03\/07\/winter-innovation-lab-une-semaine-de-prototypage\/","og_site_name":"Panoramines","article_published_time":"2018-03-07T07:29:42+00:00","article_modified_time":"2024-03-07T15:45:36+00:00","og_image":[{"width":700,"height":360,"url":"https:\/\/www.mines-stetienne.fr\/panoramines\/wp-content\/uploads\/sites\/3\/2018\/03\/UneWiLab2018.jpg","type":"image\/jpeg"}],"author":"Nathalie","twitter_card":"summary_large_image","twitter_misc":{"\u00c9crit par":" Nathalie","Dur\u00e9e de lecture estim\u00e9e":"2 minutes"},"schema":{"@context":"https:\/\/schema.org","@graph":[{"@type":"Article","@id":"https:\/\/www.mines-stetienne.fr\/panoramines\/2018\/03\/07\/winter-innovation-lab-une-semaine-de-prototypage\/#article","isPartOf":{"@id":"https:\/\/www.mines-stetienne.fr\/panoramines\/2018\/03\/07\/winter-innovation-lab-une-semaine-de-prototypage\/"},"author":{"name":"Nathalie","@id":"https:\/\/www.mines-stetienne.fr\/panoramines\/#\/schema\/person\/95e752e6dedac604ce4535123e0f8df7"},"headline":"\u00ab\u00a0Winter Innovation Lab\u00a0\u00bb : une semaine de prototypage","datePublished":"2018-03-07T07:29:42+00:00","dateModified":"2024-03-07T15:45:36+00:00","mainEntityOfPage":{"@id":"https:\/\/www.mines-stetienne.fr\/panoramines\/2018\/03\/07\/winter-innovation-lab-une-semaine-de-prototypage\/"},"wordCount":308,"image":{"@id":"https:\/\/www.mines-stetienne.fr\/panoramines\/2018\/03\/07\/winter-innovation-lab-une-semaine-de-prototypage\/#primaryimage"},"thumbnailUrl":"https:\/\/www.mines-stetienne.fr\/panoramines\/wp-content\/uploads\/sites\/3\/2018\/03\/UneWiLab2018.jpg","keywords":["BEELYS","ICM","Innovation","ISMIN","Saint-Etienne","Village by CA"],"articleSection":["Entreprise"],"inLanguage":"fr-FR"},{"@type":"WebPage","@id":"https:\/\/www.mines-stetienne.fr\/panoramines\/2018\/03\/07\/winter-innovation-lab-une-semaine-de-prototypage\/","url":"https:\/\/www.mines-stetienne.fr\/panoramines\/2018\/03\/07\/winter-innovation-lab-une-semaine-de-prototypage\/","name":"\"Winter Innovation Lab\" : une semaine de prototypage - Panoramines","isPartOf":{"@id":"https:\/\/www.mines-stetienne.fr\/panoramines\/#website"},"primaryImageOfPage":{"@id":"https:\/\/www.mines-stetienne.fr\/panoramines\/2018\/03\/07\/winter-innovation-lab-une-semaine-de-prototypage\/#primaryimage"},"image":{"@id":"https:\/\/www.mines-stetienne.fr\/panoramines\/2018\/03\/07\/winter-innovation-lab-une-semaine-de-prototypage\/#primaryimage"},"thumbnailUrl":"https:\/\/www.mines-stetienne.fr\/panoramines\/wp-content\/uploads\/sites\/3\/2018\/03\/UneWiLab2018.jpg","datePublished":"2018-03-07T07:29:42+00:00","dateModified":"2024-03-07T15:45:36+00:00","author":{"@id":"https:\/\/www.mines-stetienne.fr\/panoramines\/#\/schema\/person\/95e752e6dedac604ce4535123e0f8df7"},"breadcrumb":{"@id":"https:\/\/www.mines-stetienne.fr\/panoramines\/2018\/03\/07\/winter-innovation-lab-une-semaine-de-prototypage\/#breadcrumb"},"inLanguage":"fr-FR","potentialAction":[{"@type":"ReadAction","target":["https:\/\/www.mines-stetienne.fr\/panoramines\/2018\/03\/07\/winter-innovation-lab-une-semaine-de-prototypage\/"]}]},{"@type":"ImageObject","inLanguage":"fr-FR","@id":"https:\/\/www.mines-stetienne.fr\/panoramines\/2018\/03\/07\/winter-innovation-lab-une-semaine-de-prototypage\/#primaryimage","url":"https:\/\/www.mines-stetienne.fr\/panoramines\/wp-content\/uploads\/sites\/3\/2018\/03\/UneWiLab2018.jpg","contentUrl":"https:\/\/www.mines-stetienne.fr\/panoramines\/wp-content\/uploads\/sites\/3\/2018\/03\/UneWiLab2018.jpg","width":700,"height":360},{"@type":"BreadcrumbList","@id":"https:\/\/www.mines-stetienne.fr\/panoramines\/2018\/03\/07\/winter-innovation-lab-une-semaine-de-prototypage\/#breadcrumb","itemListElement":[{"@type":"ListItem","position":1,"name":"Accueil","item":"https:\/\/www.mines-stetienne.fr\/panoramines\/"},{"@type":"ListItem","position":2,"name":"\u00ab\u00a0Winter Innovation Lab\u00a0\u00bb : une semaine de prototypage"}]},{"@type":"WebSite","@id":"https:\/\/www.mines-stetienne.fr\/panoramines\/#website","url":"https:\/\/www.mines-stetienne.fr\/panoramines\/","name":"Panoramines","description":"Panoramines, l\u2019actualit\u00e9 de MINES Saint-\u00c9tienne","potentialAction":[{"@type":"SearchAction","target":{"@type":"EntryPoint","urlTemplate":"https:\/\/www.mines-stetienne.fr\/panoramines\/?s={search_term_string}"},"query-input":{"@type":"PropertyValueSpecification","valueRequired":true,"valueName":"search_term_string"}}],"inLanguage":"fr-FR"},{"@type":"Person","@id":"https:\/\/www.mines-stetienne.fr\/panoramines\/#\/schema\/person\/95e752e6dedac604ce4535123e0f8df7","name":"Nathalie","image":{"@type":"ImageObject","inLanguage":"fr-FR","@id":"https:\/\/www.mines-stetienne.fr\/panoramines\/wp-content\/uploads\/sites\/3\/2021\/07\/logo-75x75-1.png","url":"https:\/\/www.mines-stetienne.fr\/panoramines\/wp-content\/uploads\/sites\/3\/2021\/07\/logo-75x75-1.png","contentUrl":"https:\/\/www.mines-stetienne.fr\/panoramines\/wp-content\/uploads\/sites\/3\/2021\/07\/logo-75x75-1.png","caption":"Nathalie"},"url":"https:\/\/www.mines-stetienne.fr\/panoramines\/author\/nathalie\/"}]}},"_links":{"self":[{"href":"https:\/\/www.mines-stetienne.fr\/panoramines\/wp-json\/wp\/v2\/posts\/11951","targetHints":{"allow":["GET"]}}],"collection":[{"href":"https:\/\/www.mines-stetienne.fr\/panoramines\/wp-json\/wp\/v2\/posts"}],"about":[{"href":"https:\/\/www.mines-stetienne.fr\/panoramines\/wp-json\/wp\/v2\/types\/post"}],"author":[{"embeddable":true,"href":"https:\/\/www.mines-stetienne.fr\/panoramines\/wp-json\/wp\/v2\/users\/3"}],"replies":[{"embeddable":true,"href":"https:\/\/www.mines-stetienne.fr\/panoramines\/wp-json\/wp\/v2\/comments?post=11951"}],"version-history":[{"count":12,"href":"https:\/\/www.mines-stetienne.fr\/panoramines\/wp-json\/wp\/v2\/posts\/11951\/revisions"}],"predecessor-version":[{"id":12179,"href":"https:\/\/www.mines-stetienne.fr\/panoramines\/wp-json\/wp\/v2\/posts\/11951\/revisions\/12179"}],"wp:featuredmedia":[{"embeddable":true,"href":"https:\/\/www.mines-stetienne.fr\/panoramines\/wp-json\/wp\/v2\/media\/11979"}],"wp:attachment":[{"href":"https:\/\/www.mines-stetienne.fr\/panoramines\/wp-json\/wp\/v2\/media?parent=11951"}],"wp:term":[{"taxonomy":"category","embeddable":true,"href":"https:\/\/www.mines-stetienne.fr\/panoramines\/wp-json\/wp\/v2\/categories?post=11951"},{"taxonomy":"post_tag","embeddable":true,"href":"https:\/\/www.mines-stetienne.fr\/panoramines\/wp-json\/wp\/v2\/tags?post=11951"}],"curies":[{"name":"wp","href":"https:\/\/api.w.org\/{rel}","templated":true}]}}