{"id":11564,"date":"2018-02-12T16:24:40","date_gmt":"2018-02-12T15:24:40","guid":{"rendered":"https:\/\/www.mines-stetienne.fr\/panoramines\/?p=11564"},"modified":"2018-02-12T16:24:40","modified_gmt":"2018-02-12T15:24:40","slug":"ouverture-internationale-projet-de-campus-franco-senegalais","status":"publish","type":"post","link":"https:\/\/www.mines-stetienne.fr\/panoramines\/2018\/02\/12\/ouverture-internationale-projet-de-campus-franco-senegalais\/","title":{"rendered":"Ouverture internationale : le projet de campus franco-s\u00e9n\u00e9galais"},"content":{"rendered":"<h4><span style=\"color: #800080\">La mission d&rsquo;une d\u00e9l\u00e9gation de Mines Saint-\u00c9tienne et de l&rsquo;IMT \u00e0 Dakar sur le Campus de l&rsquo;<a href=\"http:\/\/www.esp.sn\">\u00c9cole Sup\u00e9rieure Polytechnique<\/a> s&rsquo;inscrit dans le cadre du projet d&rsquo;implantation au S\u00e9n\u00e9gal et du d\u00e9ploiement en Afrique de notre formation sp\u00e9cialis\u00e9e d\u00e9di\u00e9e \u00e0 l&rsquo;\u00e9conomie verte. L&rsquo;un des objectifs du futur campus franco-s\u00e9n\u00e9galais vise \u00e0 accompagner les cadres aux transitions et au d\u00e9veloppement durable.<\/span><\/h4>\n<h5>Rencontre des acteurs p\u00e9dagogiques de l&rsquo;ESP Dakar en d\u00e9l\u00e9gation IMT<\/h5>\n<p>Dans la prospective de d\u00e9ployer notre <a href=\"https:\/\/www.mines-stetienne.fr\/panoramines\/2017\/03\/13\/internationalisation-des-programmes\/\">Mast\u00e8re Sp\u00e9cialis\u00e9 Territoires, Technologie et Financement de Portefeuille de Projets Innovants pour l\u2019\u00c9conomie Verte<\/a> (PPIEV) au S\u00e9n\u00e9gal (d\u00e9j\u00e0 ouvert \u00e0 Oran et Abidjan), <strong>Florence Granger<\/strong>, responsable du d\u00e9veloppement international et <strong>Michelle Mongo,<\/strong> responsable p\u00e9dagogique de cette formation, ont rencontr\u00e9 en premier lieu les partenaires de l\u2019<strong><a href=\"http:\/\/www.esp.sn\">\u00c9cole Sup\u00e9rieure Polytechnique de Dakar<\/a><\/strong>.<\/p>\n<p><strong>Une convention-cadre entre l<a href=\"https:\/\/www.imt.fr\">&lsquo;IMT<\/a> et l&rsquo; <a href=\"http:\/\/www.esp.sn\">ESP Dakar<\/a><\/strong> a \u00e9t\u00e9 sign\u00e9e lors de cette mission : l&rsquo;ESP est un partenaire incontournable pour l&rsquo;ing\u00e9nierie et le d\u00e9ploiement de formation, et une <a href=\"http:\/\/www.esp.sn\/?p=4094\">coop\u00e9ration franco-s\u00e9n\u00e9galaise en faveur de l\u2019\u00e9conomie num\u00e9rique et de l\u2019innovation<\/a> (atelier sur la fabrication num\u00e9rique) a \u00e9t\u00e9 lanc\u00e9e.<\/p>\n<div id='gallery-1' class='gallery galleryid-11564 gallery-columns-4 gallery-size-thumbnail'><dl class='gallery-item'>\n\t\t\t<dt class='gallery-icon landscape'>\n\t\t\t\t<a href='https:\/\/www.mines-stetienne.fr\/panoramines\/wp-content\/uploads\/sites\/3\/2018\/02\/Senegal2.jpg'><img loading=\"lazy\" decoding=\"async\" width=\"150\" height=\"150\" src=\"https:\/\/www.mines-stetienne.fr\/panoramines\/wp-content\/uploads\/sites\/3\/2018\/02\/Senegal2-150x150.jpg\" class=\"attachment-thumbnail size-thumbnail\" alt=\"\" aria-describedby=\"gallery-1-11565\" srcset=\"https:\/\/www.mines-stetienne.fr\/panoramines\/wp-content\/uploads\/sites\/3\/2018\/02\/Senegal2-150x150.jpg 150w, https:\/\/www.mines-stetienne.fr\/panoramines\/wp-content\/uploads\/sites\/3\/2018\/02\/Senegal2-75x75.jpg 75w, https:\/\/www.mines-stetienne.fr\/panoramines\/wp-content\/uploads\/sites\/3\/2018\/02\/Senegal2-360x360.jpg 360w\" sizes=\"auto, (max-width: 150px) 100vw, 150px\" \/><\/a>\n\t\t\t<\/dt>\n\t\t\t\t<dd class='wp-caption-text gallery-caption' id='gallery-1-11565'>\n\t\t\t\tMOOC de l&rsquo;@IMT sur la fabrication num\u00e9rique \u00e0 l&rsquo;ESP Dakar\n\t\t\t\t<\/dd><\/dl><dl class='gallery-item'>\n\t\t\t<dt class='gallery-icon landscape'>\n\t\t\t\t<a href='https:\/\/www.mines-stetienne.fr\/panoramines\/wp-content\/uploads\/sites\/3\/2018\/02\/Senegal3.jpg'><img loading=\"lazy\" decoding=\"async\" width=\"150\" height=\"150\" src=\"https:\/\/www.mines-stetienne.fr\/panoramines\/wp-content\/uploads\/sites\/3\/2018\/02\/Senegal3-150x150.jpg\" class=\"attachment-thumbnail size-thumbnail\" alt=\"\" aria-describedby=\"gallery-1-11566\" srcset=\"https:\/\/www.mines-stetienne.fr\/panoramines\/wp-content\/uploads\/sites\/3\/2018\/02\/Senegal3-150x150.jpg 150w, https:\/\/www.mines-stetienne.fr\/panoramines\/wp-content\/uploads\/sites\/3\/2018\/02\/Senegal3-75x75.jpg 75w, https:\/\/www.mines-stetienne.fr\/panoramines\/wp-content\/uploads\/sites\/3\/2018\/02\/Senegal3-360x360.jpg 360w\" sizes=\"auto, (max-width: 150px) 100vw, 150px\" \/><\/a>\n\t\t\t<\/dt>\n\t\t\t\t<dd class='wp-caption-text gallery-caption' id='gallery-1-11566'>\n\t\t\t\tSignature de la convention IMT- ESP Dakar\n\t\t\t\t<\/dd><\/dl><dl class='gallery-item'>\n\t\t\t<dt class='gallery-icon landscape'>\n\t\t\t\t<a href='https:\/\/www.mines-stetienne.fr\/panoramines\/wp-content\/uploads\/sites\/3\/2018\/02\/Senegal4.jpg'><img loading=\"lazy\" decoding=\"async\" width=\"150\" height=\"150\" src=\"https:\/\/www.mines-stetienne.fr\/panoramines\/wp-content\/uploads\/sites\/3\/2018\/02\/Senegal4-150x150.jpg\" class=\"attachment-thumbnail size-thumbnail\" alt=\"\" aria-describedby=\"gallery-1-11567\" srcset=\"https:\/\/www.mines-stetienne.fr\/panoramines\/wp-content\/uploads\/sites\/3\/2018\/02\/Senegal4-150x150.jpg 150w, https:\/\/www.mines-stetienne.fr\/panoramines\/wp-content\/uploads\/sites\/3\/2018\/02\/Senegal4-75x75.jpg 75w, https:\/\/www.mines-stetienne.fr\/panoramines\/wp-content\/uploads\/sites\/3\/2018\/02\/Senegal4-360x360.jpg 360w\" sizes=\"auto, (max-width: 150px) 100vw, 150px\" \/><\/a>\n\t\t\t<\/dt>\n\t\t\t\t<dd class='wp-caption-text gallery-caption' id='gallery-1-11567'>\n\t\t\t\tForte utilisation des tutoriels dans l&rsquo;enseignement\n\t\t\t\t<\/dd><\/dl><dl class='gallery-item'>\n\t\t\t<dt class='gallery-icon landscape'>\n\t\t\t\t<a href='https:\/\/www.mines-stetienne.fr\/panoramines\/wp-content\/uploads\/sites\/3\/2018\/02\/senegal6.jpg'><img loading=\"lazy\" decoding=\"async\" width=\"150\" height=\"150\" src=\"https:\/\/www.mines-stetienne.fr\/panoramines\/wp-content\/uploads\/sites\/3\/2018\/02\/senegal6-150x150.jpg\" class=\"attachment-thumbnail size-thumbnail\" alt=\"\" aria-describedby=\"gallery-1-11568\" srcset=\"https:\/\/www.mines-stetienne.fr\/panoramines\/wp-content\/uploads\/sites\/3\/2018\/02\/senegal6-150x150.jpg 150w, https:\/\/www.mines-stetienne.fr\/panoramines\/wp-content\/uploads\/sites\/3\/2018\/02\/senegal6-75x75.jpg 75w, https:\/\/www.mines-stetienne.fr\/panoramines\/wp-content\/uploads\/sites\/3\/2018\/02\/senegal6-360x360.jpg 360w\" sizes=\"auto, (max-width: 150px) 100vw, 150px\" \/><\/a>\n\t\t\t<\/dt>\n\t\t\t\t<dd class='wp-caption-text gallery-caption' id='gallery-1-11568'>\n\t\t\t\tCampus de l&rsquo;ESP Dakar, partenaire incontournable pour l&rsquo;ing\u00e9nierie \n\t\t\t\t<\/dd><\/dl><br style=\"clear: both\" \/>\n\t\t<\/div>\n\n<blockquote>\n<h5><em>\u00ab\u00a0<strong>Par ses activit\u00e9s de formation et de mobilit\u00e9, notre \u00c9cole s&rsquo;inscrit dans le projet IMT<\/strong> de d\u00e9velopper le Campus Franco-S\u00e9n\u00e9galais qui pourraient accueillir des formations d\u00e9localis\u00e9es d\u2019universit\u00e9s et de grandes \u00e9coles fran\u00e7aises.\u00a0\u00bb<\/em><\/h5>\n<\/blockquote>\n<p>La mission de Mines Saint-\u00c9tienne\/IMT du 29 janvier au 5 f\u00e9vrier a \u00e9galement permis la <strong>rencontre de diff\u00e9rents acteurs \u00e9conomiques<\/strong> du pays, en particulier, <strong>le CIES<\/strong>, groupement d\u2019entreprises europ\u00e9ennes pr\u00e9sentes au S\u00e9n\u00e9gal, et un chef d&rsquo;entreprise dans le domaine de la<strong> formation continue.<\/strong><\/p>\n<h5>\u00ab\u00a0Le campus franco s\u00e9n\u00e9galais au c\u0153ur du sommet sur l&rsquo;\u00e9ducation\u00a0\u00bb<\/h5>\n<p>Au moment de ces visites \u00e0 Dakar, les Pr\u00e9sidents fran\u00e7ais et s\u00e9n\u00e9galais, <strong>Emmanuel Macron et Macky Sall<\/strong> co-pr\u00e9sidaient la troisi\u00e8me conf\u00e9rence internationale de reconstitution de fonds du Partenariat mondial pour l\u2019\u00e9ducation. \u00c0 cette occasion, <strong>Philippe Jamet,<\/strong> directeur g\u00e9n\u00e9ral de l&rsquo;IMT, faisait partie de la d\u00e9l\u00e9gation fran\u00e7aise pour repr\u00e9senter les \u00c9coles d\u2019ing\u00e9nieurs au S\u00e9n\u00e9gal.<\/p>\n<p><strong>Un protocole d\u2019accord a \u00e9t\u00e9 sign\u00e9<\/strong> entre la France et le S\u00e9n\u00e9gal pour la cr\u00e9ation d\u2019un campus Franco-S\u00e9n\u00e9galais. <em>\u00ab\u00a0L\u2019IMT est d\u00e9j\u00e0 et sera fortement impliqu\u00e9 dans ce projet de campus\u00a0\u00bb.<\/em><\/p>\n<p>\u00ab\u00a0<a href=\"https:\/\/www.pscp.tv\/w\/1yNGaVbYEYdJj\">Ce nouveau campus associera les meilleurs \u00e9tablissements fran\u00e7ais et s\u00e9n\u00e9galais autour d&rsquo;un programme p\u00e9dagogique partag\u00e9 en prise avec les besoins du march\u00e9 \u00e9conomique locale<\/a>\u00a0\u00bb (Extrait du discours d\u2019<b>Emmanuel Macron<\/b> \u00e0 la communaut\u00e9 fran\u00e7aise de Dakar).<\/p>\n<blockquote><p><em>\u00ab\u00a0<strong>L\u2019IMT est affich\u00e9 comme l&rsquo;un des \u00e9tablissements d&rsquo;enseignement sup\u00e9rieur<\/strong> pouvant assurer la partie ing\u00e9nierie du futur campus\u00a0\u00bb.<\/em><\/p><\/blockquote>\n<hr \/>\n<p>&nbsp;<\/p>\n","protected":false},"excerpt":{"rendered":"<p>La mission d&rsquo;une d\u00e9l\u00e9gation de Mines Saint-\u00c9tienne et de l&rsquo;IMT \u00e0 Dakar sur le Campus de l&rsquo;\u00c9cole Sup\u00e9rieure Polytechnique s&rsquo;inscrit dans le cadre du projet d&rsquo;implantation au S\u00e9n\u00e9gal et du d\u00e9ploiement en Afrique de notre formation sp\u00e9cialis\u00e9e d\u00e9di\u00e9e \u00e0 l&rsquo;\u00e9conomie &hellip;<\/p>\n","protected":false},"author":3,"featured_media":11569,"comment_status":"closed","ping_status":"open","sticky":false,"template":"","format":"standard","meta":{"_relevanssi_hide_post":"","_relevanssi_hide_content":"","_relevanssi_pin_for_all":"","_relevanssi_pin_keywords":"","_relevanssi_unpin_keywords":"","_relevanssi_related_keywords":"","_relevanssi_related_include_ids":"","_relevanssi_related_exclude_ids":"","_relevanssi_related_no_append":"","_relevanssi_related_not_related":"","_relevanssi_related_posts":"","_relevanssi_noindex_reason":"","footnotes":""},"categories":[11],"tags":[247,97,53,29,366],"class_list":["post-11564","post","type-post","status-publish","format-standard","has-post-thumbnail","hentry","category-vie-de-l-ecole","tag-afrique","tag-imt","tag-international","tag-mastere-specialise","tag-senegal"],"pp_statuses_selecting_workflow":false,"pp_workflow_action":"current","pp_status_selection":"publish","pp_force_visibility":null,"pp_subpost_visibility":null,"pp_inherited_force_visibility":null,"pp_inherited_subpost_visibility":null,"yoast_head":"<!-- This site is optimized with the Yoast SEO plugin v27.5 - https:\/\/yoast.com\/product\/yoast-seo-wordpress\/ -->\n<title>Ouverture internationale : le projet de campus franco-s\u00e9n\u00e9galais - Panoramines<\/title>\n<meta name=\"robots\" content=\"index, follow, max-snippet:-1, max-image-preview:large, max-video-preview:-1\" \/>\n<link rel=\"canonical\" href=\"https:\/\/www.mines-stetienne.fr\/panoramines\/2018\/02\/12\/ouverture-internationale-projet-de-campus-franco-senegalais\/\" \/>\n<meta property=\"og:locale\" content=\"fr_FR\" \/>\n<meta property=\"og:type\" content=\"article\" \/>\n<meta property=\"og:title\" content=\"Ouverture internationale : le projet de campus franco-s\u00e9n\u00e9galais - Panoramines\" \/>\n<meta property=\"og:description\" content=\"La mission d&rsquo;une d\u00e9l\u00e9gation de Mines Saint-\u00c9tienne et de l&rsquo;IMT \u00e0 Dakar sur le Campus de l&rsquo;\u00c9cole Sup\u00e9rieure Polytechnique s&rsquo;inscrit dans le cadre du projet d&rsquo;implantation au S\u00e9n\u00e9gal et du d\u00e9ploiement en Afrique de notre formation sp\u00e9cialis\u00e9e d\u00e9di\u00e9e \u00e0 l&rsquo;\u00e9conomie &hellip;\" \/>\n<meta property=\"og:url\" content=\"https:\/\/www.mines-stetienne.fr\/panoramines\/2018\/02\/12\/ouverture-internationale-projet-de-campus-franco-senegalais\/\" \/>\n<meta property=\"og:site_name\" content=\"Panoramines\" \/>\n<meta property=\"article:published_time\" content=\"2018-02-12T15:24:40+00:00\" \/>\n<meta property=\"og:image\" content=\"https:\/\/www.mines-stetienne.fr\/panoramines\/wp-content\/uploads\/sites\/3\/2018\/02\/UneSenegal.jpg\" \/>\n\t<meta property=\"og:image:width\" content=\"700\" \/>\n\t<meta property=\"og:image:height\" content=\"322\" \/>\n\t<meta property=\"og:image:type\" content=\"image\/jpeg\" \/>\n<meta name=\"author\" content=\"Nathalie\" \/>\n<meta name=\"twitter:card\" content=\"summary_large_image\" \/>\n<meta name=\"twitter:label1\" content=\"\u00c9crit par\" \/>\n\t<meta name=\"twitter:data1\" content=\" Nathalie\" \/>\n\t<meta name=\"twitter:label2\" content=\"Dur\u00e9e de lecture estim\u00e9e\" \/>\n\t<meta name=\"twitter:data2\" content=\"2 minutes\" \/>\n<script type=\"application\/ld+json\" class=\"yoast-schema-graph\">{\"@context\":\"https:\\\/\\\/schema.org\",\"@graph\":[{\"@type\":\"Article\",\"@id\":\"https:\\\/\\\/www.mines-stetienne.fr\\\/panoramines\\\/2018\\\/02\\\/12\\\/ouverture-internationale-projet-de-campus-franco-senegalais\\\/#article\",\"isPartOf\":{\"@id\":\"https:\\\/\\\/www.mines-stetienne.fr\\\/panoramines\\\/2018\\\/02\\\/12\\\/ouverture-internationale-projet-de-campus-franco-senegalais\\\/\"},\"author\":{\"name\":\"Nathalie\",\"@id\":\"https:\\\/\\\/www.mines-stetienne.fr\\\/panoramines\\\/#\\\/schema\\\/person\\\/95e752e6dedac604ce4535123e0f8df7\"},\"headline\":\"Ouverture internationale : le projet de campus franco-s\u00e9n\u00e9galais\",\"datePublished\":\"2018-02-12T15:24:40+00:00\",\"mainEntityOfPage\":{\"@id\":\"https:\\\/\\\/www.mines-stetienne.fr\\\/panoramines\\\/2018\\\/02\\\/12\\\/ouverture-internationale-projet-de-campus-franco-senegalais\\\/\"},\"wordCount\":497,\"image\":{\"@id\":\"https:\\\/\\\/www.mines-stetienne.fr\\\/panoramines\\\/2018\\\/02\\\/12\\\/ouverture-internationale-projet-de-campus-franco-senegalais\\\/#primaryimage\"},\"thumbnailUrl\":\"https:\\\/\\\/www.mines-stetienne.fr\\\/panoramines\\\/wp-content\\\/uploads\\\/sites\\\/3\\\/2018\\\/02\\\/UneSenegal.jpg\",\"keywords\":[\"Afrique\",\"IMT\",\"International\",\"Mast\u00e8re Sp\u00e9cialis\u00e9\",\"S\u00e9n\u00e9gal\"],\"articleSection\":[\"Vie de l'\u00c9cole\"],\"inLanguage\":\"fr-FR\"},{\"@type\":\"WebPage\",\"@id\":\"https:\\\/\\\/www.mines-stetienne.fr\\\/panoramines\\\/2018\\\/02\\\/12\\\/ouverture-internationale-projet-de-campus-franco-senegalais\\\/\",\"url\":\"https:\\\/\\\/www.mines-stetienne.fr\\\/panoramines\\\/2018\\\/02\\\/12\\\/ouverture-internationale-projet-de-campus-franco-senegalais\\\/\",\"name\":\"Ouverture internationale : le projet de campus franco-s\u00e9n\u00e9galais - Panoramines\",\"isPartOf\":{\"@id\":\"https:\\\/\\\/www.mines-stetienne.fr\\\/panoramines\\\/#website\"},\"primaryImageOfPage\":{\"@id\":\"https:\\\/\\\/www.mines-stetienne.fr\\\/panoramines\\\/2018\\\/02\\\/12\\\/ouverture-internationale-projet-de-campus-franco-senegalais\\\/#primaryimage\"},\"image\":{\"@id\":\"https:\\\/\\\/www.mines-stetienne.fr\\\/panoramines\\\/2018\\\/02\\\/12\\\/ouverture-internationale-projet-de-campus-franco-senegalais\\\/#primaryimage\"},\"thumbnailUrl\":\"https:\\\/\\\/www.mines-stetienne.fr\\\/panoramines\\\/wp-content\\\/uploads\\\/sites\\\/3\\\/2018\\\/02\\\/UneSenegal.jpg\",\"datePublished\":\"2018-02-12T15:24:40+00:00\",\"author\":{\"@id\":\"https:\\\/\\\/www.mines-stetienne.fr\\\/panoramines\\\/#\\\/schema\\\/person\\\/95e752e6dedac604ce4535123e0f8df7\"},\"breadcrumb\":{\"@id\":\"https:\\\/\\\/www.mines-stetienne.fr\\\/panoramines\\\/2018\\\/02\\\/12\\\/ouverture-internationale-projet-de-campus-franco-senegalais\\\/#breadcrumb\"},\"inLanguage\":\"fr-FR\",\"potentialAction\":[{\"@type\":\"ReadAction\",\"target\":[\"https:\\\/\\\/www.mines-stetienne.fr\\\/panoramines\\\/2018\\\/02\\\/12\\\/ouverture-internationale-projet-de-campus-franco-senegalais\\\/\"]}]},{\"@type\":\"ImageObject\",\"inLanguage\":\"fr-FR\",\"@id\":\"https:\\\/\\\/www.mines-stetienne.fr\\\/panoramines\\\/2018\\\/02\\\/12\\\/ouverture-internationale-projet-de-campus-franco-senegalais\\\/#primaryimage\",\"url\":\"https:\\\/\\\/www.mines-stetienne.fr\\\/panoramines\\\/wp-content\\\/uploads\\\/sites\\\/3\\\/2018\\\/02\\\/UneSenegal.jpg\",\"contentUrl\":\"https:\\\/\\\/www.mines-stetienne.fr\\\/panoramines\\\/wp-content\\\/uploads\\\/sites\\\/3\\\/2018\\\/02\\\/UneSenegal.jpg\",\"width\":700,\"height\":322},{\"@type\":\"BreadcrumbList\",\"@id\":\"https:\\\/\\\/www.mines-stetienne.fr\\\/panoramines\\\/2018\\\/02\\\/12\\\/ouverture-internationale-projet-de-campus-franco-senegalais\\\/#breadcrumb\",\"itemListElement\":[{\"@type\":\"ListItem\",\"position\":1,\"name\":\"Accueil\",\"item\":\"https:\\\/\\\/www.mines-stetienne.fr\\\/panoramines\\\/\"},{\"@type\":\"ListItem\",\"position\":2,\"name\":\"Ouverture internationale : le projet de campus franco-s\u00e9n\u00e9galais\"}]},{\"@type\":\"WebSite\",\"@id\":\"https:\\\/\\\/www.mines-stetienne.fr\\\/panoramines\\\/#website\",\"url\":\"https:\\\/\\\/www.mines-stetienne.fr\\\/panoramines\\\/\",\"name\":\"Panoramines\",\"description\":\"Panoramines, l\u2019actualit\u00e9 de MINES Saint-\u00c9tienne\",\"potentialAction\":[{\"@type\":\"SearchAction\",\"target\":{\"@type\":\"EntryPoint\",\"urlTemplate\":\"https:\\\/\\\/www.mines-stetienne.fr\\\/panoramines\\\/?s={search_term_string}\"},\"query-input\":{\"@type\":\"PropertyValueSpecification\",\"valueRequired\":true,\"valueName\":\"search_term_string\"}}],\"inLanguage\":\"fr-FR\"},{\"@type\":\"Person\",\"@id\":\"https:\\\/\\\/www.mines-stetienne.fr\\\/panoramines\\\/#\\\/schema\\\/person\\\/95e752e6dedac604ce4535123e0f8df7\",\"name\":\"Nathalie\",\"image\":{\"@type\":\"ImageObject\",\"inLanguage\":\"fr-FR\",\"@id\":\"https:\\\/\\\/www.mines-stetienne.fr\\\/panoramines\\\/wp-content\\\/uploads\\\/sites\\\/3\\\/2021\\\/07\\\/logo-75x75-1.png\",\"url\":\"https:\\\/\\\/www.mines-stetienne.fr\\\/panoramines\\\/wp-content\\\/uploads\\\/sites\\\/3\\\/2021\\\/07\\\/logo-75x75-1.png\",\"contentUrl\":\"https:\\\/\\\/www.mines-stetienne.fr\\\/panoramines\\\/wp-content\\\/uploads\\\/sites\\\/3\\\/2021\\\/07\\\/logo-75x75-1.png\",\"caption\":\"Nathalie\"},\"url\":\"https:\\\/\\\/www.mines-stetienne.fr\\\/panoramines\\\/author\\\/nathalie\\\/\"}]}<\/script>\n<!-- \/ Yoast SEO plugin. -->","yoast_head_json":{"title":"Ouverture internationale : le projet de campus franco-s\u00e9n\u00e9galais - Panoramines","robots":{"index":"index","follow":"follow","max-snippet":"max-snippet:-1","max-image-preview":"max-image-preview:large","max-video-preview":"max-video-preview:-1"},"canonical":"https:\/\/www.mines-stetienne.fr\/panoramines\/2018\/02\/12\/ouverture-internationale-projet-de-campus-franco-senegalais\/","og_locale":"fr_FR","og_type":"article","og_title":"Ouverture internationale : le projet de campus franco-s\u00e9n\u00e9galais - Panoramines","og_description":"La mission d&rsquo;une d\u00e9l\u00e9gation de Mines Saint-\u00c9tienne et de l&rsquo;IMT \u00e0 Dakar sur le Campus de l&rsquo;\u00c9cole Sup\u00e9rieure Polytechnique s&rsquo;inscrit dans le cadre du projet d&rsquo;implantation au S\u00e9n\u00e9gal et du d\u00e9ploiement en Afrique de notre formation sp\u00e9cialis\u00e9e d\u00e9di\u00e9e \u00e0 l&rsquo;\u00e9conomie &hellip;","og_url":"https:\/\/www.mines-stetienne.fr\/panoramines\/2018\/02\/12\/ouverture-internationale-projet-de-campus-franco-senegalais\/","og_site_name":"Panoramines","article_published_time":"2018-02-12T15:24:40+00:00","og_image":[{"width":700,"height":322,"url":"https:\/\/www.mines-stetienne.fr\/panoramines\/wp-content\/uploads\/sites\/3\/2018\/02\/UneSenegal.jpg","type":"image\/jpeg"}],"author":"Nathalie","twitter_card":"summary_large_image","twitter_misc":{"\u00c9crit par":" Nathalie","Dur\u00e9e de lecture estim\u00e9e":"2 minutes"},"schema":{"@context":"https:\/\/schema.org","@graph":[{"@type":"Article","@id":"https:\/\/www.mines-stetienne.fr\/panoramines\/2018\/02\/12\/ouverture-internationale-projet-de-campus-franco-senegalais\/#article","isPartOf":{"@id":"https:\/\/www.mines-stetienne.fr\/panoramines\/2018\/02\/12\/ouverture-internationale-projet-de-campus-franco-senegalais\/"},"author":{"name":"Nathalie","@id":"https:\/\/www.mines-stetienne.fr\/panoramines\/#\/schema\/person\/95e752e6dedac604ce4535123e0f8df7"},"headline":"Ouverture internationale : le projet de campus franco-s\u00e9n\u00e9galais","datePublished":"2018-02-12T15:24:40+00:00","mainEntityOfPage":{"@id":"https:\/\/www.mines-stetienne.fr\/panoramines\/2018\/02\/12\/ouverture-internationale-projet-de-campus-franco-senegalais\/"},"wordCount":497,"image":{"@id":"https:\/\/www.mines-stetienne.fr\/panoramines\/2018\/02\/12\/ouverture-internationale-projet-de-campus-franco-senegalais\/#primaryimage"},"thumbnailUrl":"https:\/\/www.mines-stetienne.fr\/panoramines\/wp-content\/uploads\/sites\/3\/2018\/02\/UneSenegal.jpg","keywords":["Afrique","IMT","International","Mast\u00e8re Sp\u00e9cialis\u00e9","S\u00e9n\u00e9gal"],"articleSection":["Vie de l'\u00c9cole"],"inLanguage":"fr-FR"},{"@type":"WebPage","@id":"https:\/\/www.mines-stetienne.fr\/panoramines\/2018\/02\/12\/ouverture-internationale-projet-de-campus-franco-senegalais\/","url":"https:\/\/www.mines-stetienne.fr\/panoramines\/2018\/02\/12\/ouverture-internationale-projet-de-campus-franco-senegalais\/","name":"Ouverture internationale : le projet de campus franco-s\u00e9n\u00e9galais - Panoramines","isPartOf":{"@id":"https:\/\/www.mines-stetienne.fr\/panoramines\/#website"},"primaryImageOfPage":{"@id":"https:\/\/www.mines-stetienne.fr\/panoramines\/2018\/02\/12\/ouverture-internationale-projet-de-campus-franco-senegalais\/#primaryimage"},"image":{"@id":"https:\/\/www.mines-stetienne.fr\/panoramines\/2018\/02\/12\/ouverture-internationale-projet-de-campus-franco-senegalais\/#primaryimage"},"thumbnailUrl":"https:\/\/www.mines-stetienne.fr\/panoramines\/wp-content\/uploads\/sites\/3\/2018\/02\/UneSenegal.jpg","datePublished":"2018-02-12T15:24:40+00:00","author":{"@id":"https:\/\/www.mines-stetienne.fr\/panoramines\/#\/schema\/person\/95e752e6dedac604ce4535123e0f8df7"},"breadcrumb":{"@id":"https:\/\/www.mines-stetienne.fr\/panoramines\/2018\/02\/12\/ouverture-internationale-projet-de-campus-franco-senegalais\/#breadcrumb"},"inLanguage":"fr-FR","potentialAction":[{"@type":"ReadAction","target":["https:\/\/www.mines-stetienne.fr\/panoramines\/2018\/02\/12\/ouverture-internationale-projet-de-campus-franco-senegalais\/"]}]},{"@type":"ImageObject","inLanguage":"fr-FR","@id":"https:\/\/www.mines-stetienne.fr\/panoramines\/2018\/02\/12\/ouverture-internationale-projet-de-campus-franco-senegalais\/#primaryimage","url":"https:\/\/www.mines-stetienne.fr\/panoramines\/wp-content\/uploads\/sites\/3\/2018\/02\/UneSenegal.jpg","contentUrl":"https:\/\/www.mines-stetienne.fr\/panoramines\/wp-content\/uploads\/sites\/3\/2018\/02\/UneSenegal.jpg","width":700,"height":322},{"@type":"BreadcrumbList","@id":"https:\/\/www.mines-stetienne.fr\/panoramines\/2018\/02\/12\/ouverture-internationale-projet-de-campus-franco-senegalais\/#breadcrumb","itemListElement":[{"@type":"ListItem","position":1,"name":"Accueil","item":"https:\/\/www.mines-stetienne.fr\/panoramines\/"},{"@type":"ListItem","position":2,"name":"Ouverture internationale : le projet de campus franco-s\u00e9n\u00e9galais"}]},{"@type":"WebSite","@id":"https:\/\/www.mines-stetienne.fr\/panoramines\/#website","url":"https:\/\/www.mines-stetienne.fr\/panoramines\/","name":"Panoramines","description":"Panoramines, l\u2019actualit\u00e9 de MINES Saint-\u00c9tienne","potentialAction":[{"@type":"SearchAction","target":{"@type":"EntryPoint","urlTemplate":"https:\/\/www.mines-stetienne.fr\/panoramines\/?s={search_term_string}"},"query-input":{"@type":"PropertyValueSpecification","valueRequired":true,"valueName":"search_term_string"}}],"inLanguage":"fr-FR"},{"@type":"Person","@id":"https:\/\/www.mines-stetienne.fr\/panoramines\/#\/schema\/person\/95e752e6dedac604ce4535123e0f8df7","name":"Nathalie","image":{"@type":"ImageObject","inLanguage":"fr-FR","@id":"https:\/\/www.mines-stetienne.fr\/panoramines\/wp-content\/uploads\/sites\/3\/2021\/07\/logo-75x75-1.png","url":"https:\/\/www.mines-stetienne.fr\/panoramines\/wp-content\/uploads\/sites\/3\/2021\/07\/logo-75x75-1.png","contentUrl":"https:\/\/www.mines-stetienne.fr\/panoramines\/wp-content\/uploads\/sites\/3\/2021\/07\/logo-75x75-1.png","caption":"Nathalie"},"url":"https:\/\/www.mines-stetienne.fr\/panoramines\/author\/nathalie\/"}]}},"_links":{"self":[{"href":"https:\/\/www.mines-stetienne.fr\/panoramines\/wp-json\/wp\/v2\/posts\/11564","targetHints":{"allow":["GET"]}}],"collection":[{"href":"https:\/\/www.mines-stetienne.fr\/panoramines\/wp-json\/wp\/v2\/posts"}],"about":[{"href":"https:\/\/www.mines-stetienne.fr\/panoramines\/wp-json\/wp\/v2\/types\/post"}],"author":[{"embeddable":true,"href":"https:\/\/www.mines-stetienne.fr\/panoramines\/wp-json\/wp\/v2\/users\/3"}],"replies":[{"embeddable":true,"href":"https:\/\/www.mines-stetienne.fr\/panoramines\/wp-json\/wp\/v2\/comments?post=11564"}],"version-history":[{"count":14,"href":"https:\/\/www.mines-stetienne.fr\/panoramines\/wp-json\/wp\/v2\/posts\/11564\/revisions"}],"predecessor-version":[{"id":11610,"href":"https:\/\/www.mines-stetienne.fr\/panoramines\/wp-json\/wp\/v2\/posts\/11564\/revisions\/11610"}],"wp:featuredmedia":[{"embeddable":true,"href":"https:\/\/www.mines-stetienne.fr\/panoramines\/wp-json\/wp\/v2\/media\/11569"}],"wp:attachment":[{"href":"https:\/\/www.mines-stetienne.fr\/panoramines\/wp-json\/wp\/v2\/media?parent=11564"}],"wp:term":[{"taxonomy":"category","embeddable":true,"href":"https:\/\/www.mines-stetienne.fr\/panoramines\/wp-json\/wp\/v2\/categories?post=11564"},{"taxonomy":"post_tag","embeddable":true,"href":"https:\/\/www.mines-stetienne.fr\/panoramines\/wp-json\/wp\/v2\/tags?post=11564"}],"curies":[{"name":"wp","href":"https:\/\/api.w.org\/{rel}","templated":true}]}}