{"id":11482,"date":"2018-01-30T12:20:51","date_gmt":"2018-01-30T11:20:51","guid":{"rendered":"https:\/\/www.mines-stetienne.fr\/panoramines\/?p=11482"},"modified":"2018-04-24T09:38:09","modified_gmt":"2018-04-24T07:38:09","slug":"edition-2018-festival-curieux-voyageurs","status":"publish","type":"post","link":"https:\/\/www.mines-stetienne.fr\/panoramines\/2018\/01\/30\/edition-2018-festival-curieux-voyageurs\/","title":{"rendered":"L\u2019\u00e9dition 2018 du festival de films \u00ab Curieux Voyageurs \u00bb aura lieu les 9, 10 et 11 mars prochain"},"content":{"rendered":"<p>Du 9 au 11 mars 2018 se d\u00e9roulera le festival de films \u00ab\u00a0Curieux Voyageurs\u00a0\u00bb, au centre de congr\u00e8s de Saint-\u00c9tienne et \u00e0 l\u2019espace Fauriel. L\u2019\u00c9cole des Mines de Saint-Etienne est partenaire de ce rendez-vous annuel qui permet l\u2019\u00e9vasion, l\u2019exploration de lieux uniques et la d\u00e9couverte de cultures m\u00e9connues.<\/p>\n<h2>\u00ab\u00a0Curieux Voyageurs\u00a0\u00bb, une porte ouverte sur le monde<\/h2>\n<p>Fond\u00e9 il y a presque trente ans par des b\u00e9n\u00e9voles passionn\u00e9s de d\u00e9couverte, le festival de films \u00ab\u00a0Curieux Voyageurs\u00a0\u00bb a pour objectif de faire d\u00e9couvrir l\u2019univers du voyage et de l\u2019aventure \u00e0 un public de jeunes, d\u2019adultes et d\u2019enfants gr\u00e2ce aux films documentaires. Carnettistes, vid\u00e9astes, r\u00e9alisateurs et photographes&#8230; Des personnes singuli\u00e8res proposent leurs exp\u00e9riences de voyage et d\u00e9peignent le quotidien d\u2019un univers unique \u00e0 travers des cr\u00e9ations artistiques d\u2019exception\u00a0: chaque ann\u00e9e \u00ab\u00a0Curieux Voyageurs\u00a0\u00bb permet au public d\u2019acc\u00e9der \u00e0 une quarantaine de films et expositions consacr\u00e9s au monde de l\u2019aventure. Le festival rassemble 15 000 personnes chaque ann\u00e9e.<\/p>\n<p>La programmation 2018 a retenu 9 films\u00a0:<\/p>\n<ul>\n<li>Aquamazonida, r\u00e9alis\u00e9 par Jo\u00e4o LEITE\u00a0;<\/li>\n<li>Au fil du monde \u2013 Japon, r\u00e9alis\u00e9 par Jill Coulon et Isabelle Dupuy Chavanet\u00a0;<\/li>\n<li>Bomb\u2019H\u00e9ros, l\u2019Am\u00e9rique du sud \u00e0 v\u00e9lo, r\u00e9alis\u00e9 par Ma\u00eblle Poncet et Pierrick Crozier\u00a0;<\/li>\n<li>Fr\u00e8res des Arbres, l\u2019appel d\u2019un chef papou, r\u00e9alis\u00e9 par Marc Dozier et Luc Marescot\u00a0;<\/li>\n<li>Derniers Jours \u00e0 Shibati, r\u00e9alis\u00e9 par Hendrick Dussolier\u00a0;<\/li>\n<li>Fant\u00f4mes de B\u00e2miy\u00e2n, r\u00e9alis\u00e9 par Patrick Pleutin\u00a0;<\/li>\n<li>K2, une journ\u00e9e particuli\u00e8re, r\u00e9alis\u00e9 par Fran\u00e7ois Damilano\u00a0;<\/li>\n<li>Gualapuro, r\u00e9alis\u00e9 par Yannick Chaumeil et Ana\u00efs Beddeleen\u00a0;<\/li>\n<li>et Istiss Imetsen, r\u00e9alis\u00e9 par Hilali Kawtar.<\/li>\n<\/ul>\n<p>Parall\u00e8lement au festival \u00ab\u00a0Curieux Voyageurs\u00a0\u00bb sera organis\u00e9e la troisi\u00e8me \u00e9dition du d\u00e9fi \u00ab\u00a0Fast &amp; Curious\u00a0\u00bb, d\u00e9di\u00e9 aux mini-films de voyage. Comme l\u2019ann\u00e9e derni\u00e8re, les deux premi\u00e8res r\u00e9alisations seront r\u00e9compens\u00e9es par un prix. Le premier \u00e9tant un s\u00e9jour au Maroc \u00e0 l\u2019ECOLODGE TOUDA.<\/p>\n<h2>Le festival \u00ab\u00a0Curieux Voyageurs\u00a0\u00bb fait appel aux dons<\/h2>\n<p>C\u2019est un appel \u00e0 la g\u00e9n\u00e9rosit\u00e9 que lancent les b\u00e9n\u00e9voles de l\u2019association REV\u2019A afin de faire perdurer le festival \u00ab\u00a0Curieux Voyageurs\u00a0\u00bb qui a rassembl\u00e9 plus de 16\u00a0000 curieux \u00e0 l\u2019espace Fauriel de l\u2019Ecole des Mines de Saint-Etienne lors de l\u2019\u00e9dition 2017. Les organisateurs du festival pr\u00e9cisent que, tout comme la quasi-totalit\u00e9 des associations, l\u2019\u00e9quilibre financier de l\u2019association REV\u2019A repose \u00e0 30% sur les subventions publiques, \u00e0 15% sur le soutien et partenariats avec les entreprises priv\u00e9es, mais \u00e9galement sur l\u2019aide et la g\u00e9n\u00e9rosit\u00e9 des particuliers, ainsi que sur les recettes des entr\u00e9es au festival.<\/p>\n","protected":false},"excerpt":{"rendered":"<p>Du 9 au 11 mars 2018 se d\u00e9roulera le festival de films \u00ab\u00a0Curieux Voyageurs\u00a0\u00bb, au centre de congr\u00e8s de Saint-\u00c9tienne et \u00e0 l\u2019espace Fauriel. L\u2019\u00c9cole des Mines de Saint-Etienne est partenaire de ce rendez-vous annuel qui permet l\u2019\u00e9vasion, l\u2019exploration de &hellip;<\/p>\n","protected":false},"author":37,"featured_media":11483,"comment_status":"closed","ping_status":"open","sticky":false,"template":"","format":"standard","meta":{"_relevanssi_hide_post":"","_relevanssi_hide_content":"","_relevanssi_pin_for_all":"","_relevanssi_pin_keywords":"","_relevanssi_unpin_keywords":"","_relevanssi_related_keywords":"","_relevanssi_related_include_ids":"","_relevanssi_related_exclude_ids":"","_relevanssi_related_no_append":"","_relevanssi_related_not_related":"","_relevanssi_related_posts":"","_relevanssi_noindex_reason":"","footnotes":""},"categories":[8],"tags":[],"class_list":["post-11482","post","type-post","status-publish","format-standard","has-post-thumbnail","hentry","category-vie-etudiante"],"pp_statuses_selecting_workflow":false,"pp_workflow_action":"current","pp_status_selection":"publish","pp_force_visibility":null,"pp_subpost_visibility":null,"pp_inherited_force_visibility":null,"pp_inherited_subpost_visibility":null,"yoast_head":"<!-- This site is optimized with the Yoast SEO plugin v27.4 - https:\/\/yoast.com\/product\/yoast-seo-wordpress\/ -->\n<title>Curieux Voyageurs 2018 aura lieu du 09 au 11 mars prochain<\/title>\n<meta name=\"description\" content=\"La 28e \u00e9dition du festival \u00ab Curieux Voyageurs \u00bb se d\u00e9roulera les 09, 10 et 11 mars prochains. Le festival sera mis en \u0153uvre \u00e0 l\u2019espace Fauriel \u00e0 Saint-Etienne.\" \/>\n<meta name=\"robots\" content=\"index, follow, max-snippet:-1, max-image-preview:large, max-video-preview:-1\" \/>\n<link rel=\"canonical\" href=\"https:\/\/www.mines-stetienne.fr\/panoramines\/2018\/01\/30\/edition-2018-festival-curieux-voyageurs\/\" \/>\n<meta property=\"og:locale\" content=\"fr_FR\" \/>\n<meta property=\"og:type\" content=\"article\" \/>\n<meta property=\"og:title\" content=\"Curieux Voyageurs 2018 aura lieu du 09 au 11 mars prochain\" \/>\n<meta property=\"og:description\" content=\"La 28e \u00e9dition du festival \u00ab Curieux Voyageurs \u00bb se d\u00e9roulera les 09, 10 et 11 mars prochains. Le festival sera mis en \u0153uvre \u00e0 l\u2019espace Fauriel \u00e0 Saint-Etienne.\" \/>\n<meta property=\"og:url\" content=\"https:\/\/www.mines-stetienne.fr\/panoramines\/2018\/01\/30\/edition-2018-festival-curieux-voyageurs\/\" \/>\n<meta property=\"og:site_name\" content=\"Panoramines\" \/>\n<meta property=\"article:published_time\" content=\"2018-01-30T11:20:51+00:00\" \/>\n<meta property=\"article:modified_time\" content=\"2018-04-24T07:38:09+00:00\" \/>\n<meta property=\"og:image\" content=\"https:\/\/www.mines-stetienne.fr\/panoramines\/wp-content\/uploads\/sites\/3\/2018\/01\/curieuxvoyageur.png\" \/>\n\t<meta property=\"og:image:width\" content=\"700\" \/>\n\t<meta property=\"og:image:height\" content=\"345\" \/>\n\t<meta property=\"og:image:type\" content=\"image\/png\" \/>\n<meta name=\"author\" content=\"ALGUACIL Thomas\" \/>\n<meta name=\"twitter:card\" content=\"summary_large_image\" \/>\n<meta name=\"twitter:label1\" content=\"\u00c9crit par\" \/>\n\t<meta name=\"twitter:data1\" content=\"ALGUACIL Thomas\" \/>\n\t<meta name=\"twitter:label2\" content=\"Dur\u00e9e de lecture estim\u00e9e\" \/>\n\t<meta name=\"twitter:data2\" content=\"2 minutes\" \/>\n<script type=\"application\/ld+json\" class=\"yoast-schema-graph\">{\"@context\":\"https:\\\/\\\/schema.org\",\"@graph\":[{\"@type\":\"Article\",\"@id\":\"https:\\\/\\\/www.mines-stetienne.fr\\\/panoramines\\\/2018\\\/01\\\/30\\\/edition-2018-festival-curieux-voyageurs\\\/#article\",\"isPartOf\":{\"@id\":\"https:\\\/\\\/www.mines-stetienne.fr\\\/panoramines\\\/2018\\\/01\\\/30\\\/edition-2018-festival-curieux-voyageurs\\\/\"},\"author\":{\"name\":\"ALGUACIL Thomas\",\"@id\":\"https:\\\/\\\/www.mines-stetienne.fr\\\/panoramines\\\/#\\\/schema\\\/person\\\/9d361c2f6ebd0a60783070a78b5cfa2e\"},\"headline\":\"L\u2019\u00e9dition 2018 du festival de films \u00ab Curieux Voyageurs \u00bb aura lieu les 9, 10 et 11 mars prochain\",\"datePublished\":\"2018-01-30T11:20:51+00:00\",\"dateModified\":\"2018-04-24T07:38:09+00:00\",\"mainEntityOfPage\":{\"@id\":\"https:\\\/\\\/www.mines-stetienne.fr\\\/panoramines\\\/2018\\\/01\\\/30\\\/edition-2018-festival-curieux-voyageurs\\\/\"},\"wordCount\":471,\"image\":{\"@id\":\"https:\\\/\\\/www.mines-stetienne.fr\\\/panoramines\\\/2018\\\/01\\\/30\\\/edition-2018-festival-curieux-voyageurs\\\/#primaryimage\"},\"thumbnailUrl\":\"https:\\\/\\\/www.mines-stetienne.fr\\\/panoramines\\\/wp-content\\\/uploads\\\/sites\\\/3\\\/2018\\\/01\\\/curieuxvoyageur.png\",\"articleSection\":[\"Vie \u00e9tudiante\"],\"inLanguage\":\"fr-FR\"},{\"@type\":\"WebPage\",\"@id\":\"https:\\\/\\\/www.mines-stetienne.fr\\\/panoramines\\\/2018\\\/01\\\/30\\\/edition-2018-festival-curieux-voyageurs\\\/\",\"url\":\"https:\\\/\\\/www.mines-stetienne.fr\\\/panoramines\\\/2018\\\/01\\\/30\\\/edition-2018-festival-curieux-voyageurs\\\/\",\"name\":\"Curieux Voyageurs 2018 aura lieu du 09 au 11 mars prochain\",\"isPartOf\":{\"@id\":\"https:\\\/\\\/www.mines-stetienne.fr\\\/panoramines\\\/#website\"},\"primaryImageOfPage\":{\"@id\":\"https:\\\/\\\/www.mines-stetienne.fr\\\/panoramines\\\/2018\\\/01\\\/30\\\/edition-2018-festival-curieux-voyageurs\\\/#primaryimage\"},\"image\":{\"@id\":\"https:\\\/\\\/www.mines-stetienne.fr\\\/panoramines\\\/2018\\\/01\\\/30\\\/edition-2018-festival-curieux-voyageurs\\\/#primaryimage\"},\"thumbnailUrl\":\"https:\\\/\\\/www.mines-stetienne.fr\\\/panoramines\\\/wp-content\\\/uploads\\\/sites\\\/3\\\/2018\\\/01\\\/curieuxvoyageur.png\",\"datePublished\":\"2018-01-30T11:20:51+00:00\",\"dateModified\":\"2018-04-24T07:38:09+00:00\",\"author\":{\"@id\":\"https:\\\/\\\/www.mines-stetienne.fr\\\/panoramines\\\/#\\\/schema\\\/person\\\/9d361c2f6ebd0a60783070a78b5cfa2e\"},\"description\":\"La 28e \u00e9dition du festival \u00ab Curieux Voyageurs \u00bb se d\u00e9roulera les 09, 10 et 11 mars prochains. Le festival sera mis en \u0153uvre \u00e0 l\u2019espace Fauriel \u00e0 Saint-Etienne.\",\"breadcrumb\":{\"@id\":\"https:\\\/\\\/www.mines-stetienne.fr\\\/panoramines\\\/2018\\\/01\\\/30\\\/edition-2018-festival-curieux-voyageurs\\\/#breadcrumb\"},\"inLanguage\":\"fr-FR\",\"potentialAction\":[{\"@type\":\"ReadAction\",\"target\":[\"https:\\\/\\\/www.mines-stetienne.fr\\\/panoramines\\\/2018\\\/01\\\/30\\\/edition-2018-festival-curieux-voyageurs\\\/\"]}]},{\"@type\":\"ImageObject\",\"inLanguage\":\"fr-FR\",\"@id\":\"https:\\\/\\\/www.mines-stetienne.fr\\\/panoramines\\\/2018\\\/01\\\/30\\\/edition-2018-festival-curieux-voyageurs\\\/#primaryimage\",\"url\":\"https:\\\/\\\/www.mines-stetienne.fr\\\/panoramines\\\/wp-content\\\/uploads\\\/sites\\\/3\\\/2018\\\/01\\\/curieuxvoyageur.png\",\"contentUrl\":\"https:\\\/\\\/www.mines-stetienne.fr\\\/panoramines\\\/wp-content\\\/uploads\\\/sites\\\/3\\\/2018\\\/01\\\/curieuxvoyageur.png\",\"width\":700,\"height\":345,\"caption\":\"festival curieux voyageur\"},{\"@type\":\"BreadcrumbList\",\"@id\":\"https:\\\/\\\/www.mines-stetienne.fr\\\/panoramines\\\/2018\\\/01\\\/30\\\/edition-2018-festival-curieux-voyageurs\\\/#breadcrumb\",\"itemListElement\":[{\"@type\":\"ListItem\",\"position\":1,\"name\":\"Accueil\",\"item\":\"https:\\\/\\\/www.mines-stetienne.fr\\\/panoramines\\\/\"},{\"@type\":\"ListItem\",\"position\":2,\"name\":\"L\u2019\u00e9dition 2018 du festival de films \u00ab Curieux Voyageurs \u00bb aura lieu les 9, 10 et 11 mars prochain\"}]},{\"@type\":\"WebSite\",\"@id\":\"https:\\\/\\\/www.mines-stetienne.fr\\\/panoramines\\\/#website\",\"url\":\"https:\\\/\\\/www.mines-stetienne.fr\\\/panoramines\\\/\",\"name\":\"Panoramines\",\"description\":\"Panoramines, l\u2019actualit\u00e9 de MINES Saint-\u00c9tienne\",\"potentialAction\":[{\"@type\":\"SearchAction\",\"target\":{\"@type\":\"EntryPoint\",\"urlTemplate\":\"https:\\\/\\\/www.mines-stetienne.fr\\\/panoramines\\\/?s={search_term_string}\"},\"query-input\":{\"@type\":\"PropertyValueSpecification\",\"valueRequired\":true,\"valueName\":\"search_term_string\"}}],\"inLanguage\":\"fr-FR\"},{\"@type\":\"Person\",\"@id\":\"https:\\\/\\\/www.mines-stetienne.fr\\\/panoramines\\\/#\\\/schema\\\/person\\\/9d361c2f6ebd0a60783070a78b5cfa2e\",\"name\":\"ALGUACIL Thomas\",\"image\":{\"@type\":\"ImageObject\",\"inLanguage\":\"fr-FR\",\"@id\":\"https:\\\/\\\/www.mines-stetienne.fr\\\/panoramines\\\/wp-content\\\/uploads\\\/sites\\\/3\\\/2021\\\/07\\\/logo-75x75-1.png\",\"url\":\"https:\\\/\\\/www.mines-stetienne.fr\\\/panoramines\\\/wp-content\\\/uploads\\\/sites\\\/3\\\/2021\\\/07\\\/logo-75x75-1.png\",\"contentUrl\":\"https:\\\/\\\/www.mines-stetienne.fr\\\/panoramines\\\/wp-content\\\/uploads\\\/sites\\\/3\\\/2021\\\/07\\\/logo-75x75-1.png\",\"caption\":\"ALGUACIL Thomas\"},\"url\":\"https:\\\/\\\/www.mines-stetienne.fr\\\/panoramines\\\/author\\\/alguacil\\\/\"}]}<\/script>\n<!-- \/ Yoast SEO plugin. -->","yoast_head_json":{"title":"Curieux Voyageurs 2018 aura lieu du 09 au 11 mars prochain","description":"La 28e \u00e9dition du festival \u00ab Curieux Voyageurs \u00bb se d\u00e9roulera les 09, 10 et 11 mars prochains. Le festival sera mis en \u0153uvre \u00e0 l\u2019espace Fauriel \u00e0 Saint-Etienne.","robots":{"index":"index","follow":"follow","max-snippet":"max-snippet:-1","max-image-preview":"max-image-preview:large","max-video-preview":"max-video-preview:-1"},"canonical":"https:\/\/www.mines-stetienne.fr\/panoramines\/2018\/01\/30\/edition-2018-festival-curieux-voyageurs\/","og_locale":"fr_FR","og_type":"article","og_title":"Curieux Voyageurs 2018 aura lieu du 09 au 11 mars prochain","og_description":"La 28e \u00e9dition du festival \u00ab Curieux Voyageurs \u00bb se d\u00e9roulera les 09, 10 et 11 mars prochains. Le festival sera mis en \u0153uvre \u00e0 l\u2019espace Fauriel \u00e0 Saint-Etienne.","og_url":"https:\/\/www.mines-stetienne.fr\/panoramines\/2018\/01\/30\/edition-2018-festival-curieux-voyageurs\/","og_site_name":"Panoramines","article_published_time":"2018-01-30T11:20:51+00:00","article_modified_time":"2018-04-24T07:38:09+00:00","og_image":[{"width":700,"height":345,"url":"https:\/\/www.mines-stetienne.fr\/panoramines\/wp-content\/uploads\/sites\/3\/2018\/01\/curieuxvoyageur.png","type":"image\/png"}],"author":"ALGUACIL Thomas","twitter_card":"summary_large_image","twitter_misc":{"\u00c9crit par":"ALGUACIL Thomas","Dur\u00e9e de lecture estim\u00e9e":"2 minutes"},"schema":{"@context":"https:\/\/schema.org","@graph":[{"@type":"Article","@id":"https:\/\/www.mines-stetienne.fr\/panoramines\/2018\/01\/30\/edition-2018-festival-curieux-voyageurs\/#article","isPartOf":{"@id":"https:\/\/www.mines-stetienne.fr\/panoramines\/2018\/01\/30\/edition-2018-festival-curieux-voyageurs\/"},"author":{"name":"ALGUACIL Thomas","@id":"https:\/\/www.mines-stetienne.fr\/panoramines\/#\/schema\/person\/9d361c2f6ebd0a60783070a78b5cfa2e"},"headline":"L\u2019\u00e9dition 2018 du festival de films \u00ab Curieux Voyageurs \u00bb aura lieu les 9, 10 et 11 mars prochain","datePublished":"2018-01-30T11:20:51+00:00","dateModified":"2018-04-24T07:38:09+00:00","mainEntityOfPage":{"@id":"https:\/\/www.mines-stetienne.fr\/panoramines\/2018\/01\/30\/edition-2018-festival-curieux-voyageurs\/"},"wordCount":471,"image":{"@id":"https:\/\/www.mines-stetienne.fr\/panoramines\/2018\/01\/30\/edition-2018-festival-curieux-voyageurs\/#primaryimage"},"thumbnailUrl":"https:\/\/www.mines-stetienne.fr\/panoramines\/wp-content\/uploads\/sites\/3\/2018\/01\/curieuxvoyageur.png","articleSection":["Vie \u00e9tudiante"],"inLanguage":"fr-FR"},{"@type":"WebPage","@id":"https:\/\/www.mines-stetienne.fr\/panoramines\/2018\/01\/30\/edition-2018-festival-curieux-voyageurs\/","url":"https:\/\/www.mines-stetienne.fr\/panoramines\/2018\/01\/30\/edition-2018-festival-curieux-voyageurs\/","name":"Curieux Voyageurs 2018 aura lieu du 09 au 11 mars prochain","isPartOf":{"@id":"https:\/\/www.mines-stetienne.fr\/panoramines\/#website"},"primaryImageOfPage":{"@id":"https:\/\/www.mines-stetienne.fr\/panoramines\/2018\/01\/30\/edition-2018-festival-curieux-voyageurs\/#primaryimage"},"image":{"@id":"https:\/\/www.mines-stetienne.fr\/panoramines\/2018\/01\/30\/edition-2018-festival-curieux-voyageurs\/#primaryimage"},"thumbnailUrl":"https:\/\/www.mines-stetienne.fr\/panoramines\/wp-content\/uploads\/sites\/3\/2018\/01\/curieuxvoyageur.png","datePublished":"2018-01-30T11:20:51+00:00","dateModified":"2018-04-24T07:38:09+00:00","author":{"@id":"https:\/\/www.mines-stetienne.fr\/panoramines\/#\/schema\/person\/9d361c2f6ebd0a60783070a78b5cfa2e"},"description":"La 28e \u00e9dition du festival \u00ab Curieux Voyageurs \u00bb se d\u00e9roulera les 09, 10 et 11 mars prochains. Le festival sera mis en \u0153uvre \u00e0 l\u2019espace Fauriel \u00e0 Saint-Etienne.","breadcrumb":{"@id":"https:\/\/www.mines-stetienne.fr\/panoramines\/2018\/01\/30\/edition-2018-festival-curieux-voyageurs\/#breadcrumb"},"inLanguage":"fr-FR","potentialAction":[{"@type":"ReadAction","target":["https:\/\/www.mines-stetienne.fr\/panoramines\/2018\/01\/30\/edition-2018-festival-curieux-voyageurs\/"]}]},{"@type":"ImageObject","inLanguage":"fr-FR","@id":"https:\/\/www.mines-stetienne.fr\/panoramines\/2018\/01\/30\/edition-2018-festival-curieux-voyageurs\/#primaryimage","url":"https:\/\/www.mines-stetienne.fr\/panoramines\/wp-content\/uploads\/sites\/3\/2018\/01\/curieuxvoyageur.png","contentUrl":"https:\/\/www.mines-stetienne.fr\/panoramines\/wp-content\/uploads\/sites\/3\/2018\/01\/curieuxvoyageur.png","width":700,"height":345,"caption":"festival curieux voyageur"},{"@type":"BreadcrumbList","@id":"https:\/\/www.mines-stetienne.fr\/panoramines\/2018\/01\/30\/edition-2018-festival-curieux-voyageurs\/#breadcrumb","itemListElement":[{"@type":"ListItem","position":1,"name":"Accueil","item":"https:\/\/www.mines-stetienne.fr\/panoramines\/"},{"@type":"ListItem","position":2,"name":"L\u2019\u00e9dition 2018 du festival de films \u00ab Curieux Voyageurs \u00bb aura lieu les 9, 10 et 11 mars prochain"}]},{"@type":"WebSite","@id":"https:\/\/www.mines-stetienne.fr\/panoramines\/#website","url":"https:\/\/www.mines-stetienne.fr\/panoramines\/","name":"Panoramines","description":"Panoramines, l\u2019actualit\u00e9 de MINES Saint-\u00c9tienne","potentialAction":[{"@type":"SearchAction","target":{"@type":"EntryPoint","urlTemplate":"https:\/\/www.mines-stetienne.fr\/panoramines\/?s={search_term_string}"},"query-input":{"@type":"PropertyValueSpecification","valueRequired":true,"valueName":"search_term_string"}}],"inLanguage":"fr-FR"},{"@type":"Person","@id":"https:\/\/www.mines-stetienne.fr\/panoramines\/#\/schema\/person\/9d361c2f6ebd0a60783070a78b5cfa2e","name":"ALGUACIL Thomas","image":{"@type":"ImageObject","inLanguage":"fr-FR","@id":"https:\/\/www.mines-stetienne.fr\/panoramines\/wp-content\/uploads\/sites\/3\/2021\/07\/logo-75x75-1.png","url":"https:\/\/www.mines-stetienne.fr\/panoramines\/wp-content\/uploads\/sites\/3\/2021\/07\/logo-75x75-1.png","contentUrl":"https:\/\/www.mines-stetienne.fr\/panoramines\/wp-content\/uploads\/sites\/3\/2021\/07\/logo-75x75-1.png","caption":"ALGUACIL Thomas"},"url":"https:\/\/www.mines-stetienne.fr\/panoramines\/author\/alguacil\/"}]}},"_links":{"self":[{"href":"https:\/\/www.mines-stetienne.fr\/panoramines\/wp-json\/wp\/v2\/posts\/11482","targetHints":{"allow":["GET"]}}],"collection":[{"href":"https:\/\/www.mines-stetienne.fr\/panoramines\/wp-json\/wp\/v2\/posts"}],"about":[{"href":"https:\/\/www.mines-stetienne.fr\/panoramines\/wp-json\/wp\/v2\/types\/post"}],"author":[{"embeddable":true,"href":"https:\/\/www.mines-stetienne.fr\/panoramines\/wp-json\/wp\/v2\/users\/37"}],"replies":[{"embeddable":true,"href":"https:\/\/www.mines-stetienne.fr\/panoramines\/wp-json\/wp\/v2\/comments?post=11482"}],"version-history":[{"count":4,"href":"https:\/\/www.mines-stetienne.fr\/panoramines\/wp-json\/wp\/v2\/posts\/11482\/revisions"}],"predecessor-version":[{"id":12654,"href":"https:\/\/www.mines-stetienne.fr\/panoramines\/wp-json\/wp\/v2\/posts\/11482\/revisions\/12654"}],"wp:featuredmedia":[{"embeddable":true,"href":"https:\/\/www.mines-stetienne.fr\/panoramines\/wp-json\/wp\/v2\/media\/11483"}],"wp:attachment":[{"href":"https:\/\/www.mines-stetienne.fr\/panoramines\/wp-json\/wp\/v2\/media?parent=11482"}],"wp:term":[{"taxonomy":"category","embeddable":true,"href":"https:\/\/www.mines-stetienne.fr\/panoramines\/wp-json\/wp\/v2\/categories?post=11482"},{"taxonomy":"post_tag","embeddable":true,"href":"https:\/\/www.mines-stetienne.fr\/panoramines\/wp-json\/wp\/v2\/tags?post=11482"}],"curies":[{"name":"wp","href":"https:\/\/api.w.org\/{rel}","templated":true}]}}